{"id":1031,"date":"2015-12-15T18:11:20","date_gmt":"2015-12-15T18:11:20","guid":{"rendered":"http:\/\/www.apdha.org\/cadiz\/?p=1031"},"modified":"2017-09-03T17:30:25","modified_gmt":"2017-09-03T17:30:25","slug":"en-primera-persona-del-verbo-amar","status":"publish","type":"post","link":"https:\/\/www.apdha.org\/cadiz\/en-primera-persona-del-verbo-amar\/","title":{"rendered":"En primera persona (del verbo Amar)"},"content":{"rendered":"<p>De V\u00edctor\u00a0Amar<strong>*<\/strong>.<\/p>\n<p>\u201c<em>La educaci\u00f3n tendr\u00e1 por objeto el pleno desarrollo de la <\/em><br \/>\n<em>personalidad humana y el fortalecimiento del respeto <\/em><br \/>\n<em>a los derechos humanos y a las libertades fundamentales; <\/em><br \/>\n<em>favorecer\u00e1 la comprensi\u00f3n, la tolerancia y la amistad entre <\/em><br \/>\n<em>todas las naciones y todos los grupos \u00e9tnicos y religiosos; <\/em><br \/>\n<em>y promover\u00e1 el desarrollo de las actividades de las <\/em><br \/>\n<em>Naciones Unidas para el mantenimiento de la paz<\/em>\u201d<br \/>\n(Declaraci\u00f3n Universal de los Derechos Humanos, art\u00edculo 26)<\/p>\n<p>Me llamo V\u00edctor (y, en mi caso, soy la primera persona del verbo Amar, porque yo amo). No es una broma, soy y me llamo: V\u00edctor Amar. Y, desde hace tiempo, ten\u00eda intenci\u00f3n de compartir algunas reflexiones sobre los derechos humanos: la comunicaci\u00f3n, la democracia, los hombres por la igualdad o la educaci\u00f3n. Y me dije, sin abandonar el presentismo, por qu\u00e9 no mezclarlo todo. Pues en la vida todo se da y se mezcla sin esa indisposici\u00f3n que nos ofrece la marcada disciplinariedad. Pues bien, para hablar de m\u00ed, en mi primera persona, y de los asuntos que me conmueven, considero pertinente hacerlo desde una perspectiva autobiogr\u00e1fica; con el prop\u00f3sito de hacerlo en primer\u00edsima persona.<br \/>\nSi dijera que me ocupo de los derechos humanos, as\u00ed como los derechos a la educaci\u00f3n, es decir de la buena educaci\u00f3n, no ser\u00eda una presunci\u00f3n. Si dijera que me preocupo, tal vez, el entusiasmo me llegar\u00eda a ofuscar en el posible an\u00e1lisis. Pero, probablemente, hace falta una conjunci\u00f3n de ambas consideraciones. Ocupaci\u00f3n y preocupaci\u00f3n. Ocuparse es natural, del mismo modo que preocuparse. Por ello, perm\u00edtaseme que as\u00ed lo haga. Los derechos humanos son inalienables y una utop\u00eda, quiz\u00e1s, como la de alcanzar una buena educaci\u00f3n. No vale aquello que se presenta y que al parecer se incentiva con nuevas propuestas, de una educaci\u00f3n sin\u00f3nimo de instrucci\u00f3n y memoria, adem\u00e1s de mantener un claro objetivo: el de adoctrinar y dirigir. La educaci\u00f3n, si la tuviese que definir e incluir en el marco de los derechos humanos, ser\u00eda aquello que nos vale para la vida, para ser buenas personas, para ser, pues eso, persona. En democracia, no s\u00f3lo hemos de utilizar el derecho a decidir cada determinado tiempo, har\u00eda falta una democracia que tambi\u00e9n \u2018invadiera\u2019 aquel espacio educativo, y nos referimos a cualquier espacio educativo, para que sea participativo, que las decisiones se tomen de modo consensuado, que se permita la entrada de los familiares y que, por ejemplo, la escuela saliera a la calle. Que haya un poco de educaci\u00f3n no formal en la formal, y viceversa. E, igualmente, se habla mucho y bien de las comunidades de aprendizaje&#8230; Pero se podr\u00eda tambi\u00e9n hablar de las comunidades de indagaci\u00f3n, donde la ense\u00f1anza y el aprendizaje sean una acci\u00f3n, una recreaci\u00f3n y una reacci\u00f3n, donde el alumnado est\u00e9 dispuesto y disponible para averiguar, tambi\u00e9n equivoc\u00e1ndose, donde no se le eval\u00fae solo por los errores, sino por los aciertos&#8230;Donde el discurrir y el preguntarse no sean motivos de etiquetas de innovaci\u00f3n sino el fruto de una din\u00e1mica de cambio en continua construcci\u00f3n.<br \/>\nMe entusiasma la comunicaci\u00f3n. Y, en este sentido, la perspectiva educomunicativa me parece seductora. Hay que saber comunicar. La comunicaci\u00f3n es un ejercicio de participaci\u00f3n y, de nuevo, lo enlazo con el derecho a la educaci\u00f3n (y por extensi\u00f3n con los derechos humanos). Sin comunicaci\u00f3n no hay aprendizaje por descubrimiento. Nada se presenta para comprender y apenas estamos capacitados para defender nuestros criterios o argumentos, a seguir reflexionando o analizando; en definitiva, a evolucionar. Sin la educomunicaci\u00f3n perpetuamos el silencio, que se premia en el aula, omitimos y callamos por temor. La educomunicaci\u00f3n puede llegar a ser la manifestaci\u00f3n p\u00fablica de lo aprendido, una herramienta de lo que deseo aprender o bien el acicate para decirle a mis compa\u00f1eras y compa\u00f1eros: aprendamos juntos\/as.<br \/>\n<a href=\"http:\/\/www.apdha.org\/cadiz\/wp-content\/uploads\/educacion_igualdad_oportunidades.jpg\"><img class=\"alignleft size-medium wp-image-1034\" src=\"http:\/\/www.apdha.org\/cadiz\/wp-content\/uploads\/educacion_igualdad_oportunidades-300x300.jpg\" alt=\"educacion_igualdad_oportunidades\" width=\"300\" height=\"300\" srcset=\"https:\/\/www.apdha.org\/cadiz\/wp-content\/uploads\/educacion_igualdad_oportunidades-300x300.jpg 300w, https:\/\/www.apdha.org\/cadiz\/wp-content\/uploads\/educacion_igualdad_oportunidades-150x150.jpg 150w, https:\/\/www.apdha.org\/cadiz\/wp-content\/uploads\/educacion_igualdad_oportunidades.jpg 500w\" sizes=\"(max-width: 300px) 100vw, 300px\" \/><\/a>Y en el marco de lo contempor\u00e1neo, donde nos desenvolvemos, propios y ajenos, la educaci\u00f3n para la igualdad no es una asignatura pendiente, es la asignatura transversal. O sea, aquella que promover\u00eda el cambio de los contenidos instrumentales por los transversales. Es decir, que las matem\u00e1ticas, por ejemplo, tan importantes como dicen que son para la vida, se consideren materia transversal y que la educaci\u00f3n para la igualdad sea la asignatura que suponga la nota de corte para acceder a cualquier carrera, formaci\u00f3n o trabajo; de forma que sea valorada y evaluada.<br \/>\nClaro est\u00e1 que tendr\u00eda una cantidad de contenidos que conectar\u00eda con la realidad que nos circunda. Por ejemplo, aprender\u00edamos de manera dialogada sobre la nueva masculinidad, el neomachismo, los micromachismos, la violencia, la negaci\u00f3n, la dependencia, la homofobia, la afectividad o la sexualidad&#8230; Y todo esto es conocer y mejorar para ser buenas personas. Y todo esto son derechos humanos. Y todo esto es democracia. Y todo esto es educaci\u00f3n. Y todo esto es&#8230;<br \/>\nSin embargo, la pregunta que nos formulamos es: \u00bfpor qu\u00e9 este saber no existe en la educaci\u00f3n reglada? \u00bfCu\u00e1les son las cabezas que deciden por nosotras y nosotros y no se ocupan o preocupan del bienestar, la felicidad o la calidad de la sonrisa de nuestras hijas e hijos; y priorizan que sepan de memoria, persistentemente, determinada tem\u00e1tica curricular? \u00bfA qu\u00e9 estamos contribuyendo?<br \/>\nEn mi nombre NO. Yo, en primera persona (del verbo Amar), prefiero ver a mis hijos\/as felices, que vuelvan sanos y salvo de una salida nocturna, que sepan decir NO y que sean libres para decidir, que sean solidarios y profundamente respetuosos, que sepan empatizar y mirar a los ojos, que aprendan a aprender y a desaprender. Pero, tambi\u00e9n, que vean en la sostenibilidad la soluci\u00f3n del futuro y que no se dejen manipular por los medios de comunicaci\u00f3n, que se equivoquen pero que tengan la capacidad de pedir perd\u00f3n y rectificar&#8230; Que entiendan, de verdad, que la diversidad es natural y real, que nos ha de unir m\u00e1s que separar.<br \/>\nYo, en primera persona (del verbo Amar), no soy perfecto&#8230; Pero sue\u00f1o y suscribo el pensamiento de Paulo Freire: Ojal\u00e1 la utop\u00eda de hoy sea la realidad del ma\u00f1ana\u2026<\/p>\n<p><strong>*<\/strong>Profesor del departamento de did\u00e1ctica. Facultad de educaci\u00f3n. Universidad de C\u00e1diz<\/p>\n","protected":false},"excerpt":{"rendered":"<p>De V\u00edctor\u00a0Amar*. \u201cLa educaci\u00f3n tendr\u00e1 por objeto el pleno desarrollo de la personalidad humana y el fortalecimiento del respeto a los derechos humanos y a las libertades fundamentales; favorecer\u00e1 la comprensi\u00f3n, la tolerancia y la amistad entre todas las naciones y todos los grupos \u00e9tnicos y religiosos; y promover\u00e1 el \u2026<\/p>\n<p class=\"continue-reading-button\"> <a class=\"continue-reading-link\" href=\"https:\/\/www.apdha.org\/cadiz\/en-primera-persona-del-verbo-amar\/\">Seguir Leyendo<i class=\"crycon-right-dir\"><\/i><\/a><\/p>\n<div class='heateorSssClear'><\/div><div  class='heateor_sss_sharing_container heateor_sss_horizontal_sharing' data-heateor-sss-href='https:\/\/www.apdha.org\/cadiz\/en-primera-persona-del-verbo-amar\/'><div class='heateor_sss_sharing_title' style=\"font-weight:bold\" ><\/div><div class=\"heateor_sss_sharing_ul\"><a class=\"heateor_sss_facebook\" href=\"https:\/\/www.facebook.com\/sharer\/sharer.php?u=https%3A%2F%2Fwww.apdha.org%2Fcadiz%2Fen-primera-persona-del-verbo-amar%2F\" title=\"Facebook\" rel=\"nofollow noopener\" target=\"_blank\" style=\"font-size:32px!important;box-shadow:none;display:inline-block;vertical-align:middle\"><span class=\"heateor_sss_svg\" style=\"background-color:#3c589a;width:35px;height:35px;border-radius:999px;display:inline-block;opacity:1;float:left;font-size:32px;box-shadow:none;display:inline-block;font-size:16px;padding:0 4px;vertical-align:middle;background-repeat:repeat;overflow:hidden;padding:0;cursor:pointer;box-sizing:content-box\"><svg style=\"display:block;border-radius:999px;\" focusable=\"false\" aria-hidden=\"true\" xmlns=\"http:\/\/www.w3.org\/2000\/svg\" width=\"100%\" height=\"100%\" viewBox=\"-5 -5 42 42\"><path d=\"M17.78 27.5V17.008h3.522l.527-4.09h-4.05v-2.61c0-1.182.33-1.99 2.023-1.99h2.166V4.66c-.375-.05-1.66-.16-3.155-.16-3.123 0-5.26 1.905-5.26 5.405v3.016h-3.53v4.09h3.53V27.5h4.223z\" fill=\"#fff\"><\/path><\/svg><\/span><\/a><a class=\"heateor_sss_button_twitter\" href=\"http:\/\/twitter.com\/intent\/tweet?text=En%20primera%20persona%20%28del%20verbo%20Amar%29&url=https%3A%2F%2Fwww.apdha.org%2Fcadiz%2Fen-primera-persona-del-verbo-amar%2F\" title=\"Twitter\" rel=\"nofollow noopener\" target=\"_blank\" style=\"font-size:32px!important;box-shadow:none;display:inline-block;vertical-align:middle\"><span class=\"heateor_sss_svg heateor_sss_s__default heateor_sss_s_twitter\" style=\"background-color:#55acee;width:35px;height:35px;border-radius:999px;display:inline-block;opacity:1;float:left;font-size:32px;box-shadow:none;display:inline-block;font-size:16px;padding:0 4px;vertical-align:middle;background-repeat:repeat;overflow:hidden;padding:0;cursor:pointer;box-sizing:content-box\"><svg style=\"display:block;border-radius:999px;\" focusable=\"false\" aria-hidden=\"true\" xmlns=\"http:\/\/www.w3.org\/2000\/svg\" width=\"100%\" height=\"100%\" viewBox=\"-4 -4 39 39\"><path d=\"M28 8.557a9.913 9.913 0 0 1-2.828.775 4.93 4.93 0 0 0 2.166-2.725 9.738 9.738 0 0 1-3.13 1.194 4.92 4.92 0 0 0-3.593-1.55 4.924 4.924 0 0 0-4.794 6.049c-4.09-.21-7.72-2.17-10.15-5.15a4.942 4.942 0 0 0-.665 2.477c0 1.71.87 3.214 2.19 4.1a4.968 4.968 0 0 1-2.23-.616v.06c0 2.39 1.7 4.38 3.952 4.83-.414.115-.85.174-1.297.174-.318 0-.626-.03-.928-.086a4.935 4.935 0 0 0 4.6 3.42 9.893 9.893 0 0 1-6.114 2.107c-.398 0-.79-.023-1.175-.068a13.953 13.953 0 0 0 7.55 2.213c9.056 0 14.01-7.507 14.01-14.013 0-.213-.005-.426-.015-.637.96-.695 1.795-1.56 2.455-2.55z\" fill=\"#fff\"><\/path><\/svg><\/span><\/a><a class=\"heateor_sss_button_instagram\" href=\"https:\/\/www.instagram.com\/\" title=\"Instagram\" rel=\"nofollow noopener\" target=\"_blank\" style=\"font-size:32px!important;box-shadow:none;display:inline-block;vertical-align:middle\"><span class=\"heateor_sss_svg\" style=\"background-color:#53beee;width:35px;height:35px;border-radius:999px;display:inline-block;opacity:1;float:left;font-size:32px;box-shadow:none;display:inline-block;font-size:16px;padding:0 4px;vertical-align:middle;background-repeat:repeat;overflow:hidden;padding:0;cursor:pointer;box-sizing:content-box\"><svg style=\"display:block;border-radius:999px;\" version=\"1.1\" viewBox=\"-10 -10 148 148\" width=\"100%\" height=\"100%\" xml:space=\"preserve\" xmlns=\"http:\/\/www.w3.org\/2000\/svg\" xmlns:xlink=\"http:\/\/www.w3.org\/1999\/xlink\"><g><g><path d=\"M86,112H42c-14.336,0-26-11.663-26-26V42c0-14.337,11.664-26,26-26h44c14.337,0,26,11.663,26,26v44 C112,100.337,100.337,112,86,112z M42,24c-9.925,0-18,8.074-18,18v44c0,9.925,8.075,18,18,18h44c9.926,0,18-8.075,18-18V42 c0-9.926-8.074-18-18-18H42z\" fill=\"#fff\"><\/path><\/g><g><path d=\"M64,88c-13.234,0-24-10.767-24-24c0-13.234,10.766-24,24-24s24,10.766,24,24C88,77.233,77.234,88,64,88z M64,48c-8.822,0-16,7.178-16,16s7.178,16,16,16c8.822,0,16-7.178,16-16S72.822,48,64,48z\" fill=\"#fff\"><\/path><\/g><g><circle cx=\"89.5\" cy=\"38.5\" fill=\"#fff\" r=\"5.5\"><\/circle><\/g><\/g><\/svg><\/span><\/a><a class=\"heateor_sss_whatsapp\" href=\"https:\/\/api.whatsapp.com\/send?text=En%20primera%20persona%20%28del%20verbo%20Amar%29 https%3A%2F%2Fwww.apdha.org%2Fcadiz%2Fen-primera-persona-del-verbo-amar%2F\" title=\"Whatsapp\" rel=\"nofollow noopener\" target=\"_blank\" style=\"font-size:32px!important;box-shadow:none;display:inline-block;vertical-align:middle\"><span class=\"heateor_sss_svg\" style=\"background-color:#55eb4c;width:35px;height:35px;border-radius:999px;display:inline-block;opacity:1;float:left;font-size:32px;box-shadow:none;display:inline-block;font-size:16px;padding:0 4px;vertical-align:middle;background-repeat:repeat;overflow:hidden;padding:0;cursor:pointer;box-sizing:content-box\"><svg style=\"display:block;border-radius:999px;\" focusable=\"false\" aria-hidden=\"true\" xmlns=\"http:\/\/www.w3.org\/2000\/svg\" width=\"100%\" height=\"100%\" viewBox=\"-6 -5 40 40\"><path class=\"heateor_sss_svg_stroke heateor_sss_no_fill\" stroke=\"#fff\" stroke-width=\"2\" fill=\"none\" d=\"M 11.579798566743314 24.396926207859085 A 10 10 0 1 0 6.808479557110079 20.73576436351046\"><\/path><path d=\"M 7 19 l -1 6 l 6 -1\" class=\"heateor_sss_no_fill heateor_sss_svg_stroke\" stroke=\"#fff\" stroke-width=\"2\" fill=\"none\"><\/path><path d=\"M 10 10 q -1 8 8 11 c 5 -1 0 -6 -1 -3 q -4 -3 -5 -5 c 4 -2 -1 -5 -1 -4\" fill=\"#fff\"><\/path><\/svg><\/span><\/a><a class=\"heateor_sss_button_copy_link\" title=\"Copy Link\" rel=\"nofollow noopener\" href=\"https:\/\/www.apdha.org\/cadiz\/en-primera-persona-del-verbo-amar\/\" onclick=\"event.preventDefault()\" style=\"font-size:32px!important;box-shadow:none;display:inline-block;vertical-align:middle\"><span class=\"heateor_sss_svg heateor_sss_s__default heateor_sss_s_copy_link\" style=\"background-color:#ffc112;width:35px;height:35px;border-radius:999px;display:inline-block;opacity:1;float:left;font-size:32px;box-shadow:none;display:inline-block;font-size:16px;padding:0 4px;vertical-align:middle;background-repeat:repeat;overflow:hidden;padding:0;cursor:pointer;box-sizing:content-box\"><svg style=\"display:block;border-radius:999px;\" focusable=\"false\" aria-hidden=\"true\" xmlns=\"http:\/\/www.w3.org\/2000\/svg\" width=\"100%\" height=\"100%\" viewBox=\"-4 -4 40 40\"><path fill=\"#fff\" d=\"M24.412 21.177c0-.36-.126-.665-.377-.917l-2.804-2.804a1.235 1.235 0 0 0-.913-.378c-.377 0-.7.144-.97.43.026.028.11.11.255.25.144.14.24.236.29.29s.117.14.2.256c.087.117.146.232.177.344.03.112.046.236.046.37 0 .36-.126.666-.377.918a1.25 1.25 0 0 1-.918.377 1.4 1.4 0 0 1-.373-.047 1.062 1.062 0 0 1-.345-.175 2.268 2.268 0 0 1-.256-.2 6.815 6.815 0 0 1-.29-.29c-.14-.142-.223-.23-.25-.254-.297.28-.445.607-.445.984 0 .36.126.664.377.916l2.778 2.79c.243.243.548.364.917.364.36 0 .665-.118.917-.35l1.982-1.97c.252-.25.378-.55.378-.9zm-9.477-9.504c0-.36-.126-.665-.377-.917l-2.777-2.79a1.235 1.235 0 0 0-.913-.378c-.35 0-.656.12-.917.364L7.967 9.92c-.254.252-.38.553-.38.903 0 .36.126.665.38.917l2.802 2.804c.242.243.547.364.916.364.377 0 .7-.14.97-.418-.026-.027-.11-.11-.255-.25s-.24-.235-.29-.29a2.675 2.675 0 0 1-.2-.255 1.052 1.052 0 0 1-.176-.344 1.396 1.396 0 0 1-.047-.37c0-.36.126-.662.377-.914.252-.252.557-.377.917-.377.136 0 .26.015.37.046.114.03.23.09.346.175.117.085.202.153.256.2.054.05.15.148.29.29.14.146.222.23.25.258.294-.278.442-.606.442-.983zM27 21.177c0 1.078-.382 1.99-1.146 2.736l-1.982 1.968c-.745.75-1.658 1.12-2.736 1.12-1.087 0-2.004-.38-2.75-1.143l-2.777-2.79c-.75-.747-1.12-1.66-1.12-2.737 0-1.106.392-2.046 1.183-2.818l-1.186-1.185c-.774.79-1.708 1.186-2.805 1.186-1.078 0-1.995-.376-2.75-1.13l-2.803-2.81C5.377 12.82 5 11.903 5 10.826c0-1.08.382-1.993 1.146-2.738L8.128 6.12C8.873 5.372 9.785 5 10.864 5c1.087 0 2.004.382 2.75 1.146l2.777 2.79c.75.747 1.12 1.66 1.12 2.737 0 1.105-.392 2.045-1.183 2.817l1.186 1.186c.774-.79 1.708-1.186 2.805-1.186 1.078 0 1.995.377 2.75 1.132l2.804 2.804c.754.755 1.13 1.672 1.13 2.75z\"\/><\/svg><\/span><\/a><a class=\"heateor_sss_button_telegram\" href=\"https:\/\/telegram.me\/share\/url?url=https%3A%2F%2Fwww.apdha.org%2Fcadiz%2Fen-primera-persona-del-verbo-amar%2F&text=En%20primera%20persona%20%28del%20verbo%20Amar%29\" title=\"Telegram\" rel=\"nofollow noopener\" target=\"_blank\" style=\"font-size:32px!important;box-shadow:none;display:inline-block;vertical-align:middle\"><span class=\"heateor_sss_svg heateor_sss_s__default heateor_sss_s_telegram\" style=\"background-color:#3da5f1;width:35px;height:35px;border-radius:999px;display:inline-block;opacity:1;float:left;font-size:32px;box-shadow:none;display:inline-block;font-size:16px;padding:0 4px;vertical-align:middle;background-repeat:repeat;overflow:hidden;padding:0;cursor:pointer;box-sizing:content-box\"><svg style=\"display:block;border-radius:999px;\" focusable=\"false\" aria-hidden=\"true\" xmlns=\"http:\/\/www.w3.org\/2000\/svg\" width=\"100%\" height=\"100%\" viewBox=\"0 0 32 32\"><path fill=\"#fff\" d=\"M25.515 6.896L6.027 14.41c-1.33.534-1.322 1.276-.243 1.606l5 1.56 1.72 5.66c.226.625.115.873.77.873.506 0 .73-.235 1.012-.51l2.43-2.363 5.056 3.734c.93.514 1.602.25 1.834-.863l3.32-15.638c.338-1.363-.52-1.98-1.41-1.577z\"><\/path><\/svg><\/span><\/a><\/div><div class=\"heateorSssClear\"><\/div><\/div><div class='heateorSssClear'><\/div><div class='heateor_sss_sharing_container heateor_sss_vertical_sharing heateor_sss_bottom_sharing' style='width:37px;right: -10px;top: 100px;-webkit-box-shadow:none;box-shadow:none;' data-heateor-sss-href='https:\/\/www.apdha.org\/cadiz\/wp-json\/wp\/v2\/posts\/1031'><div class=\"heateor_sss_sharing_ul\"><a class=\"heateor_sss_facebook\" href=\"https:\/\/www.facebook.com\/sharer\/sharer.php?u=https%3A%2F%2Fwww.apdha.org%2Fcadiz%2Fwp-json%2Fwp%2Fv2%2Fposts%2F1031\" title=\"Facebook\" rel=\"nofollow noopener\" target=\"_blank\" style=\"font-size:32px!important;box-shadow:none;display:inline-block;vertical-align:middle\"><span class=\"heateor_sss_svg\" style=\"background-color:#3c589a;width:33px;height:33px;border-radius:999px;display:inline-block;opacity:1;float:left;font-size:32px;box-shadow:none;display:inline-block;font-size:16px;padding:0 4px;vertical-align:middle;background-repeat:repeat;overflow:hidden;padding:0;cursor:pointer;box-sizing:content-box\"><svg style=\"display:block;border-radius:999px;\" focusable=\"false\" aria-hidden=\"true\" xmlns=\"http:\/\/www.w3.org\/2000\/svg\" width=\"100%\" height=\"100%\" viewBox=\"-5 -5 42 42\"><path d=\"M17.78 27.5V17.008h3.522l.527-4.09h-4.05v-2.61c0-1.182.33-1.99 2.023-1.99h2.166V4.66c-.375-.05-1.66-.16-3.155-.16-3.123 0-5.26 1.905-5.26 5.405v3.016h-3.53v4.09h3.53V27.5h4.223z\" fill=\"#fff\"><\/path><\/svg><\/span><\/a><a class=\"heateor_sss_button_twitter\" href=\"http:\/\/twitter.com\/intent\/tweet?text=Asociaci%C3%B3n%20Pro%20Derechos%20Humanos%20de%20Andaluc%C3%ADa%20-%20APDHA%20Delegaci%C3%B3n%20de%20C%C3%A1diz&url=https%3A%2F%2Fwww.apdha.org%2Fcadiz%2Fwp-json%2Fwp%2Fv2%2Fposts%2F1031\" title=\"Twitter\" rel=\"nofollow noopener\" target=\"_blank\" style=\"font-size:32px!important;box-shadow:none;display:inline-block;vertical-align:middle\"><span class=\"heateor_sss_svg heateor_sss_s__default heateor_sss_s_twitter\" style=\"background-color:#55acee;width:33px;height:33px;border-radius:999px;display:inline-block;opacity:1;float:left;font-size:32px;box-shadow:none;display:inline-block;font-size:16px;padding:0 4px;vertical-align:middle;background-repeat:repeat;overflow:hidden;padding:0;cursor:pointer;box-sizing:content-box\"><svg style=\"display:block;border-radius:999px;\" focusable=\"false\" aria-hidden=\"true\" xmlns=\"http:\/\/www.w3.org\/2000\/svg\" width=\"100%\" height=\"100%\" viewBox=\"-4 -4 39 39\"><path d=\"M28 8.557a9.913 9.913 0 0 1-2.828.775 4.93 4.93 0 0 0 2.166-2.725 9.738 9.738 0 0 1-3.13 1.194 4.92 4.92 0 0 0-3.593-1.55 4.924 4.924 0 0 0-4.794 6.049c-4.09-.21-7.72-2.17-10.15-5.15a4.942 4.942 0 0 0-.665 2.477c0 1.71.87 3.214 2.19 4.1a4.968 4.968 0 0 1-2.23-.616v.06c0 2.39 1.7 4.38 3.952 4.83-.414.115-.85.174-1.297.174-.318 0-.626-.03-.928-.086a4.935 4.935 0 0 0 4.6 3.42 9.893 9.893 0 0 1-6.114 2.107c-.398 0-.79-.023-1.175-.068a13.953 13.953 0 0 0 7.55 2.213c9.056 0 14.01-7.507 14.01-14.013 0-.213-.005-.426-.015-.637.96-.695 1.795-1.56 2.455-2.55z\" fill=\"#fff\"><\/path><\/svg><\/span><\/a><a class=\"heateor_sss_whatsapp\" href=\"https:\/\/api.whatsapp.com\/send?text=Asociaci%C3%B3n%20Pro%20Derechos%20Humanos%20de%20Andaluc%C3%ADa%20-%20APDHA%20Delegaci%C3%B3n%20de%20C%C3%A1diz https%3A%2F%2Fwww.apdha.org%2Fcadiz%2Fwp-json%2Fwp%2Fv2%2Fposts%2F1031\" title=\"Whatsapp\" rel=\"nofollow noopener\" target=\"_blank\" style=\"font-size:32px!important;box-shadow:none;display:inline-block;vertical-align:middle\"><span class=\"heateor_sss_svg\" style=\"background-color:#55eb4c;width:33px;height:33px;border-radius:999px;display:inline-block;opacity:1;float:left;font-size:32px;box-shadow:none;display:inline-block;font-size:16px;padding:0 4px;vertical-align:middle;background-repeat:repeat;overflow:hidden;padding:0;cursor:pointer;box-sizing:content-box\"><svg style=\"display:block;border-radius:999px;\" focusable=\"false\" aria-hidden=\"true\" xmlns=\"http:\/\/www.w3.org\/2000\/svg\" width=\"100%\" height=\"100%\" viewBox=\"-6 -5 40 40\"><path class=\"heateor_sss_svg_stroke heateor_sss_no_fill\" stroke=\"#fff\" stroke-width=\"2\" fill=\"none\" d=\"M 11.579798566743314 24.396926207859085 A 10 10 0 1 0 6.808479557110079 20.73576436351046\"><\/path><path d=\"M 7 19 l -1 6 l 6 -1\" class=\"heateor_sss_no_fill heateor_sss_svg_stroke\" stroke=\"#fff\" stroke-width=\"2\" fill=\"none\"><\/path><path d=\"M 10 10 q -1 8 8 11 c 5 -1 0 -6 -1 -3 q -4 -3 -5 -5 c 4 -2 -1 -5 -1 -4\" fill=\"#fff\"><\/path><\/svg><\/span><\/a><a class=\"heateor_sss_button_copy_link\" title=\"Copy Link\" rel=\"nofollow noopener\" href=\"https:\/\/www.apdha.org\/cadiz\/wp-json\/wp\/v2\/posts\/1031\" onclick=\"event.preventDefault()\" style=\"font-size:32px!important;box-shadow:none;display:inline-block;vertical-align:middle\"><span class=\"heateor_sss_svg heateor_sss_s__default heateor_sss_s_copy_link\" style=\"background-color:#ffc112;width:33px;height:33px;border-radius:999px;display:inline-block;opacity:1;float:left;font-size:32px;box-shadow:none;display:inline-block;font-size:16px;padding:0 4px;vertical-align:middle;background-repeat:repeat;overflow:hidden;padding:0;cursor:pointer;box-sizing:content-box\"><svg style=\"display:block;border-radius:999px;\" focusable=\"false\" aria-hidden=\"true\" xmlns=\"http:\/\/www.w3.org\/2000\/svg\" width=\"100%\" height=\"100%\" viewBox=\"-4 -4 40 40\"><path fill=\"#fff\" d=\"M24.412 21.177c0-.36-.126-.665-.377-.917l-2.804-2.804a1.235 1.235 0 0 0-.913-.378c-.377 0-.7.144-.97.43.026.028.11.11.255.25.144.14.24.236.29.29s.117.14.2.256c.087.117.146.232.177.344.03.112.046.236.046.37 0 .36-.126.666-.377.918a1.25 1.25 0 0 1-.918.377 1.4 1.4 0 0 1-.373-.047 1.062 1.062 0 0 1-.345-.175 2.268 2.268 0 0 1-.256-.2 6.815 6.815 0 0 1-.29-.29c-.14-.142-.223-.23-.25-.254-.297.28-.445.607-.445.984 0 .36.126.664.377.916l2.778 2.79c.243.243.548.364.917.364.36 0 .665-.118.917-.35l1.982-1.97c.252-.25.378-.55.378-.9zm-9.477-9.504c0-.36-.126-.665-.377-.917l-2.777-2.79a1.235 1.235 0 0 0-.913-.378c-.35 0-.656.12-.917.364L7.967 9.92c-.254.252-.38.553-.38.903 0 .36.126.665.38.917l2.802 2.804c.242.243.547.364.916.364.377 0 .7-.14.97-.418-.026-.027-.11-.11-.255-.25s-.24-.235-.29-.29a2.675 2.675 0 0 1-.2-.255 1.052 1.052 0 0 1-.176-.344 1.396 1.396 0 0 1-.047-.37c0-.36.126-.662.377-.914.252-.252.557-.377.917-.377.136 0 .26.015.37.046.114.03.23.09.346.175.117.085.202.153.256.2.054.05.15.148.29.29.14.146.222.23.25.258.294-.278.442-.606.442-.983zM27 21.177c0 1.078-.382 1.99-1.146 2.736l-1.982 1.968c-.745.75-1.658 1.12-2.736 1.12-1.087 0-2.004-.38-2.75-1.143l-2.777-2.79c-.75-.747-1.12-1.66-1.12-2.737 0-1.106.392-2.046 1.183-2.818l-1.186-1.185c-.774.79-1.708 1.186-2.805 1.186-1.078 0-1.995-.376-2.75-1.13l-2.803-2.81C5.377 12.82 5 11.903 5 10.826c0-1.08.382-1.993 1.146-2.738L8.128 6.12C8.873 5.372 9.785 5 10.864 5c1.087 0 2.004.382 2.75 1.146l2.777 2.79c.75.747 1.12 1.66 1.12 2.737 0 1.105-.392 2.045-1.183 2.817l1.186 1.186c.774-.79 1.708-1.186 2.805-1.186 1.078 0 1.995.377 2.75 1.132l2.804 2.804c.754.755 1.13 1.672 1.13 2.75z\"\/><\/svg><\/span><\/a><a class=\"heateor_sss_button_instagram\" href=\"https:\/\/www.instagram.com\/\" title=\"Instagram\" rel=\"nofollow noopener\" target=\"_blank\" style=\"font-size:32px!important;box-shadow:none;display:inline-block;vertical-align:middle\"><span class=\"heateor_sss_svg\" style=\"background-color:#53beee;width:33px;height:33px;border-radius:999px;display:inline-block;opacity:1;float:left;font-size:32px;box-shadow:none;display:inline-block;font-size:16px;padding:0 4px;vertical-align:middle;background-repeat:repeat;overflow:hidden;padding:0;cursor:pointer;box-sizing:content-box\"><svg style=\"display:block;border-radius:999px;\" version=\"1.1\" viewBox=\"-10 -10 148 148\" width=\"100%\" height=\"100%\" xml:space=\"preserve\" xmlns=\"http:\/\/www.w3.org\/2000\/svg\" xmlns:xlink=\"http:\/\/www.w3.org\/1999\/xlink\"><g><g><path d=\"M86,112H42c-14.336,0-26-11.663-26-26V42c0-14.337,11.664-26,26-26h44c14.337,0,26,11.663,26,26v44 C112,100.337,100.337,112,86,112z M42,24c-9.925,0-18,8.074-18,18v44c0,9.925,8.075,18,18,18h44c9.926,0,18-8.075,18-18V42 c0-9.926-8.074-18-18-18H42z\" fill=\"#fff\"><\/path><\/g><g><path d=\"M64,88c-13.234,0-24-10.767-24-24c0-13.234,10.766-24,24-24s24,10.766,24,24C88,77.233,77.234,88,64,88z M64,48c-8.822,0-16,7.178-16,16s7.178,16,16,16c8.822,0,16-7.178,16-16S72.822,48,64,48z\" fill=\"#fff\"><\/path><\/g><g><circle cx=\"89.5\" cy=\"38.5\" fill=\"#fff\" r=\"5.5\"><\/circle><\/g><\/g><\/svg><\/span><\/a><a class=\"heateor_sss_button_telegram\" href=\"https:\/\/telegram.me\/share\/url?url=https%3A%2F%2Fwww.apdha.org%2Fcadiz%2Fwp-json%2Fwp%2Fv2%2Fposts%2F1031&text=Asociaci%C3%B3n%20Pro%20Derechos%20Humanos%20de%20Andaluc%C3%ADa%20-%20APDHA%20Delegaci%C3%B3n%20de%20C%C3%A1diz\" title=\"Telegram\" rel=\"nofollow noopener\" target=\"_blank\" style=\"font-size:32px!important;box-shadow:none;display:inline-block;vertical-align:middle\"><span class=\"heateor_sss_svg heateor_sss_s__default heateor_sss_s_telegram\" style=\"background-color:#3da5f1;width:33px;height:33px;border-radius:999px;display:inline-block;opacity:1;float:left;font-size:32px;box-shadow:none;display:inline-block;font-size:16px;padding:0 4px;vertical-align:middle;background-repeat:repeat;overflow:hidden;padding:0;cursor:pointer;box-sizing:content-box\"><svg style=\"display:block;border-radius:999px;\" focusable=\"false\" aria-hidden=\"true\" xmlns=\"http:\/\/www.w3.org\/2000\/svg\" width=\"100%\" height=\"100%\" viewBox=\"0 0 32 32\"><path fill=\"#fff\" d=\"M25.515 6.896L6.027 14.41c-1.33.534-1.322 1.276-.243 1.606l5 1.56 1.72 5.66c.226.625.115.873.77.873.506 0 .73-.235 1.012-.51l2.43-2.363 5.056 3.734c.93.514 1.602.25 1.834-.863l3.32-15.638c.338-1.363-.52-1.98-1.41-1.577z\"><\/path><\/svg><\/span><\/a><\/div><div class=\"heateorSssClear\"><\/div><\/div>","protected":false},"author":1,"featured_media":1035,"comment_status":"closed","ping_status":"open","sticky":false,"template":"","format":"standard","meta":[],"categories":[294,293,16],"tags":[174],"_links":{"self":[{"href":"https:\/\/www.apdha.org\/cadiz\/wp-json\/wp\/v2\/posts\/1031"}],"collection":[{"href":"https:\/\/www.apdha.org\/cadiz\/wp-json\/wp\/v2\/posts"}],"about":[{"href":"https:\/\/www.apdha.org\/cadiz\/wp-json\/wp\/v2\/types\/post"}],"author":[{"embeddable":true,"href":"https:\/\/www.apdha.org\/cadiz\/wp-json\/wp\/v2\/users\/1"}],"replies":[{"embeddable":true,"href":"https:\/\/www.apdha.org\/cadiz\/wp-json\/wp\/v2\/comments?post=1031"}],"version-history":[{"count":1,"href":"https:\/\/www.apdha.org\/cadiz\/wp-json\/wp\/v2\/posts\/1031\/revisions"}],"predecessor-version":[{"id":1036,"href":"https:\/\/www.apdha.org\/cadiz\/wp-json\/wp\/v2\/posts\/1031\/revisions\/1036"}],"wp:featuredmedia":[{"embeddable":true,"href":"https:\/\/www.apdha.org\/cadiz\/wp-json\/wp\/v2\/media\/1035"}],"wp:attachment":[{"href":"https:\/\/www.apdha.org\/cadiz\/wp-json\/wp\/v2\/media?parent=1031"}],"wp:term":[{"taxonomy":"category","embeddable":true,"href":"https:\/\/www.apdha.org\/cadiz\/wp-json\/wp\/v2\/categories?post=1031"},{"taxonomy":"post_tag","embeddable":true,"href":"https:\/\/www.apdha.org\/cadiz\/wp-json\/wp\/v2\/tags?post=1031"}],"curies":[{"name":"wp","href":"https:\/\/api.w.org\/{rel}","templated":true}]}}