{"id":1182,"date":"2016-02-26T07:12:05","date_gmt":"2016-02-26T07:12:05","guid":{"rendered":"http:\/\/www.apdha.org\/cadiz\/?p=1182"},"modified":"2017-09-11T14:45:54","modified_gmt":"2017-09-11T14:45:54","slug":"la-union-europea-en-guerra-contra-migrantes-y-refugiados","status":"publish","type":"post","link":"https:\/\/www.apdha.org\/cadiz\/la-union-europea-en-guerra-contra-migrantes-y-refugiados\/","title":{"rendered":"La Uni\u00f3n Europea en Guerra contra Migrantes y Refugiados"},"content":{"rendered":"<h1 style=\"text-align: left;\"><strong>Manifiesto C\u00e1diz de convocatoria el 27 de febrero por los derechos de las personas refugiadas \u00a0(ver abajo lista de organizaciones adheridas a la marcha).<\/strong><\/h1>\n<p style=\"text-align: justify;\">Hace pocos d\u00edas se cumpli\u00f3 el segundo aniversario de la tr\u00e1gica muerte de 15 personas cuando intentaban entrar en Ceuta a nado vadeando las alambradas de El Tarajal.<\/p>\n<p style=\"text-align: justify;\">Una tragedia qu<img class=\"alignleft  wp-image-1162\" src=\"http:\/\/www.apdha.org\/cadiz\/wp-content\/uploads\/Cartel-Manifa.web_.jpg\" alt=\"Cartel Manifa.web\" width=\"245\" height=\"347\" srcset=\"https:\/\/www.apdha.org\/cadiz\/wp-content\/uploads\/Cartel-Manifa.web_.jpg 595w, https:\/\/www.apdha.org\/cadiz\/wp-content\/uploads\/Cartel-Manifa.web_-212x300.jpg 212w, https:\/\/www.apdha.org\/cadiz\/wp-content\/uploads\/Cartel-Manifa.web_-106x150.jpg 106w\" sizes=\"(max-width: 245px) 100vw, 245px\" \/>e en gran medida fue provocada por los disparos de material antidisturbios por parte de la Guardia Civil, pero siguen sin asumirse responsabilidades judiciales ni pol\u00edticas. Los que tuvieron una gran responsabilidad en la muerte de aquellas personas siguen en sus cargos impunemente. Es como si la tragedia del Tarajal en 2013 marcara un rumbo a seguir por toda la Uni\u00f3n Europea.<\/p>\n<p style=\"text-align: justify;\">En efecto, estamos viendo con horror el trato que la Uni\u00f3n Europea est\u00e1 dando a las personas que intentan llegar a suelo europeo.<\/p>\n<p style=\"text-align: justify;\">Seg\u00fan la Organizaci\u00f3n Internacional de las Migraciones (OIM), casi un mill\u00f3n de personas migrantes y refugiadas entraron a Europa desde \u00c1frica y Oriente Medio a trav\u00e9s de rutas terrestres o mar\u00edtimas en 2015.<\/p>\n<p style=\"text-align: justify;\">De los 160.000 refugiados que Europa acord\u00f3 acoger en octubre, cuatro meses despu\u00e9s s\u00f3lo han conseguido reubicar a 414, de ellos 18 en Espa\u00f1a: no es s\u00f3lo una insensibilidad monstruosa, es adem\u00e1s la puesta en marcha de pol\u00edticas inhumanas contra las personas que huyen de la guerra o buscan vivir con dignidad. Hungr\u00eda eleva alambradas similares a las de Ceuta y Melilla y con las mismas concertinas fabricadas en M\u00e1laga. El Consejo de Ministros de la UE contempla convertir en delito la ayuda a refugiados y migrantes que intentan alcanzar las costas \u00a0europeas, criminalizando la solidaridad. El Gobierno de Austria repatriar\u00e1 a 50.000 solicitantes de asilo en tres a\u00f1os. Dinamarca va a incautar los objetos de valor y el dinero de los refugiados.<\/p>\n<p style=\"text-align: justify;\">Seg\u00fan la OIM, en el a\u00f1o 2015 han muerto m\u00e1s de 3.700 personas intentando llegar a Europa. La Agencia de la ONU para los Refugiados (ACNUR) por su parte, ha informado de que en el mar Egeo, s\u00f3lo en este pasado enero, han muerto 309 personas, muchos de ellos peque\u00f1os como Aylan.<\/p>\n<p style=\"text-align: justify;\">Llenos de espanto le\u00edmos la noticia de que Europol estimaba en 10.000 los menores refugiados que se hab\u00edan perdido en Europa. \u00bfQu\u00e9 hubiera pasado si se hubieran perdido tan s\u00f3lo unos cientos de ni\u00f1os alemanes o espa\u00f1oles? \u00bfNo hubiera sido absolutamente insoportable?<\/p>\n<p style=\"text-align: justify;\">Se trata de una vuelta de tuerca que justamente muchos califican de \u201cguerra contra inmigrantes y refugiados\u201d. Es decir, una persecuci\u00f3n por todos los medios, sin respetar procedimientos legales, con el \u00fanico objetivo de detener una supuesta \u201cavalancha\u201d.\u00a0Por si alguna duda quedase de este car\u00e1cter,\u00a0 la OTAN se plantea involucrarse en el control de la inmigraci\u00f3n en el mar Egeo. Se trata as\u00ed\u00a0 de un \u201cEstado de excepci\u00f3n permanente\u201d que socava los valores democr\u00e1ticos y de derechos humanos sobre los que se quer\u00eda construir Europa.<\/p>\n<p style=\"text-align: justify;\">La respuesta a la crisis de los refugiados est\u00e1 tirando al mar lo que quedaba de proyecto europeo. Los que ha naufragado son los derechos humanos, pero no s\u00f3lo de los refugiados, sino que est\u00e1 naufragando la Europa respetuosa y garante de los derechos c\u00edvicos. Cada vez m\u00e1s, s\u00f3lo va quedando una Europa enrocada en sus miedos, una Europa de racismo, xenofobia y exclusi\u00f3n. Una Europa al servicio de los negocios y los capitales, abjurando de sus proclamados valores y avanzando tenazmente hacia el abismo al que se aboca el proyecto de espacio de paz, justicia y libertad.<\/p>\n<p style=\"text-align: justify;\">En un momento tan triste y tan grave como el que estamos viviendo, asistiendo con verg\u00fcenza y horror al trato dado a inmigrantes y refugiados por parte de la UE y del Gobierno de Espa\u00f1a, junto a mucha gente en toda Europa, nos concentramos aqu\u00ed, ante\u00a0 un Gobierno que se niega a cumplir su obligaci\u00f3n moral y legal de proteger y acoger a migrantes y refugiados. Nos concentramos aqu\u00ed para solidarizarnos con las v\u00edctimas de la sinraz\u00f3n europea, para denunciar la impunidad, para denunciar una pol\u00edtica de muerte y racismo, para denunciar a una Europa fortaleza enrocada en el rechazo y la xenofobia.<\/p>\n<p style=\"text-align: justify;\">Nos gustar\u00eda sentirnos orgullosos de Europa. Pero esta Europa nos averg\u00fcenza. Queremos otra Europa. Una Europa de brazos y puertas abiertas al servicio de las personas y de los pueblos.<\/p>\n<h1 style=\"text-align: justify;\"><strong>Lista de las 75 organizaciones adheridas a la marcha hasta el momento<\/strong><\/h1>\n<div class=\"\" data-block=\"true\" data-offset-key=\"o6uu-0-0\">\n<div class=\"_1mf _1mj\" data-offset-key=\"o6uu-0-0\"><span data-offset-key=\"o6uu-0-0\"><span data-text=\"true\">&#8211; ADICAE<\/span><\/span><\/div>\n<\/div>\n<div class=\"\" data-block=\"true\" data-offset-key=\"9dpim-0-0\">\n<div class=\"_1mf _1mj\" data-offset-key=\"9dpim-0-0\"><span data-offset-key=\"9dpim-0-0\"><span data-text=\"true\">&#8211; AEMCA<\/span><\/span><\/div>\n<\/div>\n<div class=\"\" data-block=\"true\" data-offset-key=\"bsa6a-0-0\">\n<div class=\"_1mf _1mj\" data-offset-key=\"bsa6a-0-0\"><span data-offset-key=\"bsa6a-0-0\"><span data-text=\"true\">&#8211; AGADEN<\/span><\/span><\/div>\n<\/div>\n<div class=\"\" data-block=\"true\" data-offset-key=\"ctcr0-0-0\">\n<div class=\"_1mf _1mj\" data-offset-key=\"ctcr0-0-0\"><span data-offset-key=\"ctcr0-0-0\"><span data-text=\"true\">&#8211; Amnist\u00eda Internacional<\/span><\/span><\/div>\n<\/div>\n<div class=\"\" data-block=\"true\" data-offset-key=\"feeg0-0-0\">\n<div class=\"_1mf _1mj\" data-offset-key=\"feeg0-0-0\"><span data-offset-key=\"feeg0-0-0\"><span data-text=\"true\">&#8211; Asamblea Feminista de C\u00e1diz<\/span><\/span><\/div>\n<\/div>\n<div class=\"\" data-block=\"true\" data-offset-key=\"4vian-0-0\">\n<div class=\"_1mf _1mj\" data-offset-key=\"4vian-0-0\"><span data-offset-key=\"4vian-0-0\"><span data-text=\"true\">&#8211; Asamblea Popular Lu\u00eds P\u00e9rez (San Mateo) del 15M<\/span><\/span><\/div>\n<\/div>\n<div class=\"\" data-block=\"true\" data-offset-key=\"84og4-0-0\">\n<div class=\"_1mf _1mj\" data-offset-key=\"84og4-0-0\"><span data-offset-key=\"84og4-0-0\"><span data-text=\"true\">&#8211; Asociaci\u00f3n Alendoy<\/span><\/span><\/div>\n<\/div>\n<div class=\"\" data-block=\"true\" data-offset-key=\"eg3qo-0-0\">\n<div class=\"_1mf _1mj\" data-offset-key=\"eg3qo-0-0\"><span data-offset-key=\"eg3qo-0-0\"><span data-text=\"true\">&#8211; Asociaci\u00f3n Altos de la Bah\u00eda<\/span><\/span><\/div>\n<\/div>\n<div class=\"\" data-block=\"true\" data-offset-key=\"f8k6i-0-0\">\n<div class=\"_1mf _1mj\" data-offset-key=\"f8k6i-0-0\"><span data-offset-key=\"f8k6i-0-0\"><span data-text=\"true\">&#8211; Asociaci\u00f3n Amazonas<\/span><\/span><\/div>\n<\/div>\n<div class=\"\" data-block=\"true\" data-offset-key=\"1kdss-0-0\">\n<div class=\"_1mf _1mj\" data-offset-key=\"1kdss-0-0\"><span data-offset-key=\"1kdss-0-0\"><span data-text=\"true\">&#8211; Asociaci\u00f3n Amigas al Sur<\/span><\/span><\/div>\n<\/div>\n<div class=\"\" data-block=\"true\" data-offset-key=\"91me7-0-0\">\n<div class=\"_1mf _1mj\" data-offset-key=\"91me7-0-0\"><span data-offset-key=\"91me7-0-0\"><span data-text=\"true\">&#8211; Asociaci\u00f3n Amigos de Fermin Salvochea<\/span><\/span><\/div>\n<\/div>\n<div class=\"\" data-block=\"true\" data-offset-key=\"9kt0n-0-0\">\n<div class=\"_1mf _1mj\" data-offset-key=\"9kt0n-0-0\"><span data-offset-key=\"9kt0n-0-0\"><span data-text=\"true\">&#8211; Asociaci\u00f3n ASISTA<\/span><\/span><\/div>\n<\/div>\n<div class=\"\" data-block=\"true\" data-offset-key=\"3rcf6-0-0\">\n<div class=\"_1mf _1mj\" data-offset-key=\"3rcf6-0-0\"><span data-offset-key=\"3rcf6-0-0\"><span data-text=\"true\">&#8211; Asociaci\u00f3n Calor en la Noche<\/span><\/span><\/div>\n<\/div>\n<div class=\"\" data-block=\"true\" data-offset-key=\"528am-0-0\">\n<div class=\"_1mf _1mj\" data-offset-key=\"528am-0-0\"><span data-offset-key=\"528am-0-0\"><span data-text=\"true\">&#8211; Asociaci\u00f3n Cardijn<\/span><\/span><\/div>\n<\/div>\n<div class=\"\" data-block=\"true\" data-offset-key=\"eei53-0-0\">\n<div class=\"_1mf _1mj\" data-offset-key=\"eei53-0-0\"><span data-offset-key=\"eei53-0-0\"><span data-text=\"true\">&#8211; Asociaci\u00f3n Defensa Sanidad P\u00fablica &#8211; ADSP<\/span><\/span><\/div>\n<\/div>\n<div class=\"\" data-block=\"true\" data-offset-key=\"2egen-0-0\">\n<div class=\"_1mf _1mj\" data-offset-key=\"2egen-0-0\"><span data-offset-key=\"2egen-0-0\"><span data-text=\"true\">&#8211; Asociaci\u00f3n Derechos Humanos &#8211; APDHA<\/span><\/span><\/div>\n<\/div>\n<div class=\"\" data-block=\"true\" data-offset-key=\"e73uc-0-0\">\n<div class=\"_1mf _1mj\" data-offset-key=\"e73uc-0-0\"><span data-offset-key=\"e73uc-0-0\"><span data-text=\"true\">&#8211; Asociaci\u00f3n Educadores de Nuestro Barrio<\/span><\/span><\/div>\n<\/div>\n<div class=\"\" data-block=\"true\" data-offset-key=\"eofhp-0-0\">\n<div class=\"_1mf _1mj\" data-offset-key=\"eofhp-0-0\"><span data-offset-key=\"eofhp-0-0\"><span data-text=\"true\">&#8211; Asociaci\u00f3n Espa\u00f1ola de Graduados sociales progresistas<\/span><\/span><\/div>\n<\/div>\n<div class=\"\" data-block=\"true\" data-offset-key=\"bafh9-0-0\">\n<div class=\"_1mf _1mj\" data-offset-key=\"bafh9-0-0\"><span data-offset-key=\"bafh9-0-0\"><span data-text=\"true\">&#8211; Asociaci\u00f3n Feminista K\u00f3digo Malva<\/span><\/span><\/div>\n<\/div>\n<div class=\"\" data-block=\"true\" data-offset-key=\"1b8l2-0-0\">\n<div class=\"_1mf _1mj\" data-offset-key=\"1b8l2-0-0\"><span data-offset-key=\"1b8l2-0-0\"><span data-text=\"true\">&#8211; Asociaci\u00f3n Intercultural de Mujeres \u00abArco Iris\u00bb<\/span><\/span><\/div>\n<\/div>\n<div class=\"\" data-block=\"true\" data-offset-key=\"ciuc2-0-0\">\n<div class=\"_1mf _1mj\" data-offset-key=\"ciuc2-0-0\"><span data-offset-key=\"ciuc2-0-0\"><span data-text=\"true\">&#8211; Asociaci\u00f3n Mujeres de Acero<\/span><\/span><\/div>\n<\/div>\n<div class=\"\" data-block=\"true\" data-offset-key=\"arsb5-0-0\">\n<div class=\"_1mf _1mj\" data-offset-key=\"arsb5-0-0\"><span data-offset-key=\"arsb5-0-0\"><span data-text=\"true\">&#8211; Asociaci\u00f3n Mujeres del Mundo Conil<\/span><\/span><\/div>\n<\/div>\n<div class=\"\" data-block=\"true\" data-offset-key=\"dluuu-0-0\">\n<div class=\"_1mf _1mj\" data-offset-key=\"dluuu-0-0\"><span data-offset-key=\"dluuu-0-0\"><span data-text=\"true\">&#8211; Asociaci\u00f3n Mujeres \u00abLos Geranios\u00bb<\/span><\/span><\/div>\n<\/div>\n<div class=\"\" data-block=\"true\" data-offset-key=\"ejd53-0-0\">\n<div class=\"_1mf _1mj\" data-offset-key=\"ejd53-0-0\"><span data-offset-key=\"ejd53-0-0\"><span data-text=\"true\">&#8211; Asociaci\u00f3n Nivel<\/span><\/span><\/div>\n<\/div>\n<div class=\"\" data-block=\"true\" data-offset-key=\"dv5gg-0-0\">\n<div class=\"_1mf _1mj\" data-offset-key=\"dv5gg-0-0\"><span data-offset-key=\"dv5gg-0-0\"><span data-text=\"true\">&#8211; Asociaci\u00f3n Profesionales Feministas de C\u00e1diz<\/span><\/span><\/div>\n<\/div>\n<div class=\"\" data-block=\"true\" data-offset-key=\"5dftu-0-0\">\n<div class=\"_1mf _1mj\" data-offset-key=\"5dftu-0-0\"><span data-offset-key=\"5dftu-0-0\"><span data-text=\"true\">&#8211; Asociaci\u00f3n Solidaridad pueblo saharaui AMAL ESPERANZA<\/span><\/span><\/div>\n<\/div>\n<div class=\"\" data-block=\"true\" data-offset-key=\"br5cr-0-0\">\n<div class=\"_1mf _1mj\" data-offset-key=\"br5cr-0-0\"><span data-offset-key=\"br5cr-0-0\"><span data-text=\"true\">&#8211; Asociaci\u00f3n Vecinos C\u00e1diz Centro<\/span><\/span><\/div>\n<\/div>\n<div class=\"\" data-block=\"true\" data-offset-key=\"4nop5-0-0\">\n<div class=\"_1mf _1mj\" data-offset-key=\"4nop5-0-0\"><span data-offset-key=\"4nop5-0-0\"><span data-text=\"true\">&#8211; Asociaci\u00f3n Yanapakuna<\/span><\/span><\/div>\n<\/div>\n<div class=\"\" data-block=\"true\" data-offset-key=\"e3cg1-0-0\">\n<div class=\"_1mf _1mj\" data-offset-key=\"e3cg1-0-0\"><span data-offset-key=\"e3cg1-0-0\"><span data-text=\"true\">&#8211; Ateneo Republicano de Puerto Real<\/span><\/span><\/div>\n<\/div>\n<div class=\"\" data-block=\"true\" data-offset-key=\"bmn6q-0-0\">\n<div class=\"_1mf _1mj\" data-offset-key=\"bmn6q-0-0\"><span data-offset-key=\"bmn6q-0-0\"><span data-text=\"true\">&#8211; CEAR<\/span><\/span><\/div>\n<\/div>\n<div class=\"\" data-block=\"true\" data-offset-key=\"ef7r4-0-0\">\n<div class=\"_1mf _1mj\" data-offset-key=\"ef7r4-0-0\"><span data-offset-key=\"ef7r4-0-0\"><span data-text=\"true\">&#8211; Centro Social Polivalente Mujer Gades<\/span><\/span><\/div>\n<\/div>\n<div class=\"\" data-block=\"true\" data-offset-key=\"37nau-0-0\">\n<div class=\"_1mf _1mj\" data-offset-key=\"37nau-0-0\"><span data-offset-key=\"37nau-0-0\"><span data-text=\"true\">&#8211; Ciudadanos Ayuntamiento de C\u00e1diz<\/span><\/span><\/div>\n<\/div>\n<div class=\"\" data-block=\"true\" data-offset-key=\"fdbsb-0-0\">\n<div class=\"_1mf _1mj\" data-offset-key=\"fdbsb-0-0\"><span data-offset-key=\"fdbsb-0-0\"><span data-text=\"true\">&#8211; CGT<\/span><\/span><\/div>\n<\/div>\n<div class=\"\" data-block=\"true\" data-offset-key=\"eetjj-0-0\">\n<div class=\"_1mf _1mj\" data-offset-key=\"eetjj-0-0\"><span data-offset-key=\"eetjj-0-0\"><span data-text=\"true\">&#8211; CNT-AIT<\/span><\/span><\/div>\n<\/div>\n<div class=\"\" data-block=\"true\" data-offset-key=\"fp4ee-0-0\">\n<div class=\"_1mf _1mj\" data-offset-key=\"fp4ee-0-0\"><span data-offset-key=\"fp4ee-0-0\"><span data-text=\"true\">&#8211; Colectivo CEPA<\/span><\/span><\/div>\n<\/div>\n<div class=\"\" data-block=\"true\" data-offset-key=\"6nut4-0-0\">\n<div class=\"_1mf _1mj\" data-offset-key=\"6nut4-0-0\"><span data-offset-key=\"6nut4-0-0\"><span data-text=\"true\">&#8211; Colegio Oficial de Trabajo Social<\/span><\/span><\/div>\n<\/div>\n<div class=\"\" data-block=\"true\" data-offset-key=\"4qli2-0-0\">\n<div class=\"_1mf _1mj\" data-offset-key=\"4qli2-0-0\"><span data-offset-key=\"4qli2-0-0\"><span data-text=\"true\">&#8211; Comisi\u00f3n Diocesana de Justicia y Paz<\/span><\/span><\/div>\n<\/div>\n<div class=\"\" data-block=\"true\" data-offset-key=\"dpafb-0-0\">\n<div class=\"_1mf _1mj\" data-offset-key=\"dpafb-0-0\"><span data-offset-key=\"dpafb-0-0\"><span data-text=\"true\">&#8211; Comisiones Obreras<\/span><\/span><\/div>\n<\/div>\n<div class=\"\" data-block=\"true\" data-offset-key=\"1np0o-0-0\">\n<div class=\"_1mf _1mj\" data-offset-key=\"1np0o-0-0\"><span data-offset-key=\"1np0o-0-0\"><span data-text=\"true\">&#8211; Comit\u00e9 Oscar Romero<\/span><\/span><\/div>\n<\/div>\n<div class=\"\" data-block=\"true\" data-offset-key=\"91bbg-0-0\">\n<div class=\"_1mf _1mj\" data-offset-key=\"91bbg-0-0\"><span data-offset-key=\"91bbg-0-0\"><span data-text=\"true\">&#8211; Comunidad Compasionista de C\u00e1diz<\/span><\/span><\/div>\n<\/div>\n<div class=\"\" data-block=\"true\" data-offset-key=\"800jq-0-0\">\n<div class=\"_1mf _1mj\" data-offset-key=\"800jq-0-0\"><span data-offset-key=\"800jq-0-0\"><span data-text=\"true\">&#8211; Comunidad Vedruna de Puerto Real &#8211; Cantarrana<\/span><\/span><\/div>\n<\/div>\n<div class=\"\" data-block=\"true\" data-offset-key=\"b9acb-0-0\">\n<div class=\"_1mf _1mj\" data-offset-key=\"b9acb-0-0\"><span data-offset-key=\"b9acb-0-0\"><span data-text=\"true\">&#8211; Comunidad Vida Cristiana -CVX- de Jerez<\/span><\/span><\/div>\n<\/div>\n<div class=\"\" data-block=\"true\" data-offset-key=\"fjlal-0-0\">\n<div class=\"_1mf _1mj\" data-offset-key=\"fjlal-0-0\"><span data-offset-key=\"fjlal-0-0\"><span data-text=\"true\">&#8211; Coordinadora de ONGD de la provincia de C\u00e1diz<\/span><\/span><\/div>\n<\/div>\n<div class=\"\" data-block=\"true\" data-offset-key=\"ciebj-0-0\">\n<div class=\"_1mf _1mj\" data-offset-key=\"ciebj-0-0\"><span data-offset-key=\"ciebj-0-0\"><span data-text=\"true\">&#8211; Ecologistas en Acci\u00f3n<\/span><\/span><\/div>\n<\/div>\n<div class=\"\" data-block=\"true\" data-offset-key=\"52efi-0-0\">\n<div class=\"_1mf _1mj\" data-offset-key=\"52efi-0-0\"><span data-offset-key=\"52efi-0-0\"><span data-text=\"true\">&#8211; Entreculturas<\/span><\/span><\/div>\n<\/div>\n<div class=\"\" data-block=\"true\" data-offset-key=\"b7mnv-0-0\">\n<div class=\"_1mf _1mj\" data-offset-key=\"b7mnv-0-0\"><span data-offset-key=\"b7mnv-0-0\"><span data-text=\"true\">&#8211; EQUO<\/span><\/span><\/div>\n<\/div>\n<div class=\"\" data-block=\"true\" data-offset-key=\"fk13k-0-0\">\n<div class=\"_1mf _1mj\" data-offset-key=\"fk13k-0-0\"><span data-offset-key=\"fk13k-0-0\"><span data-text=\"true\">&#8211; FACUA<\/span><\/span><\/div>\n<\/div>\n<div class=\"\" data-block=\"true\" data-offset-key=\"bechh-0-0\">\n<div class=\"_1mf _1mj\" data-offset-key=\"bechh-0-0\"><span data-offset-key=\"bechh-0-0\"><span data-text=\"true\">&#8211; FAECTA<\/span><\/span><\/div>\n<\/div>\n<div class=\"\" data-block=\"true\" data-offset-key=\"agh7v-0-0\">\n<div class=\"_1mf _1mj\" data-offset-key=\"agh7v-0-0\"><span data-offset-key=\"agh7v-0-0\"><span data-text=\"true\">&#8211; Familias solidarias &#8211; Caravana por la Paz<\/span><\/span><\/div>\n<\/div>\n<div class=\"\" data-block=\"true\" data-offset-key=\"1f7l5-0-0\">\n<div class=\"_1mf _1mj\" data-offset-key=\"1f7l5-0-0\"><span data-offset-key=\"1f7l5-0-0\"><span data-text=\"true\">&#8211; Federaci\u00f3n de AA.VV. \u00ab5 de abril\u00bb<\/span><\/span><\/div>\n<\/div>\n<div class=\"\" data-block=\"true\" data-offset-key=\"8gbpf-0-0\">\n<div class=\"_1mf _1mj\" data-offset-key=\"8gbpf-0-0\"><span data-offset-key=\"8gbpf-0-0\"><span data-text=\"true\">&#8211; Foro Social Portuense<\/span><\/span><\/div>\n<\/div>\n<div class=\"\" data-block=\"true\" data-offset-key=\"69caf-0-0\">\n<div class=\"_1mf _1mj\" data-offset-key=\"69caf-0-0\"><span data-offset-key=\"69caf-0-0\"><span data-text=\"true\">&#8211; Fundaci\u00f3n Centro Tierra de Todos<\/span><\/span><\/div>\n<\/div>\n<div class=\"\" data-block=\"true\" data-offset-key=\"cv1aj-0-0\">\n<div class=\"_1mf _1mj\" data-offset-key=\"cv1aj-0-0\"><span data-offset-key=\"cv1aj-0-0\"><span data-text=\"true\">&#8211; Fundaci\u00f3n Construyendo Futuro<\/span><\/span><\/div>\n<\/div>\n<div class=\"\" data-block=\"true\" data-offset-key=\"a9mfs-0-0\">\n<div class=\"_1mf _1mj\" data-offset-key=\"a9mfs-0-0\"><span data-offset-key=\"a9mfs-0-0\"><span data-text=\"true\">&#8211; Ganar C\u00e1diz en Com\u00fan<\/span><\/span><\/div>\n<\/div>\n<div class=\"\" data-block=\"true\" data-offset-key=\"68l9m-0-0\">\n<div class=\"_1mf _1mj\" data-offset-key=\"68l9m-0-0\"><span data-offset-key=\"68l9m-0-0\"><span data-text=\"true\">&#8211; Grupo cristiano de reflexi\u00f3n y acci\u00f3n<\/span><\/span><\/div>\n<\/div>\n<div class=\"\" data-block=\"true\" data-offset-key=\"8fo35-0-0\">\n<div class=\"_1mf _1mj\" data-offset-key=\"8fo35-0-0\"><span data-offset-key=\"8fo35-0-0\"><span data-text=\"true\">&#8211; HOAC<\/span><\/span><\/div>\n<\/div>\n<div class=\"\" data-block=\"true\" data-offset-key=\"brmk4-0-0\">\n<div class=\"_1mf _1mj\" data-offset-key=\"brmk4-0-0\"><span data-offset-key=\"brmk4-0-0\"><span data-text=\"true\">&#8211; Izquierda Unida (IU)<\/span><\/span><\/div>\n<\/div>\n<div class=\"\" data-block=\"true\" data-offset-key=\"5a3ba-0-0\">\n<div class=\"_1mf _1mj\" data-offset-key=\"5a3ba-0-0\"><span data-offset-key=\"5a3ba-0-0\"><span data-text=\"true\">&#8211; Liga Gaditana de Educaci\u00f3n<\/span><\/span><\/div>\n<\/div>\n<div class=\"\" data-block=\"true\" data-offset-key=\"4rk86-0-0\">\n<div class=\"_1mf _1mj\" data-offset-key=\"4rk86-0-0\"><span data-offset-key=\"4rk86-0-0\"><span data-text=\"true\">&#8211; Nadie sin Hogar<\/span><\/span><\/div>\n<\/div>\n<div class=\"\" data-block=\"true\" data-offset-key=\"aqd6v-0-0\">\n<div class=\"_1mf _1mj\" data-offset-key=\"aqd6v-0-0\"><span data-offset-key=\"aqd6v-0-0\"><span data-text=\"true\">&#8211; Nueva Juventud de Trille<\/span><\/span><\/div>\n<\/div>\n<div class=\"\" data-block=\"true\" data-offset-key=\"bjg2j-0-0\">\n<div class=\"_1mf _1mj\" data-offset-key=\"bjg2j-0-0\"><span data-offset-key=\"bjg2j-0-0\"><span data-text=\"true\">&#8211; Ojos para la Paz<\/span><\/span><\/div>\n<\/div>\n<div class=\"\" data-block=\"true\" data-offset-key=\"809k9-0-0\">\n<div class=\"_1mf _1mj\" data-offset-key=\"809k9-0-0\"><span data-offset-key=\"809k9-0-0\"><span data-text=\"true\">&#8211; Oxfam &#8211; Intermon<\/span><\/span><\/div>\n<\/div>\n<div class=\"\" data-block=\"true\" data-offset-key=\"aerkk-0-0\">\n<div class=\"_1mf _1mj\" data-offset-key=\"aerkk-0-0\"><span data-offset-key=\"aerkk-0-0\"><span data-text=\"true\">&#8211; Parroquia San Jos\u00e9 Obrero de El Puerto<\/span><\/span><\/div>\n<\/div>\n<div class=\"\" data-block=\"true\" data-offset-key=\"2h1d5-0-0\">\n<div class=\"_1mf _1mj\" data-offset-key=\"2h1d5-0-0\"><span data-offset-key=\"2h1d5-0-0\"><span data-text=\"true\">&#8211; Partido Comunista (PCA)<\/span><\/span><\/div>\n<\/div>\n<div class=\"\" data-block=\"true\" data-offset-key=\"fadmc-0-0\">\n<div class=\"_1mf _1mj\" data-offset-key=\"fadmc-0-0\"><span data-offset-key=\"fadmc-0-0\"><span data-text=\"true\">&#8211; Plan C<\/span><\/span><\/div>\n<\/div>\n<div class=\"\" data-block=\"true\" data-offset-key=\"2ombi-0-0\">\n<div class=\"_1mf _1mj\" data-offset-key=\"2ombi-0-0\"><span data-offset-key=\"2ombi-0-0\"><span data-text=\"true\">&#8211; Plataforma Activista Social<\/span><\/span><\/div>\n<\/div>\n<div class=\"\" data-block=\"true\" data-offset-key=\"afd00-0-0\">\n<div class=\"_1mf _1mj\" data-offset-key=\"afd00-0-0\"><span data-offset-key=\"afd00-0-0\"><span data-text=\"true\">&#8211; Plataforma Afectados por las Hipotecas (PAH)<\/span><\/span><\/div>\n<\/div>\n<div class=\"\" data-block=\"true\" data-offset-key=\"572s8-0-0\">\n<div class=\"_1mf _1mj\" data-offset-key=\"572s8-0-0\"><span data-offset-key=\"572s8-0-0\"><span data-text=\"true\">&#8211; Plataforma Memoria Hist\u00f3rica de C\u00e1diz<\/span><\/span><\/div>\n<\/div>\n<div class=\"\" data-block=\"true\" data-offset-key=\"1bna5-0-0\">\n<div class=\"_1mf _1mj\" data-offset-key=\"1bna5-0-0\"><span data-offset-key=\"1bna5-0-0\"><span data-text=\"true\">&#8211; Plataforma P\u00fablica Alcal\u00e1 del Valle<\/span><\/span><\/div>\n<\/div>\n<div class=\"\" data-block=\"true\" data-offset-key=\"ejsg3-0-0\">\n<div class=\"_1mf _1mj\" data-offset-key=\"ejsg3-0-0\"><span data-offset-key=\"ejsg3-0-0\"><span data-text=\"true\">&#8211; Podemos<\/span><\/span><\/div>\n<\/div>\n<div class=\"\" data-block=\"true\" data-offset-key=\"bfvr1-0-0\">\n<div class=\"_1mf _1mj\" data-offset-key=\"bfvr1-0-0\"><span data-offset-key=\"bfvr1-0-0\"><span data-text=\"true\">&#8211; SAT<\/span><\/span><\/div>\n<\/div>\n<div class=\"\" data-block=\"true\" data-offset-key=\"jrlg-0-0\">\n<div class=\"_1mf _1mj\" data-offset-key=\"jrlg-0-0\"><span data-offset-key=\"jrlg-0-0\"><span data-text=\"true\">&#8211; UGT<\/span><\/span><\/div>\n<\/div>\n<div class=\"\" data-block=\"true\" data-offset-key=\"8loob-0-0\">\n<div class=\"_1mf _1mj\" data-offset-key=\"8loob-0-0\"><span data-offset-key=\"8loob-0-0\"><span data-text=\"true\">&#8211; UJCE<\/span><\/span><\/div>\n<\/div>\n<div class=\"\" data-block=\"true\" data-offset-key=\"c4hdb-0-0\">\n<div class=\"_1mf _1mj\" data-offset-key=\"c4hdb-0-0\"><span data-offset-key=\"c4hdb-0-0\"><span data-text=\"true\">&#8211; USTEA<\/span><\/span><\/div>\n<\/div>\n<div class=\"\" data-block=\"true\" data-offset-key=\"7rmvr-0-0\">\n<div class=\"_1mf _1mj\" data-offset-key=\"7rmvr-0-0\"><span data-offset-key=\"7rmvr-0-0\"><span data-text=\"true\">&#8211; VSF &#8211; Justicia Alimentaria Global<\/span><\/span><\/div>\n<\/div>\n","protected":false},"excerpt":{"rendered":"<p>Manifiesto C\u00e1diz de convocatoria el 27 de febrero por los derechos de las personas refugiadas \u00a0(ver abajo lista de organizaciones adheridas a la marcha). Hace pocos d\u00edas se cumpli\u00f3 el segundo aniversario de la tr\u00e1gica muerte de 15 personas cuando intentaban entrar en Ceuta a nado vadeando las alambradas de \u2026<\/p>\n<p class=\"continue-reading-button\"> <a class=\"continue-reading-link\" href=\"https:\/\/www.apdha.org\/cadiz\/la-union-europea-en-guerra-contra-migrantes-y-refugiados\/\">Seguir Leyendo<i class=\"crycon-right-dir\"><\/i><\/a><\/p>\n<div class='heateorSssClear'><\/div><div  class='heateor_sss_sharing_container heateor_sss_horizontal_sharing' data-heateor-sss-href='https:\/\/www.apdha.org\/cadiz\/la-union-europea-en-guerra-contra-migrantes-y-refugiados\/'><div class='heateor_sss_sharing_title' style=\"font-weight:bold\" ><\/div><div class=\"heateor_sss_sharing_ul\"><a class=\"heateor_sss_facebook\" href=\"https:\/\/www.facebook.com\/sharer\/sharer.php?u=https%3A%2F%2Fwww.apdha.org%2Fcadiz%2Fla-union-europea-en-guerra-contra-migrantes-y-refugiados%2F\" title=\"Facebook\" rel=\"nofollow noopener\" target=\"_blank\" style=\"font-size:32px!important;box-shadow:none;display:inline-block;vertical-align:middle\"><span class=\"heateor_sss_svg\" style=\"background-color:#3c589a;width:35px;height:35px;border-radius:999px;display:inline-block;opacity:1;float:left;font-size:32px;box-shadow:none;display:inline-block;font-size:16px;padding:0 4px;vertical-align:middle;background-repeat:repeat;overflow:hidden;padding:0;cursor:pointer;box-sizing:content-box\"><svg style=\"display:block;border-radius:999px;\" focusable=\"false\" aria-hidden=\"true\" xmlns=\"http:\/\/www.w3.org\/2000\/svg\" width=\"100%\" height=\"100%\" viewBox=\"-5 -5 42 42\"><path d=\"M17.78 27.5V17.008h3.522l.527-4.09h-4.05v-2.61c0-1.182.33-1.99 2.023-1.99h2.166V4.66c-.375-.05-1.66-.16-3.155-.16-3.123 0-5.26 1.905-5.26 5.405v3.016h-3.53v4.09h3.53V27.5h4.223z\" fill=\"#fff\"><\/path><\/svg><\/span><\/a><a class=\"heateor_sss_button_twitter\" href=\"http:\/\/twitter.com\/intent\/tweet?text=La%20Uni%C3%B3n%20Europea%20en%20Guerra%20contra%20Migrantes%20y%20Refugiados&url=https%3A%2F%2Fwww.apdha.org%2Fcadiz%2Fla-union-europea-en-guerra-contra-migrantes-y-refugiados%2F\" title=\"Twitter\" rel=\"nofollow noopener\" target=\"_blank\" style=\"font-size:32px!important;box-shadow:none;display:inline-block;vertical-align:middle\"><span class=\"heateor_sss_svg heateor_sss_s__default heateor_sss_s_twitter\" style=\"background-color:#55acee;width:35px;height:35px;border-radius:999px;display:inline-block;opacity:1;float:left;font-size:32px;box-shadow:none;display:inline-block;font-size:16px;padding:0 4px;vertical-align:middle;background-repeat:repeat;overflow:hidden;padding:0;cursor:pointer;box-sizing:content-box\"><svg style=\"display:block;border-radius:999px;\" focusable=\"false\" aria-hidden=\"true\" xmlns=\"http:\/\/www.w3.org\/2000\/svg\" width=\"100%\" height=\"100%\" viewBox=\"-4 -4 39 39\"><path d=\"M28 8.557a9.913 9.913 0 0 1-2.828.775 4.93 4.93 0 0 0 2.166-2.725 9.738 9.738 0 0 1-3.13 1.194 4.92 4.92 0 0 0-3.593-1.55 4.924 4.924 0 0 0-4.794 6.049c-4.09-.21-7.72-2.17-10.15-5.15a4.942 4.942 0 0 0-.665 2.477c0 1.71.87 3.214 2.19 4.1a4.968 4.968 0 0 1-2.23-.616v.06c0 2.39 1.7 4.38 3.952 4.83-.414.115-.85.174-1.297.174-.318 0-.626-.03-.928-.086a4.935 4.935 0 0 0 4.6 3.42 9.893 9.893 0 0 1-6.114 2.107c-.398 0-.79-.023-1.175-.068a13.953 13.953 0 0 0 7.55 2.213c9.056 0 14.01-7.507 14.01-14.013 0-.213-.005-.426-.015-.637.96-.695 1.795-1.56 2.455-2.55z\" fill=\"#fff\"><\/path><\/svg><\/span><\/a><a class=\"heateor_sss_button_instagram\" href=\"https:\/\/www.instagram.com\/\" title=\"Instagram\" rel=\"nofollow noopener\" target=\"_blank\" style=\"font-size:32px!important;box-shadow:none;display:inline-block;vertical-align:middle\"><span class=\"heateor_sss_svg\" style=\"background-color:#53beee;width:35px;height:35px;border-radius:999px;display:inline-block;opacity:1;float:left;font-size:32px;box-shadow:none;display:inline-block;font-size:16px;padding:0 4px;vertical-align:middle;background-repeat:repeat;overflow:hidden;padding:0;cursor:pointer;box-sizing:content-box\"><svg style=\"display:block;border-radius:999px;\" version=\"1.1\" viewBox=\"-10 -10 148 148\" width=\"100%\" height=\"100%\" xml:space=\"preserve\" xmlns=\"http:\/\/www.w3.org\/2000\/svg\" xmlns:xlink=\"http:\/\/www.w3.org\/1999\/xlink\"><g><g><path d=\"M86,112H42c-14.336,0-26-11.663-26-26V42c0-14.337,11.664-26,26-26h44c14.337,0,26,11.663,26,26v44 C112,100.337,100.337,112,86,112z M42,24c-9.925,0-18,8.074-18,18v44c0,9.925,8.075,18,18,18h44c9.926,0,18-8.075,18-18V42 c0-9.926-8.074-18-18-18H42z\" fill=\"#fff\"><\/path><\/g><g><path d=\"M64,88c-13.234,0-24-10.767-24-24c0-13.234,10.766-24,24-24s24,10.766,24,24C88,77.233,77.234,88,64,88z M64,48c-8.822,0-16,7.178-16,16s7.178,16,16,16c8.822,0,16-7.178,16-16S72.822,48,64,48z\" fill=\"#fff\"><\/path><\/g><g><circle cx=\"89.5\" cy=\"38.5\" fill=\"#fff\" r=\"5.5\"><\/circle><\/g><\/g><\/svg><\/span><\/a><a class=\"heateor_sss_whatsapp\" href=\"https:\/\/api.whatsapp.com\/send?text=La%20Uni%C3%B3n%20Europea%20en%20Guerra%20contra%20Migrantes%20y%20Refugiados https%3A%2F%2Fwww.apdha.org%2Fcadiz%2Fla-union-europea-en-guerra-contra-migrantes-y-refugiados%2F\" title=\"Whatsapp\" rel=\"nofollow noopener\" target=\"_blank\" style=\"font-size:32px!important;box-shadow:none;display:inline-block;vertical-align:middle\"><span class=\"heateor_sss_svg\" style=\"background-color:#55eb4c;width:35px;height:35px;border-radius:999px;display:inline-block;opacity:1;float:left;font-size:32px;box-shadow:none;display:inline-block;font-size:16px;padding:0 4px;vertical-align:middle;background-repeat:repeat;overflow:hidden;padding:0;cursor:pointer;box-sizing:content-box\"><svg style=\"display:block;border-radius:999px;\" focusable=\"false\" aria-hidden=\"true\" xmlns=\"http:\/\/www.w3.org\/2000\/svg\" width=\"100%\" height=\"100%\" viewBox=\"-6 -5 40 40\"><path class=\"heateor_sss_svg_stroke heateor_sss_no_fill\" stroke=\"#fff\" stroke-width=\"2\" fill=\"none\" d=\"M 11.579798566743314 24.396926207859085 A 10 10 0 1 0 6.808479557110079 20.73576436351046\"><\/path><path d=\"M 7 19 l -1 6 l 6 -1\" class=\"heateor_sss_no_fill heateor_sss_svg_stroke\" stroke=\"#fff\" stroke-width=\"2\" fill=\"none\"><\/path><path d=\"M 10 10 q -1 8 8 11 c 5 -1 0 -6 -1 -3 q -4 -3 -5 -5 c 4 -2 -1 -5 -1 -4\" fill=\"#fff\"><\/path><\/svg><\/span><\/a><a class=\"heateor_sss_button_copy_link\" title=\"Copy Link\" rel=\"nofollow noopener\" href=\"https:\/\/www.apdha.org\/cadiz\/la-union-europea-en-guerra-contra-migrantes-y-refugiados\/\" onclick=\"event.preventDefault()\" style=\"font-size:32px!important;box-shadow:none;display:inline-block;vertical-align:middle\"><span class=\"heateor_sss_svg heateor_sss_s__default heateor_sss_s_copy_link\" style=\"background-color:#ffc112;width:35px;height:35px;border-radius:999px;display:inline-block;opacity:1;float:left;font-size:32px;box-shadow:none;display:inline-block;font-size:16px;padding:0 4px;vertical-align:middle;background-repeat:repeat;overflow:hidden;padding:0;cursor:pointer;box-sizing:content-box\"><svg style=\"display:block;border-radius:999px;\" focusable=\"false\" aria-hidden=\"true\" xmlns=\"http:\/\/www.w3.org\/2000\/svg\" width=\"100%\" height=\"100%\" viewBox=\"-4 -4 40 40\"><path fill=\"#fff\" d=\"M24.412 21.177c0-.36-.126-.665-.377-.917l-2.804-2.804a1.235 1.235 0 0 0-.913-.378c-.377 0-.7.144-.97.43.026.028.11.11.255.25.144.14.24.236.29.29s.117.14.2.256c.087.117.146.232.177.344.03.112.046.236.046.37 0 .36-.126.666-.377.918a1.25 1.25 0 0 1-.918.377 1.4 1.4 0 0 1-.373-.047 1.062 1.062 0 0 1-.345-.175 2.268 2.268 0 0 1-.256-.2 6.815 6.815 0 0 1-.29-.29c-.14-.142-.223-.23-.25-.254-.297.28-.445.607-.445.984 0 .36.126.664.377.916l2.778 2.79c.243.243.548.364.917.364.36 0 .665-.118.917-.35l1.982-1.97c.252-.25.378-.55.378-.9zm-9.477-9.504c0-.36-.126-.665-.377-.917l-2.777-2.79a1.235 1.235 0 0 0-.913-.378c-.35 0-.656.12-.917.364L7.967 9.92c-.254.252-.38.553-.38.903 0 .36.126.665.38.917l2.802 2.804c.242.243.547.364.916.364.377 0 .7-.14.97-.418-.026-.027-.11-.11-.255-.25s-.24-.235-.29-.29a2.675 2.675 0 0 1-.2-.255 1.052 1.052 0 0 1-.176-.344 1.396 1.396 0 0 1-.047-.37c0-.36.126-.662.377-.914.252-.252.557-.377.917-.377.136 0 .26.015.37.046.114.03.23.09.346.175.117.085.202.153.256.2.054.05.15.148.29.29.14.146.222.23.25.258.294-.278.442-.606.442-.983zM27 21.177c0 1.078-.382 1.99-1.146 2.736l-1.982 1.968c-.745.75-1.658 1.12-2.736 1.12-1.087 0-2.004-.38-2.75-1.143l-2.777-2.79c-.75-.747-1.12-1.66-1.12-2.737 0-1.106.392-2.046 1.183-2.818l-1.186-1.185c-.774.79-1.708 1.186-2.805 1.186-1.078 0-1.995-.376-2.75-1.13l-2.803-2.81C5.377 12.82 5 11.903 5 10.826c0-1.08.382-1.993 1.146-2.738L8.128 6.12C8.873 5.372 9.785 5 10.864 5c1.087 0 2.004.382 2.75 1.146l2.777 2.79c.75.747 1.12 1.66 1.12 2.737 0 1.105-.392 2.045-1.183 2.817l1.186 1.186c.774-.79 1.708-1.186 2.805-1.186 1.078 0 1.995.377 2.75 1.132l2.804 2.804c.754.755 1.13 1.672 1.13 2.75z\"\/><\/svg><\/span><\/a><a class=\"heateor_sss_button_telegram\" href=\"https:\/\/telegram.me\/share\/url?url=https%3A%2F%2Fwww.apdha.org%2Fcadiz%2Fla-union-europea-en-guerra-contra-migrantes-y-refugiados%2F&text=La%20Uni%C3%B3n%20Europea%20en%20Guerra%20contra%20Migrantes%20y%20Refugiados\" title=\"Telegram\" rel=\"nofollow noopener\" target=\"_blank\" style=\"font-size:32px!important;box-shadow:none;display:inline-block;vertical-align:middle\"><span class=\"heateor_sss_svg heateor_sss_s__default heateor_sss_s_telegram\" style=\"background-color:#3da5f1;width:35px;height:35px;border-radius:999px;display:inline-block;opacity:1;float:left;font-size:32px;box-shadow:none;display:inline-block;font-size:16px;padding:0 4px;vertical-align:middle;background-repeat:repeat;overflow:hidden;padding:0;cursor:pointer;box-sizing:content-box\"><svg style=\"display:block;border-radius:999px;\" focusable=\"false\" aria-hidden=\"true\" xmlns=\"http:\/\/www.w3.org\/2000\/svg\" width=\"100%\" height=\"100%\" viewBox=\"0 0 32 32\"><path fill=\"#fff\" d=\"M25.515 6.896L6.027 14.41c-1.33.534-1.322 1.276-.243 1.606l5 1.56 1.72 5.66c.226.625.115.873.77.873.506 0 .73-.235 1.012-.51l2.43-2.363 5.056 3.734c.93.514 1.602.25 1.834-.863l3.32-15.638c.338-1.363-.52-1.98-1.41-1.577z\"><\/path><\/svg><\/span><\/a><\/div><div class=\"heateorSssClear\"><\/div><\/div><div class='heateorSssClear'><\/div><div class='heateor_sss_sharing_container heateor_sss_vertical_sharing heateor_sss_bottom_sharing' style='width:37px;right: -10px;top: 100px;-webkit-box-shadow:none;box-shadow:none;' data-heateor-sss-href='https:\/\/www.apdha.org\/cadiz\/wp-json\/wp\/v2\/posts\/1182'><div class=\"heateor_sss_sharing_ul\"><a class=\"heateor_sss_facebook\" href=\"https:\/\/www.facebook.com\/sharer\/sharer.php?u=https%3A%2F%2Fwww.apdha.org%2Fcadiz%2Fwp-json%2Fwp%2Fv2%2Fposts%2F1182\" title=\"Facebook\" rel=\"nofollow noopener\" target=\"_blank\" style=\"font-size:32px!important;box-shadow:none;display:inline-block;vertical-align:middle\"><span class=\"heateor_sss_svg\" style=\"background-color:#3c589a;width:33px;height:33px;border-radius:999px;display:inline-block;opacity:1;float:left;font-size:32px;box-shadow:none;display:inline-block;font-size:16px;padding:0 4px;vertical-align:middle;background-repeat:repeat;overflow:hidden;padding:0;cursor:pointer;box-sizing:content-box\"><svg style=\"display:block;border-radius:999px;\" focusable=\"false\" aria-hidden=\"true\" xmlns=\"http:\/\/www.w3.org\/2000\/svg\" width=\"100%\" height=\"100%\" viewBox=\"-5 -5 42 42\"><path d=\"M17.78 27.5V17.008h3.522l.527-4.09h-4.05v-2.61c0-1.182.33-1.99 2.023-1.99h2.166V4.66c-.375-.05-1.66-.16-3.155-.16-3.123 0-5.26 1.905-5.26 5.405v3.016h-3.53v4.09h3.53V27.5h4.223z\" fill=\"#fff\"><\/path><\/svg><\/span><\/a><a class=\"heateor_sss_button_twitter\" href=\"http:\/\/twitter.com\/intent\/tweet?text=Asociaci%C3%B3n%20Pro%20Derechos%20Humanos%20de%20Andaluc%C3%ADa%20-%20APDHA%20Delegaci%C3%B3n%20de%20C%C3%A1diz&url=https%3A%2F%2Fwww.apdha.org%2Fcadiz%2Fwp-json%2Fwp%2Fv2%2Fposts%2F1182\" title=\"Twitter\" rel=\"nofollow noopener\" target=\"_blank\" style=\"font-size:32px!important;box-shadow:none;display:inline-block;vertical-align:middle\"><span class=\"heateor_sss_svg heateor_sss_s__default heateor_sss_s_twitter\" style=\"background-color:#55acee;width:33px;height:33px;border-radius:999px;display:inline-block;opacity:1;float:left;font-size:32px;box-shadow:none;display:inline-block;font-size:16px;padding:0 4px;vertical-align:middle;background-repeat:repeat;overflow:hidden;padding:0;cursor:pointer;box-sizing:content-box\"><svg style=\"display:block;border-radius:999px;\" focusable=\"false\" aria-hidden=\"true\" xmlns=\"http:\/\/www.w3.org\/2000\/svg\" width=\"100%\" height=\"100%\" viewBox=\"-4 -4 39 39\"><path d=\"M28 8.557a9.913 9.913 0 0 1-2.828.775 4.93 4.93 0 0 0 2.166-2.725 9.738 9.738 0 0 1-3.13 1.194 4.92 4.92 0 0 0-3.593-1.55 4.924 4.924 0 0 0-4.794 6.049c-4.09-.21-7.72-2.17-10.15-5.15a4.942 4.942 0 0 0-.665 2.477c0 1.71.87 3.214 2.19 4.1a4.968 4.968 0 0 1-2.23-.616v.06c0 2.39 1.7 4.38 3.952 4.83-.414.115-.85.174-1.297.174-.318 0-.626-.03-.928-.086a4.935 4.935 0 0 0 4.6 3.42 9.893 9.893 0 0 1-6.114 2.107c-.398 0-.79-.023-1.175-.068a13.953 13.953 0 0 0 7.55 2.213c9.056 0 14.01-7.507 14.01-14.013 0-.213-.005-.426-.015-.637.96-.695 1.795-1.56 2.455-2.55z\" fill=\"#fff\"><\/path><\/svg><\/span><\/a><a class=\"heateor_sss_whatsapp\" href=\"https:\/\/api.whatsapp.com\/send?text=Asociaci%C3%B3n%20Pro%20Derechos%20Humanos%20de%20Andaluc%C3%ADa%20-%20APDHA%20Delegaci%C3%B3n%20de%20C%C3%A1diz https%3A%2F%2Fwww.apdha.org%2Fcadiz%2Fwp-json%2Fwp%2Fv2%2Fposts%2F1182\" title=\"Whatsapp\" rel=\"nofollow noopener\" target=\"_blank\" style=\"font-size:32px!important;box-shadow:none;display:inline-block;vertical-align:middle\"><span class=\"heateor_sss_svg\" style=\"background-color:#55eb4c;width:33px;height:33px;border-radius:999px;display:inline-block;opacity:1;float:left;font-size:32px;box-shadow:none;display:inline-block;font-size:16px;padding:0 4px;vertical-align:middle;background-repeat:repeat;overflow:hidden;padding:0;cursor:pointer;box-sizing:content-box\"><svg style=\"display:block;border-radius:999px;\" focusable=\"false\" aria-hidden=\"true\" xmlns=\"http:\/\/www.w3.org\/2000\/svg\" width=\"100%\" height=\"100%\" viewBox=\"-6 -5 40 40\"><path class=\"heateor_sss_svg_stroke heateor_sss_no_fill\" stroke=\"#fff\" stroke-width=\"2\" fill=\"none\" d=\"M 11.579798566743314 24.396926207859085 A 10 10 0 1 0 6.808479557110079 20.73576436351046\"><\/path><path d=\"M 7 19 l -1 6 l 6 -1\" class=\"heateor_sss_no_fill heateor_sss_svg_stroke\" stroke=\"#fff\" stroke-width=\"2\" fill=\"none\"><\/path><path d=\"M 10 10 q -1 8 8 11 c 5 -1 0 -6 -1 -3 q -4 -3 -5 -5 c 4 -2 -1 -5 -1 -4\" fill=\"#fff\"><\/path><\/svg><\/span><\/a><a class=\"heateor_sss_button_copy_link\" title=\"Copy Link\" rel=\"nofollow noopener\" href=\"https:\/\/www.apdha.org\/cadiz\/wp-json\/wp\/v2\/posts\/1182\" onclick=\"event.preventDefault()\" style=\"font-size:32px!important;box-shadow:none;display:inline-block;vertical-align:middle\"><span class=\"heateor_sss_svg heateor_sss_s__default heateor_sss_s_copy_link\" style=\"background-color:#ffc112;width:33px;height:33px;border-radius:999px;display:inline-block;opacity:1;float:left;font-size:32px;box-shadow:none;display:inline-block;font-size:16px;padding:0 4px;vertical-align:middle;background-repeat:repeat;overflow:hidden;padding:0;cursor:pointer;box-sizing:content-box\"><svg style=\"display:block;border-radius:999px;\" focusable=\"false\" aria-hidden=\"true\" xmlns=\"http:\/\/www.w3.org\/2000\/svg\" width=\"100%\" height=\"100%\" viewBox=\"-4 -4 40 40\"><path fill=\"#fff\" d=\"M24.412 21.177c0-.36-.126-.665-.377-.917l-2.804-2.804a1.235 1.235 0 0 0-.913-.378c-.377 0-.7.144-.97.43.026.028.11.11.255.25.144.14.24.236.29.29s.117.14.2.256c.087.117.146.232.177.344.03.112.046.236.046.37 0 .36-.126.666-.377.918a1.25 1.25 0 0 1-.918.377 1.4 1.4 0 0 1-.373-.047 1.062 1.062 0 0 1-.345-.175 2.268 2.268 0 0 1-.256-.2 6.815 6.815 0 0 1-.29-.29c-.14-.142-.223-.23-.25-.254-.297.28-.445.607-.445.984 0 .36.126.664.377.916l2.778 2.79c.243.243.548.364.917.364.36 0 .665-.118.917-.35l1.982-1.97c.252-.25.378-.55.378-.9zm-9.477-9.504c0-.36-.126-.665-.377-.917l-2.777-2.79a1.235 1.235 0 0 0-.913-.378c-.35 0-.656.12-.917.364L7.967 9.92c-.254.252-.38.553-.38.903 0 .36.126.665.38.917l2.802 2.804c.242.243.547.364.916.364.377 0 .7-.14.97-.418-.026-.027-.11-.11-.255-.25s-.24-.235-.29-.29a2.675 2.675 0 0 1-.2-.255 1.052 1.052 0 0 1-.176-.344 1.396 1.396 0 0 1-.047-.37c0-.36.126-.662.377-.914.252-.252.557-.377.917-.377.136 0 .26.015.37.046.114.03.23.09.346.175.117.085.202.153.256.2.054.05.15.148.29.29.14.146.222.23.25.258.294-.278.442-.606.442-.983zM27 21.177c0 1.078-.382 1.99-1.146 2.736l-1.982 1.968c-.745.75-1.658 1.12-2.736 1.12-1.087 0-2.004-.38-2.75-1.143l-2.777-2.79c-.75-.747-1.12-1.66-1.12-2.737 0-1.106.392-2.046 1.183-2.818l-1.186-1.185c-.774.79-1.708 1.186-2.805 1.186-1.078 0-1.995-.376-2.75-1.13l-2.803-2.81C5.377 12.82 5 11.903 5 10.826c0-1.08.382-1.993 1.146-2.738L8.128 6.12C8.873 5.372 9.785 5 10.864 5c1.087 0 2.004.382 2.75 1.146l2.777 2.79c.75.747 1.12 1.66 1.12 2.737 0 1.105-.392 2.045-1.183 2.817l1.186 1.186c.774-.79 1.708-1.186 2.805-1.186 1.078 0 1.995.377 2.75 1.132l2.804 2.804c.754.755 1.13 1.672 1.13 2.75z\"\/><\/svg><\/span><\/a><a class=\"heateor_sss_button_instagram\" href=\"https:\/\/www.instagram.com\/\" title=\"Instagram\" rel=\"nofollow noopener\" target=\"_blank\" style=\"font-size:32px!important;box-shadow:none;display:inline-block;vertical-align:middle\"><span class=\"heateor_sss_svg\" style=\"background-color:#53beee;width:33px;height:33px;border-radius:999px;display:inline-block;opacity:1;float:left;font-size:32px;box-shadow:none;display:inline-block;font-size:16px;padding:0 4px;vertical-align:middle;background-repeat:repeat;overflow:hidden;padding:0;cursor:pointer;box-sizing:content-box\"><svg style=\"display:block;border-radius:999px;\" version=\"1.1\" viewBox=\"-10 -10 148 148\" width=\"100%\" height=\"100%\" xml:space=\"preserve\" xmlns=\"http:\/\/www.w3.org\/2000\/svg\" xmlns:xlink=\"http:\/\/www.w3.org\/1999\/xlink\"><g><g><path d=\"M86,112H42c-14.336,0-26-11.663-26-26V42c0-14.337,11.664-26,26-26h44c14.337,0,26,11.663,26,26v44 C112,100.337,100.337,112,86,112z M42,24c-9.925,0-18,8.074-18,18v44c0,9.925,8.075,18,18,18h44c9.926,0,18-8.075,18-18V42 c0-9.926-8.074-18-18-18H42z\" fill=\"#fff\"><\/path><\/g><g><path d=\"M64,88c-13.234,0-24-10.767-24-24c0-13.234,10.766-24,24-24s24,10.766,24,24C88,77.233,77.234,88,64,88z M64,48c-8.822,0-16,7.178-16,16s7.178,16,16,16c8.822,0,16-7.178,16-16S72.822,48,64,48z\" fill=\"#fff\"><\/path><\/g><g><circle cx=\"89.5\" cy=\"38.5\" fill=\"#fff\" r=\"5.5\"><\/circle><\/g><\/g><\/svg><\/span><\/a><a class=\"heateor_sss_button_telegram\" href=\"https:\/\/telegram.me\/share\/url?url=https%3A%2F%2Fwww.apdha.org%2Fcadiz%2Fwp-json%2Fwp%2Fv2%2Fposts%2F1182&text=Asociaci%C3%B3n%20Pro%20Derechos%20Humanos%20de%20Andaluc%C3%ADa%20-%20APDHA%20Delegaci%C3%B3n%20de%20C%C3%A1diz\" title=\"Telegram\" rel=\"nofollow noopener\" target=\"_blank\" style=\"font-size:32px!important;box-shadow:none;display:inline-block;vertical-align:middle\"><span class=\"heateor_sss_svg heateor_sss_s__default heateor_sss_s_telegram\" style=\"background-color:#3da5f1;width:33px;height:33px;border-radius:999px;display:inline-block;opacity:1;float:left;font-size:32px;box-shadow:none;display:inline-block;font-size:16px;padding:0 4px;vertical-align:middle;background-repeat:repeat;overflow:hidden;padding:0;cursor:pointer;box-sizing:content-box\"><svg style=\"display:block;border-radius:999px;\" focusable=\"false\" aria-hidden=\"true\" xmlns=\"http:\/\/www.w3.org\/2000\/svg\" width=\"100%\" height=\"100%\" viewBox=\"0 0 32 32\"><path fill=\"#fff\" d=\"M25.515 6.896L6.027 14.41c-1.33.534-1.322 1.276-.243 1.606l5 1.56 1.72 5.66c.226.625.115.873.77.873.506 0 .73-.235 1.012-.51l2.43-2.363 5.056 3.734c.93.514 1.602.25 1.834-.863l3.32-15.638c.338-1.363-.52-1.98-1.41-1.577z\"><\/path><\/svg><\/span><\/a><\/div><div class=\"heateorSssClear\"><\/div><\/div>","protected":false},"author":1,"featured_media":1183,"comment_status":"closed","ping_status":"open","sticky":false,"template":"","format":"standard","meta":[],"categories":[2,1,276,279],"tags":[],"_links":{"self":[{"href":"https:\/\/www.apdha.org\/cadiz\/wp-json\/wp\/v2\/posts\/1182"}],"collection":[{"href":"https:\/\/www.apdha.org\/cadiz\/wp-json\/wp\/v2\/posts"}],"about":[{"href":"https:\/\/www.apdha.org\/cadiz\/wp-json\/wp\/v2\/types\/post"}],"author":[{"embeddable":true,"href":"https:\/\/www.apdha.org\/cadiz\/wp-json\/wp\/v2\/users\/1"}],"replies":[{"embeddable":true,"href":"https:\/\/www.apdha.org\/cadiz\/wp-json\/wp\/v2\/comments?post=1182"}],"version-history":[{"count":3,"href":"https:\/\/www.apdha.org\/cadiz\/wp-json\/wp\/v2\/posts\/1182\/revisions"}],"predecessor-version":[{"id":1186,"href":"https:\/\/www.apdha.org\/cadiz\/wp-json\/wp\/v2\/posts\/1182\/revisions\/1186"}],"wp:featuredmedia":[{"embeddable":true,"href":"https:\/\/www.apdha.org\/cadiz\/wp-json\/wp\/v2\/media\/1183"}],"wp:attachment":[{"href":"https:\/\/www.apdha.org\/cadiz\/wp-json\/wp\/v2\/media?parent=1182"}],"wp:term":[{"taxonomy":"category","embeddable":true,"href":"https:\/\/www.apdha.org\/cadiz\/wp-json\/wp\/v2\/categories?post=1182"},{"taxonomy":"post_tag","embeddable":true,"href":"https:\/\/www.apdha.org\/cadiz\/wp-json\/wp\/v2\/tags?post=1182"}],"curies":[{"name":"wp","href":"https:\/\/api.w.org\/{rel}","templated":true}]}}