{"id":1194,"date":"2016-03-06T10:20:53","date_gmt":"2016-03-06T10:20:53","guid":{"rendered":"http:\/\/www.apdha.org\/cadiz\/?p=1194"},"modified":"2017-09-11T14:46:45","modified_gmt":"2017-09-11T14:46:45","slug":"asesinan-a-bertha-caceres-dirigente-campesina-de-honduras","status":"publish","type":"post","link":"https:\/\/www.apdha.org\/cadiz\/asesinan-a-bertha-caceres-dirigente-campesina-de-honduras\/","title":{"rendered":"Asesinan a Bertha C\u00e1ceres dirigente campesina de Honduras"},"content":{"rendered":"<p><center><\/p>\n<table width=\"85%\" align=\"center\" bgcolor=\"#ffffff\">\n<tbody>\n<tr>\n<td><a href=\"http:\/\/www.derechos.org\/nizkor\/\"><img src=\"http:\/\/www.derechos.org\/nizkor\/imgmail\/logonizkor.gif\" alt=\"Equipo Nizkor\" width=\"186\" height=\"60\" align=\"left\" border=\"0\" \/><\/a><\/td>\n<td align=\"right\"><span style=\"color: #000099; font-family: tahoma; font-size: small;\"><b>Informaci\u00f3n<br \/>\nDerechos Ind\u00edgenas<\/b><\/span><\/td>\n<\/tr>\n<tr valign=\"top\">\n<td colspan=\"2\">\n<p style=\"text-align: left;\" align=\"right\"><span style=\"color: #0000ff;\"><b><span style=\"font-family: tahoma;\">Asesinan a Bertha C\u00e1ceres, coordinadora del Consejo Ind\u00edgena de Organizaciones Populares de Honduras<\/span><span style=\"font-family: arial;\"><span style=\"font-size: xx-small; line-height: 13.5px;\">\u00a0&#8211;\u00a0<\/span><\/span><span style=\"font-family: tahoma;\">03mar16<\/span><\/b><\/span><\/p>\n<p align=\"right\">Un amplio dossier recogido por Equipo Nizkor sobre el asesinato de Bertha C\u00e1ceres<\/p>\n<\/td>\n<\/tr>\n<\/tbody>\n<\/table>\n<p><\/center><\/p>\n<table style=\"height: 10631px;\" width=\"683\" align=\"center\" bgcolor=\"#ffffff\">\n<tbody>\n<tr>\n<td>\n<hr \/>\n<p><span style=\"font-family: arial;\"><b><img class=\" alignleft\" src=\"http:\/\/www.derechos.org\/nizkor\/honduras\/doc\/bcaceres.jpg\" alt=\"\" width=\"306\" height=\"214\" \/>i) <a href=\"http:\/\/www.derechos.org\/nizkor\/honduras\/doc\/bcaceres5.html\">Asesinaron a la dirigente ambientalista ind\u00edgena hondure\u00f1a Bertha C\u00e1ceres.<\/a><\/b><\/span><\/p>\n<div align=\"justify\">\n<p>Desconocidos asesinaron a tiros el jueves a la l\u00edder del movimiento ind\u00edgena de Honduras, Bertha C\u00e1ceres, galardonada en 2015 con el premio Goldman de Estados Unidos.<\/p>\n<p>Agreg\u00f3 que C\u00e1ceres, de 40 a\u00f1os, fue asesinada en La Esperanza, a unos 300 kil\u00f3metros al oeste de Tegucigalpa. \u00abM\u00e1s de dos asesinos entraron esta madrugada a su casa y la mataron\u00bb, se\u00f1al\u00f3.Tomas Membre\u00f1o, miembro del Consejo Ind\u00edgena de Organizaciones Populares de Honduras, del que C\u00e1ceres era coordinadora, dijo en un comunicado que \u00abHonduras ha perdido a una valiente y comprometida luchadora social\u00bb.<\/p>\n<p>Seg\u00fan Membre\u00f1o, los individuos rompieron la puerta de la vivienda, ingresaron y le dispararon. En el hecho result\u00f3 herida de bala una mexicana a\u00fan no identificada que est\u00e1 fuera de peligro.<\/p>\n<p>\u00abLa muerte de C\u00e1ceres tendr\u00e1 un impacto profundo en las comunidades lencas con las que trabajaba y en todos los que la conocieron\u00bb, subray\u00f3.<\/p>\n<p>La ministra de Derechos Humanos Karla Cueva dijo a periodistas que \u00abel Estado ha puesto en marcha una intensa investigaci\u00f3n para identificar, enjuiciar y castigar a los asesinos de C\u00e1ceres\u00bb y asever\u00f3 que \u00abeste crimen no puede quedar sin castigo\u00bb.<\/p>\n<p>En tanto, el coordinador general del gobierno, Jorge Alcerro, dijo en rueda de prensa que \u00abel presidente (Juan Orlando Hern\u00e1ndez) ha instruido a todos los cuerpos de seguridad del Estado que usen todos los recursos para encontrar a los asesinos\u00bb.<\/p>\n<p>\u00ab\u00c9l ha definido esta situaci\u00f3n como una prioridad del Estado y se est\u00e1 actuando de manera r\u00e1pida y contundente\u00bb.<\/p>\n<p>C\u00e1ceres, madre de cuatro hijos, hab\u00eda denunciado varias veces que era objeto de amenazas de muerte por parte de la polic\u00eda, el ej\u00e9rcito y grupos de terratenientes. Alcerro dijo que la Comisi\u00f3n Interamericana de Derechos Humanos hab\u00eda otorgado a C\u00e1ceres medidas cautelares por las amenazas, pero no explic\u00f3 por qu\u00e9 la mujer no ten\u00eda protecci\u00f3n policial.<\/p>\n<p>El ministro de Seguridad Juli\u00e1n Pacheco indic\u00f3 que \u00abinicialmente le asignamos polic\u00edas para protegerla, pero ella nos pidi\u00f3 que fuese retirado ese servicio porque le molestaba\u00bb.<\/p>\n<p>Por su campa\u00f1a contra un pol\u00e9mico proyecto hidroel\u00e9ctrico, financiado por el Banco Mundial, obtuvo el a\u00f1o pasado el premio Goldman que se concede anualmente a defensores de la naturaleza y el medio ambiente . En esa oportunidad C\u00e1ceres organiz\u00f3 al pueblo lenca, la mayor etnia de Honduras, para protestar contra una represa.<\/p>\n<p>La campa\u00f1a logr\u00f3 que el constructor m\u00e1s grande de represas del mundo, la compa\u00f1\u00eda estatal Sinohydro de China, retirara su participaci\u00f3n en el proyecto hidroel\u00e9ctrico. La Corporaci\u00f3n Financiera Internacional, instituci\u00f3n del Banco Mundial que invertir\u00eda en la obra, tambi\u00e9n abandon\u00f3 la iniciativa.<\/p>\n<p>La represa se construir\u00eda sobre el R\u00edo Gualcarque, sagrado para las comunidades ind\u00edgenas y vital para la supervivencia de esos pueblos.<\/p>\n<p>Los lencas, con m\u00e1s de 400.000 miembros diseminados en Honduras y El Salvador, se consideran custodios de la naturaleza, la tierra y sobre todo de los r\u00edos. Seg\u00fan la tradici\u00f3n lenca en los r\u00edos residen los esp\u00edritus de sus mujeres, que son sus principales guardianas.<\/p>\n<p>La violencia causa cada d\u00eda al menos 14 asesinatos en Honduras, lo que lo convierte en uno de los pa\u00edses m\u00e1s peligrosos del planeta.<\/p>\n<h5>[Fuente: Los Andes, Mendoza, Arg, 03mar16]<\/h5>\n<\/div>\n<hr \/>\n<p><b><a href=\"http:\/\/www.apdha.org\/cadiz\/wp-content\/uploads\/Berta-C\u00e1ceres-coordinatrice-del-COPINH.jpg\"><img class=\"alignleft  wp-image-1195\" src=\"http:\/\/www.apdha.org\/cadiz\/wp-content\/uploads\/Berta-C\u00e1ceres-coordinatrice-del-COPINH-180x300.jpg\" alt=\"Berta-C\u00e1ceres-coordinatrice-del-COPINH\" width=\"201\" height=\"335\" srcset=\"https:\/\/www.apdha.org\/cadiz\/wp-content\/uploads\/Berta-C\u00e1ceres-coordinatrice-del-COPINH-180x300.jpg 180w, https:\/\/www.apdha.org\/cadiz\/wp-content\/uploads\/Berta-C\u00e1ceres-coordinatrice-del-COPINH-90x150.jpg 90w, https:\/\/www.apdha.org\/cadiz\/wp-content\/uploads\/Berta-C\u00e1ceres-coordinatrice-del-COPINH.jpg 582w\" sizes=\"(max-width: 201px) 100vw, 201px\" \/><\/a>ii) <a href=\"http:\/\/www.derechos.org\/nizkor\/honduras\/doc\/bcaceres7.html\">Asesinan a dirigente ind\u00edgena Berta C\u00e1ceres en Intibuc\u00e1.<\/a><\/b><\/p>\n<p>La coordinadora del Consejo de Pueblos Ind\u00edgenas de Honduras (Copinh), Berta C\u00e1ceres, fue asesinada la madrugada de este jueves por sujetos desconocidos La Esperanza, Intibuc\u00e1.<\/p>\n<p>Datos preliminares se\u00f1alan que los malhechores ingresaron al interior de su vivienda a eso de la 1:00 de la madrugada donde le quitaron la vida.<\/p>\n<p>C\u00e1ceres era l\u00edder de la comunidad ind\u00edgena lenca y movimientos campesinos, adem\u00e1s era opositora al gobierno.<\/p>\n<p>Guardias de seguridad de la zona residencial, El L\u00edbano, donde viv\u00eda la dirigente, dijeron que un veh\u00edculo blanco se estacion\u00f3 frente a la vivienda a la 1:00 de la ma\u00f1ana y minutos despu\u00e9s sali\u00f3 r\u00e1pidamente del lugar.<\/p>\n<p>Seg\u00fan fuentes locales, los asesinos esperaron que se durmiera para forzar las puertas de su vivienda y matarla.<\/p>\n<p>El comisario, Sergio Paz, de La Esperanza, Intibuc\u00e1, argument\u00f3 que la l\u00edder ind\u00edgena no hab\u00eda reportado a las autoridades su nuevo domicilio.<\/p>\n<p>\u00abSiempre que visitabamos la colonia El L\u00edbano, nos dec\u00edan que no viv\u00eda all\u00ed, pero siempre se mand\u00f3 una patrulla a rondar la zona\u00bb, dijo.<\/p>\n<p>Seg\u00fan relatos de los guardias de seguridad de la zona residencial, un veh\u00edculo blanco se estacion\u00f3 frente a la vivienda a la 1:00 de la ma\u00f1ana y minutos despu\u00e9s sali\u00f3 en veloz carrera, por eso suponen que eran los hechores.<\/p>\n<p>Gilberto R\u00edos, dirigente popular, afirm\u00f3 que todo di\u00e1logo con el gobierno debe cancelarse hasta que se investigue este caso.<\/p>\n<p>\u00abLlamamos a una alerta a todas las organizaciones populares para que se \u00abdeje de criminalizar la protesta popular.<\/p>\n<p>Adem\u00e1s, asegur\u00f3 en una conferencia se prensa programada en la 11:00 de la ma\u00f1ana en la V\u00eda Campesina, donde nos pronunciaran sobre este hecho.<\/p>\n<p>Mientras que Austra Flores, madre de la dirigente dijo que su hija hab\u00eda denunciado que su vida peligraba y asever\u00f3 que el gobierno estaba en la obligaci\u00f3n de protegerla. \u00abLa lucha de ella era a favor de los pueblos ind\u00edgenas\u00bb.<\/p>\n<p>De igual forma culp\u00f3 al gobierno hondure\u00f1o por el crimen de su hija quien cumplir\u00eda a\u00f1os en los pr\u00f3ximos d\u00edas, seg\u00fan relat\u00f3.<\/p>\n<p>La semana pasada Berta ofreci\u00f3 una rueda de prensa en la que denunciaba que cuatro dirigentes de su comunidad hab\u00edan sido asesinados y algunos recibieron amenazas.<\/p>\n<p>\u00abBerta tuvo miles de amenazas. Su arma era la voz, nunca anduvo armada, la amenazaron por su lucha amplia, por la riqueza de nuestros pueblos. Era un tesoro en la lucha por los derechos de los pueblos ind\u00edgenas\u00bb, dijo su hermano Gustavo.<\/p>\n<h5>[Fuente: El Heraldo, Tegucigalpa, 03mar16]<\/h5>\n<hr \/>\n<p><b>iii) <a href=\"http:\/\/www.derechos.org\/nizkor\/honduras\/doc\/bcaceres8.html\">Hermano de Berta C\u00e1ceres: \u0091El crimen fue planificado por la manera en que entraron a la casa\u0092.<\/a><\/b><\/p>\n<p>Gustavo C\u00e1ceres, hermano de la dirigente de pueblos ind\u00edgenas, Berta C\u00e1ceres, qui\u00e9n fue asesinada esta madrugada del jueves, sostuvo que el crimen fue planificado por la manera en que entraron a la casa situada en La Esperanza, Intibuc\u00e1.<\/p>\n<p>\u0093Ella dio nombres y apellidos, ah\u00ed est\u00e1n en las denuncias se\u00f1or Fiscal, lev\u00e1ntese y despierte, al gobierno como es posible que hayan elegido nueva corte y no se preocupan por el hambre y la inseguridad que hay en el pa\u00eds\u0094, dijo.<\/p>\n<p>\u0093Por favor, Se\u00f1or Fiscal lev\u00e1ntese y construya responsabilidad de investigaci\u00f3n y dirija a sus mejores hombres porque ah\u00ed hay algo planificado por la manera en que entraron a la casa de mi hermana\u0094, se\u00f1al\u00f3.<\/p>\n<p>Insisti\u00f3, \u0093venga ac\u00e1 para que despu\u00e9s los culpables no acomoden las pruebas que despu\u00e9s por su experiencia solo van a interpretar\u0094.<\/p>\n<p>\u0093Le pido al Fiscal que investigue, defienda y vaya al pueblo porque mi hermana es una riqueza ind\u00edgena\u0094.<\/p>\n<p>Adem\u00e1s pido que despu\u00e9s no solo vengan a decir que la mataron los mareros, investiguen, a\u00f1adi\u00f3.<\/p>\n<p>\u0093El Presidente dice que es indio, lenca, etc, pues que venga demuestre y ayude a los indios porque a mi hermana la mandaron a matar\u0094, denunci\u00f3 el hombre acongojado.<\/p>\n<p>\u0093Aqu\u00ed vamos a averiguar y pido a toda Honduras que demostremos que ya no queremos y no se debe seguir matando a las mujeres\u0094.<\/p>\n<p>\u0093Aprovecho para decirle al Se\u00f1or Presidente de la Rep\u00fablica, Juan Orlando Hern\u00e1ndez, al ministro de Seguridad y al Fiscal General del Estado que es una responsabilidad de ustedes que mi hermana sea una estad\u00edstica m\u00e1s de un vil asesinato\u0094, indic\u00f3.<\/p>\n<p>\u0093Mi hermana nunca se escondi\u00f3, nunca anduvo un arma, mi hermana solo expresaba la verdad y dolor de los pueblos ind\u00edgenas quienes han sido sometidos por mucho tiempo\u0094, a\u00f1adi\u00f3.<\/p>\n<p>\u0093Yo recib\u00ed la llamada de mi madre que tiene 83 a\u00f1os para darme la tr\u00e1gica noticia, mi madre fue una luchadora tremenda en defensa de los Derechos Humanos en el pa\u00eds en todas las d\u00e9cadas\u0094, record\u00f3.<\/p>\n<p>\u0093Yo pido al Presidente de la Rep\u00fablica que ha sido un compromiso suyo en todos los medios nacionales e internacionales en decir que iba a prevenir esto\u0094.<\/p>\n<p>\u0093Porque mi hermana siempre denunci\u00f3 y dijo que era perseguida que la quer\u00edan asesinar y que pas\u00f3 que no pusieron la medida preventiva para no ver a mi hermana muerta ahora\u0094, cuestion\u00f3.<\/p>\n<p>\u0093Yo pido al pueblo de toda Honduras que en este dolor y en esta tragedia que han hecho, que no pueden seguir pasando actos cobardes y planificados porque todos sab\u00edamos qui\u00e9n era Berta C\u00e1ceres\u0094.<\/p>\n<p>\u0093Qui\u00e9n no la conoc\u00eda en sus luchas, hab\u00eda sido encarcelada seguida ahora por esta justicia injusta, su vida hab\u00eda sido amenazada por los mismos aparatos y fue asesinada por los que vienen a asaltar a este pa\u00eds\u0094, asegur\u00f3.<\/p>\n<p>\u0093Vinieron a seguirla de manera cobarde porque ha estado denunciando miles de veces que la quer\u00edan matar\u0094, lament\u00f3.<\/p>\n<p>\u0093Ella hab\u00eda dicho que la quer\u00edan matar internacionalmente en los foros much\u00edsimas veces tuvo que ir y decir \u0093me van a matar solo por decir que nosotros somos indios\u0094.<\/p>\n<p>\u0093A nuestros dirigentes que tremendo lo que pasa en nuestro pa\u00eds, yo les pido a todos ustedes que nos ayuden a hacer conciencia a las autoridades\u0094, insisti\u00f3.<\/p>\n<p>\u0093C\u00f3mo es posible que a una persona que ten\u00eda medidas cautelares y las autoridades hondure\u00f1as no le hayan puesto medidas de seguridad ni prevenido su muerte\u0094, cuestion\u00f3.<\/p>\n<p>\u0093En la comunidad de Rio Blanco, en La Esperanza, emprendi\u00f3 una lucha de la instalaci\u00f3n de la hidroel\u00e9ctrica en donde vinieron medios internacionales para escuchar sus denuncias de amenazas a muerte\u0094, record\u00f3.<\/p>\n<p>\u0093Ella defend\u00eda la riqueza ind\u00edgena, los \u00e1rboles, aves, el agua, el derecho para que la gente tuviera un vaso, un plato con comida, calzado, etc. Su \u00fanica arma era su voz\u0094, a\u00f1adi\u00f3.<\/p>\n<p>\u0093El Presidente Hern\u00e1ndez que haga todo lo que \u00e9l dice que tiene que hacer para defender una vida humana, ahora ya no se puede pero pido que se haga justicia, que se luche por la justicia que no tenemos en el pa\u00eds\u0094, enfatiz\u00f3.<\/p>\n<h5>[Fuente: La Tribunal, Tegucigalpa, 03mar16]<\/h5>\n<hr \/>\n<p><b><a href=\"http:\/\/www.apdha.org\/cadiz\/wp-content\/uploads\/11174841_10205370078244661_7088174623213299572_n.jpg\"><img class=\"alignleft  wp-image-1196\" src=\"http:\/\/www.apdha.org\/cadiz\/wp-content\/uploads\/11174841_10205370078244661_7088174623213299572_n-200x300.jpg\" alt=\"11174841_10205370078244661_7088174623213299572_n\" width=\"270\" height=\"405\" srcset=\"https:\/\/www.apdha.org\/cadiz\/wp-content\/uploads\/11174841_10205370078244661_7088174623213299572_n-200x300.jpg 200w, https:\/\/www.apdha.org\/cadiz\/wp-content\/uploads\/11174841_10205370078244661_7088174623213299572_n-100x150.jpg 100w, https:\/\/www.apdha.org\/cadiz\/wp-content\/uploads\/11174841_10205370078244661_7088174623213299572_n.jpg 500w\" sizes=\"(max-width: 270px) 100vw, 270px\" \/><\/a>iv) <a href=\"http:\/\/www.derechos.org\/nizkor\/honduras\/doc\/bcaceres6.html\">Berta C\u00e1ceres, la hondure\u00f1a que le torci\u00f3 la mano al Banco Mundial y China.<\/a><\/b><\/p>\n<p>Ni las amenazas de violarla y lincharla. Ni las amenazas de atacar a su madre y secuestrar a sus hijas. Ni el asesinato de sus compa\u00f1eros.<\/p>\n<p>Nada ha podido detener la lucha de una mujer hondure\u00f1a.<\/p>\n<p>Una madre de cuatro hijos cuya campa\u00f1a contra un pol\u00e9mico proyecto hidroel\u00e9ctrico con financiaci\u00f3n internacional le vali\u00f3 esta semana uno de los premios ambientales m\u00e1s prestigiosos globalmente, el premio Goldman.<\/p>\n<p>Berta C\u00e1ceres organiz\u00f3 al pueblo lenca, la mayor etnia ind\u00edgena de Honduras, en su lucha contra la represa de Agua Zarca. La construcci\u00f3n estaba prevista en el noroeste del pa\u00eds en el R\u00edo Gualcarque, sagrado para las comunidades ind\u00edgenas y vital para su supervivencia.<\/p>\n<p>La campa\u00f1a emprendida por C\u00e1ceres logr\u00f3 que el constructor m\u00e1s grande de represas a nivel mundial, la compa\u00f1\u00eda de propiedad estatal china Sinohydro, retirara su participaci\u00f3n en el proyecto hidroel\u00e9ctrico. La Corporaci\u00f3n Financiera Internacional, instituci\u00f3n del Banco Mundial que invierte en el sector privado, tambi\u00e9n abandon\u00f3 la iniciativa.<\/p>\n<p>Pero las amenazas de muerte contra C\u00e1ceres no han cesado en el pa\u00eds centroamericano, el m\u00e1s peligroso en todo el mundo para los defensores ambientales, seg\u00fan un informe divulgado esta semana por Global Witness, una ONG con sede en Londres.<\/p>\n<p><b>Asesinatos<\/b><\/p>\n<p>El informe titulado \u00ab\u00bfCu\u00e1ntos m\u00e1s?\u00bb se\u00f1ala que en 2014 Honduras fue el pa\u00eds que registr\u00f3 m\u00e1s asesinatos per capita de defensores del ambiente en todo el mundo.<\/p>\n<p>Image caption Ceremonia para recordar a los tres l\u00edderes lenca asesinados durante la campa\u00f1a contra la represa de Agua Zarca.<\/p>\n<p>De las 116 muertes de ambientalistas que se documentaron el a\u00f1o pasado \u0096el n\u00famero real puede ser mayor- casi tres cuartas partas ocurrieron en Am\u00e9rica Latina, especialmente en Honduras, Brasil y Per\u00fa.<\/p>\n<p>En el caso de Honduras, entre 2002 y 2014 se produjeron 111 asesinatos de activistas ambientales en territorio hondure\u00f1o. \u00abM\u00e1s de 80 tuvieron lugar s\u00f3lo en los \u00faltimos tres a\u00f1os en una regi\u00f3n, Bajo Agu\u00e1n\u00bb, dijo Chris Moye, de Global Witness, a la BBC.<\/p>\n<p>La ONG cuestiona que mientras los gobiernos se re\u00fanen constantemente a discutir en foros globales el cambio clim\u00e1tico, quienes est\u00e1n a la vanguardia de la defensa de r\u00edos y bosques mueren impunemente sin siquiera generar cobertura en la prensa internacional.<\/p>\n<p>Para Chris Moye, el caso de Berta C\u00e1ceres es representativo de la persecuci\u00f3n sistem\u00e1tica a la que se enfrentan los defensores del ambiente en Honduras.<\/p>\n<p>\u00bfCu\u00e1l es la historia de esta mujer cuyo pueblo se considera guardi\u00e1n de los r\u00edos?<\/p>\n<p>\u00abAprend\u00ed de mi madre\u00bb<\/p>\n<p>C\u00e1ceres asegura que aprendi\u00f3 de su madre el sentido de la justicia.<\/p>\n<h5>[Fuente: El Heraldo, Tegucigalpa, 03mar16]<\/h5>\n<hr \/>\n<p><b>v) <a href=\"http:\/\/www.derechos.org\/nizkor\/honduras\/doc\/bcaceres4.html\">Ante el asesinato pol\u00edtico de Bertha C\u00e1ceres.<\/a><\/b><\/p>\n<p>La Uni\u00f3n de Escritores y Artistas de Honduras, ante el asesinato pol\u00edtico de la l\u00edder ind\u00edgena y nacional Bertha C\u00e1ceres, se pronuncia de la siguiente manera:<\/p>\n<p>1. Que el asesinato de la compa\u00f1era Bertha C\u00e1ceres constituye una de las m\u00e1s ignominiosas acciones de represi\u00f3n que el r\u00e9gimen de Juan Orlando Hern\u00e1ndez ha realizado en contra de las luchas por la defensa de los derechos a la tierra, al agua, a los bosques, valles y monta\u00f1as, que el gobierno de turno ha entregado a compa\u00f1\u00edas extranjeras para su explotaci\u00f3n inhumana y despiadada.<\/p>\n<p>2. Que el pueblo hondure\u00f1o se siente iconmovido muy intensamente por el asesinato de tan ejemplar compa\u00f1era de lucha, que significaba el s\u00edmbolo de un ideal que ella, con su pensamiento y acci\u00f3n, en la b\u00fasqueda de la justicia social, impulsaba junto al pueblo lenca del occidente de la Rep\u00fablica.<\/p>\n<p>3. La recuperaci\u00f3n de la riqueza de los recursos naturales que Bertha C\u00e1ceres, con la m\u00e1s profunda convicci\u00f3n ind\u00edgena, desarroll\u00f3 ante los terratenientes regionales, constituy\u00f3 en su vida, una plataforma de defensa de los derechos de los campesinos intibucanos por sus bienes ancestrales de tierra, agua y propiedades comunales.<\/p>\n<p>4. El movimiento popular campesino, ind\u00edgena, ha sido golpeado en el centro de su m\u00e1s alta dirigencia y pensamiento pol\u00edtico, su crimen tiene como objetivo acallar y destruir, mediante la violencia de Estado, la m\u00e1s alta concepci\u00f3n de lucha que el pueblo campesino pueda emprender en pos de la equidad, la soberan\u00eda, la libertad y la justicia.<\/p>\n<p>5. Los intelectuales, artistas de todas las formas est\u00e9ticas, profesionales universitarios y dem\u00e1s otras disciplinas cient\u00edficas y t\u00e9cnicas, de alta sensibilidad humana, nos sentimos indignados contra tan abominable y horrendo asesinato y denunciamos ante la comunidad nacional e internacional, la pol\u00edtica de exterminio pol\u00edtico que sufre el pueblo en general.<\/p>\n<p><strong>REPUDIAMOS Y CONDENAMOS ESTE ASESINATO POL\u00cdTICO CRUEL Y DESPIADADO<\/strong><br \/>\n<strong>JUSTICIA PARA EL PUEBLO HONDURE\u00d1O<\/strong><br \/>\n<strong>BERTHA C\u00c1CERES VIVE,<\/strong><br \/>\n<strong>LOOR INMARCESIBLE A SU MEMORIA<\/strong><\/p>\n<p>Tegucigalpa, 3 de marzo del 2015.<\/p>\n<h5>Uni\u00f3n de escritores y artistas de Honduras (UEAH)<\/h5>\n<hr \/>\n<p><b>vi) <a href=\"http:\/\/www.derechos.org\/nizkor\/honduras\/doc\/bcaceres3.html\">Comunicado del movimiento amplio por la dignidad y la justicia ante el asesinato de Bertha C\u00e1ceres.<\/a><\/b><\/p>\n<p>Con profundo dolor e indignaci\u00f3n recibimos la noticia del cobarde asesinato de nuestra compa\u00f1era y hermana Bertha Isabel C\u00e1ceres Flores, nuestra querida Bertita.<\/p>\n<p>Gracias Bertita por su ejemplo de verdadera y necesaria rebeld\u00eda y de amor a nuestro pueblo y a los pueblos del mundo.<\/p>\n<p>Reiteramos nuestro repudio al gobierno nacional y gobiernos locales, aliados y promotores de las empresas depredadoras de la vida humana y de la naturaleza.<\/p>\n<p>El Estado y gobierno de Honduras es responsable de este crimen porque a pesar que la CIDH desde 2009 le orden\u00f3 que protegiera la vida de Bertita, m\u00e1s bien consolid\u00f3 alianza con la empresa DESA y otras hidroel\u00e9ctricas que se convirtieron en feroces enemigas de Bertita y la causa del COPINH.<\/p>\n<p>El camino del amor, de la rebeld\u00eda y de la organizaci\u00f3n es nuestra opci\u00f3n en este momento de impotencia y de rabia.<\/p>\n<p>Verdad y justicia para Bertita.<br \/>\nPor la Dignidad contra la Impunidad<\/p>\n<p>Tegucigalpa, 3 de marzo del 2015.<\/p>\n<h5>Movimiento amplio por la dignidad y la justicia<\/h5>\n<hr \/>\n<p><b><a href=\"http:\/\/www.apdha.org\/cadiz\/wp-content\/uploads\/4e64feb0c630182ccd22eafbee59cb3e_L.jpg\"><img class=\"alignleft size-medium wp-image-1197\" src=\"http:\/\/www.apdha.org\/cadiz\/wp-content\/uploads\/4e64feb0c630182ccd22eafbee59cb3e_L-300x225.jpg\" alt=\"4e64feb0c630182ccd22eafbee59cb3e_L\" width=\"300\" height=\"225\" srcset=\"https:\/\/www.apdha.org\/cadiz\/wp-content\/uploads\/4e64feb0c630182ccd22eafbee59cb3e_L-300x225.jpg 300w, https:\/\/www.apdha.org\/cadiz\/wp-content\/uploads\/4e64feb0c630182ccd22eafbee59cb3e_L-150x113.jpg 150w, https:\/\/www.apdha.org\/cadiz\/wp-content\/uploads\/4e64feb0c630182ccd22eafbee59cb3e_L.jpg 600w\" sizes=\"(max-width: 300px) 100vw, 300px\" \/><\/a>vii) <a href=\"http:\/\/www.derechos.org\/nizkor\/honduras\/doc\/bcaceres2.html\">Comunicado OFRANEH: asesinan a Berta C\u00e1ceres, dirigente ind\u00edgena del pueblo Lenca de Honduras.<\/a><\/b><\/p>\n<p>En horas de la madrugada del d\u00eda de hoy, fue asesinada Berta C\u00e1ceres al menos por dos individuos se introdujeron en en su casa de habitaci\u00f3nen la Esperanza, intibuca.<\/p>\n<p>Berta durante d\u00e9cadas demostr\u00f3 en un enorme coraje ante las presiones territoriales sufridas por el pueblo Lenca, desafiando a los reg\u00edmenes autoritarios que han impuesto un feudalismo especialmente en las \u00e1reas habitadas por los pueblos ind\u00edgenas en Honduras.<\/p>\n<p>En los \u00faltimos a\u00f1os su lucha contra las represas en el territorio Lenca, la conllev\u00f3 a ganar el Premio Goldaman, al mismo tiempo que sus enemigos pol\u00edticos y empresarios asociados a la empresa DESA iniciaron una campa\u00f1a de desprestigio y persecusi\u00f3n de en su contra.<\/p>\n<p>El asesinato ocurre en medio de un pa\u00eds convulsionado por una grave crisis econ\u00f3mica y afectado por la violencia estructural imperante, al mismo tiempo que la administraci\u00f3n gubernamental es cuestionada por su corrupci\u00f3n e incompetencia.<\/p>\n<p>La lucha emprendida por Berta en la defensa de los r\u00edos en el territorio Lenca, es un paradigma para el pueblo hondure\u00f1o, el que observa como la reducida \u00e9lite de poder del pa\u00eds se viene apoderando de los bienes comunes, apoyados por la administraci\u00f3n gubernamental de Juan Hern\u00e1ndez, que se ha dedicado a repartir licencias ambientales sin efectuar consulta alguna con las comunidades afectadas.<\/p>\n<p>El dolor por el asesinato de Berta embarga a nuestro pueblo, el que siempre ha contado con el apoyo y acompa\u00f1amiento de los hermanos y hermanas Lencas del COPINH. Para los hondure\u00f1os comprometidos con la defensa de la naturaleza y los derechos humanos, Berta ha sido como un faro, siempre indic\u00e1ndonos el camino en medio de la tormenta que se encuentra sumido nuestro pa\u00eds.<\/p>\n<p>Berta vive y la lucha contin\u00faa.<\/p>\n<p>Sambo Creek, tres de marzo de 2016.<\/p>\n<h5>Organizaci\u00f3n Fraternal Negra Hondure\u00f1a, OFRANEH<\/h5>\n<hr \/>\n<p><b>viii) <a href=\"http:\/\/www.derechos.org\/nizkor\/honduras\/doc\/bcaceres1.html\">Pronunciamiento ante el asesinato de Berta C\u00e1ceres.<\/a><\/b><\/p>\n<p>El Observatorio Ecum\u00e9nico Internacional de Derechos Humanos (OEIDH) ante el vil asesinato de la compa\u00f1era Berta C\u00e1ceres defensora de los derechos humanos de los grupos ind\u00edgenas y mujeres Lencas de Honduras, se pronuncia en los siguientes t\u00e9rminos:<\/p>\n<p>1. La compa\u00f1era Berta C\u00e1ceres en reiteradas ocasiones se hab\u00eda pronunciado contra las nefastas acciones e intenciones tanto del actual gobierno en las concesiones de los recursos naturales como de las empresas transnacionales extranjeras por la construcci\u00f3n de represas y captura de los recursos de los pueblos ind\u00edgenas.<\/p>\n<p>2. La compa\u00f1era tenia medidas cautelares demandando al Estado de Honduras la protecci\u00f3n de la integridad f\u00edsica de Berta C\u00e1ceres<\/p>\n<p>3.El mismo Estado de Honduras ejerci\u00f3 medidas de persecuci\u00f3n contra Berta C\u00e1ceres por su lucha en contra de las empresas extranjeras destructoras de los recursos naturales.<\/p>\n<p>4. El mundo entero reconoci\u00f3 el valor de luchadora por los derechos humanos de la compa\u00f1era Berta C\u00e1ceres recibiendo un premio internacional por la defensa de los recursos naturales del pa\u00eds.<\/p>\n<p>5. Por tales razones el Observatorio Ecum\u00e9nico Internacional de Derechos Humanos (OEIDH) denunciamos al gobierno de Honduras y a las empresas transnacionales extractoras y explotadoras de los recursos naturales del pa\u00eds.<\/p>\n<p>6. Exigimos a los organismos internacionales defensoras de los DDHH demanden al estado de Honduras la respuesta r\u00e1pida a este asesinato y a la cooperaci\u00f3n internacional de todos los pa\u00edses amigos detener el apoyo al gobierno de Honduras sobre todo a las secretarias de defensa y seguridad donde operan los cuerpos represivos de seguridad del estado.<\/p>\n<p>7. Nos solidarizamos y extendemos nuestras condolencias a la familia de la compa\u00f1era Berta C\u00e1ceres, al pueblo Lenca y al pueblo Hondure\u00f1o quienes sufren y sufrimos su irreparable p\u00e9rdida.<\/p>\n<p>Tegucigalpa, 3 de marzo del 2015.<\/p>\n<h5>Observatorio Ecum\u00e9nico Internacional de Derechos Humanos (OEIDH)<\/h5>\n<p>\u00abBienaventurados los y las que tienen hambre y sed de justicia, porque ellos y ellas ser\u00e1n saciados\u00bb Mateo 5:6<\/td>\n<\/tr>\n<\/tbody>\n<\/table>\n<p>&nbsp;<\/p>\n","protected":false},"excerpt":{"rendered":"<p>Informaci\u00f3n Derechos Ind\u00edgenas Asesinan a Bertha C\u00e1ceres, coordinadora del Consejo Ind\u00edgena de Organizaciones Populares de Honduras\u00a0&#8211;\u00a003mar16 Un amplio dossier recogido por Equipo Nizkor sobre el asesinato de Bertha C\u00e1ceres i) Asesinaron a la dirigente ambientalista ind\u00edgena hondure\u00f1a Bertha C\u00e1ceres. Desconocidos asesinaron a tiros el jueves a la l\u00edder del movimiento \u2026<\/p>\n<p class=\"continue-reading-button\"> <a class=\"continue-reading-link\" href=\"https:\/\/www.apdha.org\/cadiz\/asesinan-a-bertha-caceres-dirigente-campesina-de-honduras\/\">Seguir Leyendo<i class=\"crycon-right-dir\"><\/i><\/a><\/p>\n<div class='heateorSssClear'><\/div><div  class='heateor_sss_sharing_container heateor_sss_horizontal_sharing' data-heateor-sss-href='https:\/\/www.apdha.org\/cadiz\/asesinan-a-bertha-caceres-dirigente-campesina-de-honduras\/'><div class='heateor_sss_sharing_title' style=\"font-weight:bold\" ><\/div><div class=\"heateor_sss_sharing_ul\"><a class=\"heateor_sss_facebook\" href=\"https:\/\/www.facebook.com\/sharer\/sharer.php?u=https%3A%2F%2Fwww.apdha.org%2Fcadiz%2Fasesinan-a-bertha-caceres-dirigente-campesina-de-honduras%2F\" title=\"Facebook\" rel=\"nofollow noopener\" target=\"_blank\" style=\"font-size:32px!important;box-shadow:none;display:inline-block;vertical-align:middle\"><span class=\"heateor_sss_svg\" style=\"background-color:#3c589a;width:35px;height:35px;border-radius:999px;display:inline-block;opacity:1;float:left;font-size:32px;box-shadow:none;display:inline-block;font-size:16px;padding:0 4px;vertical-align:middle;background-repeat:repeat;overflow:hidden;padding:0;cursor:pointer;box-sizing:content-box\"><svg style=\"display:block;border-radius:999px;\" focusable=\"false\" aria-hidden=\"true\" xmlns=\"http:\/\/www.w3.org\/2000\/svg\" width=\"100%\" height=\"100%\" viewBox=\"-5 -5 42 42\"><path d=\"M17.78 27.5V17.008h3.522l.527-4.09h-4.05v-2.61c0-1.182.33-1.99 2.023-1.99h2.166V4.66c-.375-.05-1.66-.16-3.155-.16-3.123 0-5.26 1.905-5.26 5.405v3.016h-3.53v4.09h3.53V27.5h4.223z\" fill=\"#fff\"><\/path><\/svg><\/span><\/a><a class=\"heateor_sss_button_twitter\" href=\"http:\/\/twitter.com\/intent\/tweet?text=Asesinan%20a%20Bertha%20C%C3%A1ceres%20dirigente%20campesina%20de%20Honduras&url=https%3A%2F%2Fwww.apdha.org%2Fcadiz%2Fasesinan-a-bertha-caceres-dirigente-campesina-de-honduras%2F\" title=\"Twitter\" rel=\"nofollow noopener\" target=\"_blank\" style=\"font-size:32px!important;box-shadow:none;display:inline-block;vertical-align:middle\"><span class=\"heateor_sss_svg heateor_sss_s__default heateor_sss_s_twitter\" style=\"background-color:#55acee;width:35px;height:35px;border-radius:999px;display:inline-block;opacity:1;float:left;font-size:32px;box-shadow:none;display:inline-block;font-size:16px;padding:0 4px;vertical-align:middle;background-repeat:repeat;overflow:hidden;padding:0;cursor:pointer;box-sizing:content-box\"><svg style=\"display:block;border-radius:999px;\" focusable=\"false\" aria-hidden=\"true\" xmlns=\"http:\/\/www.w3.org\/2000\/svg\" width=\"100%\" height=\"100%\" viewBox=\"-4 -4 39 39\"><path d=\"M28 8.557a9.913 9.913 0 0 1-2.828.775 4.93 4.93 0 0 0 2.166-2.725 9.738 9.738 0 0 1-3.13 1.194 4.92 4.92 0 0 0-3.593-1.55 4.924 4.924 0 0 0-4.794 6.049c-4.09-.21-7.72-2.17-10.15-5.15a4.942 4.942 0 0 0-.665 2.477c0 1.71.87 3.214 2.19 4.1a4.968 4.968 0 0 1-2.23-.616v.06c0 2.39 1.7 4.38 3.952 4.83-.414.115-.85.174-1.297.174-.318 0-.626-.03-.928-.086a4.935 4.935 0 0 0 4.6 3.42 9.893 9.893 0 0 1-6.114 2.107c-.398 0-.79-.023-1.175-.068a13.953 13.953 0 0 0 7.55 2.213c9.056 0 14.01-7.507 14.01-14.013 0-.213-.005-.426-.015-.637.96-.695 1.795-1.56 2.455-2.55z\" fill=\"#fff\"><\/path><\/svg><\/span><\/a><a class=\"heateor_sss_button_instagram\" href=\"https:\/\/www.instagram.com\/\" title=\"Instagram\" rel=\"nofollow noopener\" target=\"_blank\" style=\"font-size:32px!important;box-shadow:none;display:inline-block;vertical-align:middle\"><span class=\"heateor_sss_svg\" style=\"background-color:#53beee;width:35px;height:35px;border-radius:999px;display:inline-block;opacity:1;float:left;font-size:32px;box-shadow:none;display:inline-block;font-size:16px;padding:0 4px;vertical-align:middle;background-repeat:repeat;overflow:hidden;padding:0;cursor:pointer;box-sizing:content-box\"><svg style=\"display:block;border-radius:999px;\" version=\"1.1\" viewBox=\"-10 -10 148 148\" width=\"100%\" height=\"100%\" xml:space=\"preserve\" xmlns=\"http:\/\/www.w3.org\/2000\/svg\" xmlns:xlink=\"http:\/\/www.w3.org\/1999\/xlink\"><g><g><path d=\"M86,112H42c-14.336,0-26-11.663-26-26V42c0-14.337,11.664-26,26-26h44c14.337,0,26,11.663,26,26v44 C112,100.337,100.337,112,86,112z M42,24c-9.925,0-18,8.074-18,18v44c0,9.925,8.075,18,18,18h44c9.926,0,18-8.075,18-18V42 c0-9.926-8.074-18-18-18H42z\" fill=\"#fff\"><\/path><\/g><g><path d=\"M64,88c-13.234,0-24-10.767-24-24c0-13.234,10.766-24,24-24s24,10.766,24,24C88,77.233,77.234,88,64,88z M64,48c-8.822,0-16,7.178-16,16s7.178,16,16,16c8.822,0,16-7.178,16-16S72.822,48,64,48z\" fill=\"#fff\"><\/path><\/g><g><circle cx=\"89.5\" cy=\"38.5\" fill=\"#fff\" r=\"5.5\"><\/circle><\/g><\/g><\/svg><\/span><\/a><a class=\"heateor_sss_whatsapp\" href=\"https:\/\/api.whatsapp.com\/send?text=Asesinan%20a%20Bertha%20C%C3%A1ceres%20dirigente%20campesina%20de%20Honduras https%3A%2F%2Fwww.apdha.org%2Fcadiz%2Fasesinan-a-bertha-caceres-dirigente-campesina-de-honduras%2F\" title=\"Whatsapp\" rel=\"nofollow noopener\" target=\"_blank\" style=\"font-size:32px!important;box-shadow:none;display:inline-block;vertical-align:middle\"><span class=\"heateor_sss_svg\" style=\"background-color:#55eb4c;width:35px;height:35px;border-radius:999px;display:inline-block;opacity:1;float:left;font-size:32px;box-shadow:none;display:inline-block;font-size:16px;padding:0 4px;vertical-align:middle;background-repeat:repeat;overflow:hidden;padding:0;cursor:pointer;box-sizing:content-box\"><svg style=\"display:block;border-radius:999px;\" focusable=\"false\" aria-hidden=\"true\" xmlns=\"http:\/\/www.w3.org\/2000\/svg\" width=\"100%\" height=\"100%\" viewBox=\"-6 -5 40 40\"><path class=\"heateor_sss_svg_stroke heateor_sss_no_fill\" stroke=\"#fff\" stroke-width=\"2\" fill=\"none\" d=\"M 11.579798566743314 24.396926207859085 A 10 10 0 1 0 6.808479557110079 20.73576436351046\"><\/path><path d=\"M 7 19 l -1 6 l 6 -1\" class=\"heateor_sss_no_fill heateor_sss_svg_stroke\" stroke=\"#fff\" stroke-width=\"2\" fill=\"none\"><\/path><path d=\"M 10 10 q -1 8 8 11 c 5 -1 0 -6 -1 -3 q -4 -3 -5 -5 c 4 -2 -1 -5 -1 -4\" fill=\"#fff\"><\/path><\/svg><\/span><\/a><a class=\"heateor_sss_button_copy_link\" title=\"Copy Link\" rel=\"nofollow noopener\" href=\"https:\/\/www.apdha.org\/cadiz\/asesinan-a-bertha-caceres-dirigente-campesina-de-honduras\/\" onclick=\"event.preventDefault()\" style=\"font-size:32px!important;box-shadow:none;display:inline-block;vertical-align:middle\"><span class=\"heateor_sss_svg heateor_sss_s__default heateor_sss_s_copy_link\" style=\"background-color:#ffc112;width:35px;height:35px;border-radius:999px;display:inline-block;opacity:1;float:left;font-size:32px;box-shadow:none;display:inline-block;font-size:16px;padding:0 4px;vertical-align:middle;background-repeat:repeat;overflow:hidden;padding:0;cursor:pointer;box-sizing:content-box\"><svg style=\"display:block;border-radius:999px;\" focusable=\"false\" aria-hidden=\"true\" xmlns=\"http:\/\/www.w3.org\/2000\/svg\" width=\"100%\" height=\"100%\" viewBox=\"-4 -4 40 40\"><path fill=\"#fff\" d=\"M24.412 21.177c0-.36-.126-.665-.377-.917l-2.804-2.804a1.235 1.235 0 0 0-.913-.378c-.377 0-.7.144-.97.43.026.028.11.11.255.25.144.14.24.236.29.29s.117.14.2.256c.087.117.146.232.177.344.03.112.046.236.046.37 0 .36-.126.666-.377.918a1.25 1.25 0 0 1-.918.377 1.4 1.4 0 0 1-.373-.047 1.062 1.062 0 0 1-.345-.175 2.268 2.268 0 0 1-.256-.2 6.815 6.815 0 0 1-.29-.29c-.14-.142-.223-.23-.25-.254-.297.28-.445.607-.445.984 0 .36.126.664.377.916l2.778 2.79c.243.243.548.364.917.364.36 0 .665-.118.917-.35l1.982-1.97c.252-.25.378-.55.378-.9zm-9.477-9.504c0-.36-.126-.665-.377-.917l-2.777-2.79a1.235 1.235 0 0 0-.913-.378c-.35 0-.656.12-.917.364L7.967 9.92c-.254.252-.38.553-.38.903 0 .36.126.665.38.917l2.802 2.804c.242.243.547.364.916.364.377 0 .7-.14.97-.418-.026-.027-.11-.11-.255-.25s-.24-.235-.29-.29a2.675 2.675 0 0 1-.2-.255 1.052 1.052 0 0 1-.176-.344 1.396 1.396 0 0 1-.047-.37c0-.36.126-.662.377-.914.252-.252.557-.377.917-.377.136 0 .26.015.37.046.114.03.23.09.346.175.117.085.202.153.256.2.054.05.15.148.29.29.14.146.222.23.25.258.294-.278.442-.606.442-.983zM27 21.177c0 1.078-.382 1.99-1.146 2.736l-1.982 1.968c-.745.75-1.658 1.12-2.736 1.12-1.087 0-2.004-.38-2.75-1.143l-2.777-2.79c-.75-.747-1.12-1.66-1.12-2.737 0-1.106.392-2.046 1.183-2.818l-1.186-1.185c-.774.79-1.708 1.186-2.805 1.186-1.078 0-1.995-.376-2.75-1.13l-2.803-2.81C5.377 12.82 5 11.903 5 10.826c0-1.08.382-1.993 1.146-2.738L8.128 6.12C8.873 5.372 9.785 5 10.864 5c1.087 0 2.004.382 2.75 1.146l2.777 2.79c.75.747 1.12 1.66 1.12 2.737 0 1.105-.392 2.045-1.183 2.817l1.186 1.186c.774-.79 1.708-1.186 2.805-1.186 1.078 0 1.995.377 2.75 1.132l2.804 2.804c.754.755 1.13 1.672 1.13 2.75z\"\/><\/svg><\/span><\/a><a class=\"heateor_sss_button_telegram\" href=\"https:\/\/telegram.me\/share\/url?url=https%3A%2F%2Fwww.apdha.org%2Fcadiz%2Fasesinan-a-bertha-caceres-dirigente-campesina-de-honduras%2F&text=Asesinan%20a%20Bertha%20C%C3%A1ceres%20dirigente%20campesina%20de%20Honduras\" title=\"Telegram\" rel=\"nofollow noopener\" target=\"_blank\" style=\"font-size:32px!important;box-shadow:none;display:inline-block;vertical-align:middle\"><span class=\"heateor_sss_svg heateor_sss_s__default heateor_sss_s_telegram\" style=\"background-color:#3da5f1;width:35px;height:35px;border-radius:999px;display:inline-block;opacity:1;float:left;font-size:32px;box-shadow:none;display:inline-block;font-size:16px;padding:0 4px;vertical-align:middle;background-repeat:repeat;overflow:hidden;padding:0;cursor:pointer;box-sizing:content-box\"><svg style=\"display:block;border-radius:999px;\" focusable=\"false\" aria-hidden=\"true\" xmlns=\"http:\/\/www.w3.org\/2000\/svg\" width=\"100%\" height=\"100%\" viewBox=\"0 0 32 32\"><path fill=\"#fff\" d=\"M25.515 6.896L6.027 14.41c-1.33.534-1.322 1.276-.243 1.606l5 1.56 1.72 5.66c.226.625.115.873.77.873.506 0 .73-.235 1.012-.51l2.43-2.363 5.056 3.734c.93.514 1.602.25 1.834-.863l3.32-15.638c.338-1.363-.52-1.98-1.41-1.577z\"><\/path><\/svg><\/span><\/a><\/div><div class=\"heateorSssClear\"><\/div><\/div><div class='heateorSssClear'><\/div><div class='heateor_sss_sharing_container heateor_sss_vertical_sharing heateor_sss_bottom_sharing' style='width:37px;right: -10px;top: 100px;-webkit-box-shadow:none;box-shadow:none;' data-heateor-sss-href='https:\/\/www.apdha.org\/cadiz\/wp-json\/wp\/v2\/posts\/1194'><div class=\"heateor_sss_sharing_ul\"><a class=\"heateor_sss_facebook\" href=\"https:\/\/www.facebook.com\/sharer\/sharer.php?u=https%3A%2F%2Fwww.apdha.org%2Fcadiz%2Fwp-json%2Fwp%2Fv2%2Fposts%2F1194\" title=\"Facebook\" rel=\"nofollow noopener\" target=\"_blank\" style=\"font-size:32px!important;box-shadow:none;display:inline-block;vertical-align:middle\"><span class=\"heateor_sss_svg\" style=\"background-color:#3c589a;width:33px;height:33px;border-radius:999px;display:inline-block;opacity:1;float:left;font-size:32px;box-shadow:none;display:inline-block;font-size:16px;padding:0 4px;vertical-align:middle;background-repeat:repeat;overflow:hidden;padding:0;cursor:pointer;box-sizing:content-box\"><svg style=\"display:block;border-radius:999px;\" focusable=\"false\" aria-hidden=\"true\" xmlns=\"http:\/\/www.w3.org\/2000\/svg\" width=\"100%\" height=\"100%\" viewBox=\"-5 -5 42 42\"><path d=\"M17.78 27.5V17.008h3.522l.527-4.09h-4.05v-2.61c0-1.182.33-1.99 2.023-1.99h2.166V4.66c-.375-.05-1.66-.16-3.155-.16-3.123 0-5.26 1.905-5.26 5.405v3.016h-3.53v4.09h3.53V27.5h4.223z\" fill=\"#fff\"><\/path><\/svg><\/span><\/a><a class=\"heateor_sss_button_twitter\" href=\"http:\/\/twitter.com\/intent\/tweet?text=Asociaci%C3%B3n%20Pro%20Derechos%20Humanos%20de%20Andaluc%C3%ADa%20-%20APDHA%20Delegaci%C3%B3n%20de%20C%C3%A1diz&url=https%3A%2F%2Fwww.apdha.org%2Fcadiz%2Fwp-json%2Fwp%2Fv2%2Fposts%2F1194\" title=\"Twitter\" rel=\"nofollow noopener\" target=\"_blank\" style=\"font-size:32px!important;box-shadow:none;display:inline-block;vertical-align:middle\"><span class=\"heateor_sss_svg heateor_sss_s__default heateor_sss_s_twitter\" style=\"background-color:#55acee;width:33px;height:33px;border-radius:999px;display:inline-block;opacity:1;float:left;font-size:32px;box-shadow:none;display:inline-block;font-size:16px;padding:0 4px;vertical-align:middle;background-repeat:repeat;overflow:hidden;padding:0;cursor:pointer;box-sizing:content-box\"><svg style=\"display:block;border-radius:999px;\" focusable=\"false\" aria-hidden=\"true\" xmlns=\"http:\/\/www.w3.org\/2000\/svg\" width=\"100%\" height=\"100%\" viewBox=\"-4 -4 39 39\"><path d=\"M28 8.557a9.913 9.913 0 0 1-2.828.775 4.93 4.93 0 0 0 2.166-2.725 9.738 9.738 0 0 1-3.13 1.194 4.92 4.92 0 0 0-3.593-1.55 4.924 4.924 0 0 0-4.794 6.049c-4.09-.21-7.72-2.17-10.15-5.15a4.942 4.942 0 0 0-.665 2.477c0 1.71.87 3.214 2.19 4.1a4.968 4.968 0 0 1-2.23-.616v.06c0 2.39 1.7 4.38 3.952 4.83-.414.115-.85.174-1.297.174-.318 0-.626-.03-.928-.086a4.935 4.935 0 0 0 4.6 3.42 9.893 9.893 0 0 1-6.114 2.107c-.398 0-.79-.023-1.175-.068a13.953 13.953 0 0 0 7.55 2.213c9.056 0 14.01-7.507 14.01-14.013 0-.213-.005-.426-.015-.637.96-.695 1.795-1.56 2.455-2.55z\" fill=\"#fff\"><\/path><\/svg><\/span><\/a><a class=\"heateor_sss_whatsapp\" href=\"https:\/\/api.whatsapp.com\/send?text=Asociaci%C3%B3n%20Pro%20Derechos%20Humanos%20de%20Andaluc%C3%ADa%20-%20APDHA%20Delegaci%C3%B3n%20de%20C%C3%A1diz https%3A%2F%2Fwww.apdha.org%2Fcadiz%2Fwp-json%2Fwp%2Fv2%2Fposts%2F1194\" title=\"Whatsapp\" rel=\"nofollow noopener\" target=\"_blank\" style=\"font-size:32px!important;box-shadow:none;display:inline-block;vertical-align:middle\"><span class=\"heateor_sss_svg\" style=\"background-color:#55eb4c;width:33px;height:33px;border-radius:999px;display:inline-block;opacity:1;float:left;font-size:32px;box-shadow:none;display:inline-block;font-size:16px;padding:0 4px;vertical-align:middle;background-repeat:repeat;overflow:hidden;padding:0;cursor:pointer;box-sizing:content-box\"><svg style=\"display:block;border-radius:999px;\" focusable=\"false\" aria-hidden=\"true\" xmlns=\"http:\/\/www.w3.org\/2000\/svg\" width=\"100%\" height=\"100%\" viewBox=\"-6 -5 40 40\"><path class=\"heateor_sss_svg_stroke heateor_sss_no_fill\" stroke=\"#fff\" stroke-width=\"2\" fill=\"none\" d=\"M 11.579798566743314 24.396926207859085 A 10 10 0 1 0 6.808479557110079 20.73576436351046\"><\/path><path d=\"M 7 19 l -1 6 l 6 -1\" class=\"heateor_sss_no_fill heateor_sss_svg_stroke\" stroke=\"#fff\" stroke-width=\"2\" fill=\"none\"><\/path><path d=\"M 10 10 q -1 8 8 11 c 5 -1 0 -6 -1 -3 q -4 -3 -5 -5 c 4 -2 -1 -5 -1 -4\" fill=\"#fff\"><\/path><\/svg><\/span><\/a><a class=\"heateor_sss_button_copy_link\" title=\"Copy Link\" rel=\"nofollow noopener\" href=\"https:\/\/www.apdha.org\/cadiz\/wp-json\/wp\/v2\/posts\/1194\" onclick=\"event.preventDefault()\" style=\"font-size:32px!important;box-shadow:none;display:inline-block;vertical-align:middle\"><span class=\"heateor_sss_svg heateor_sss_s__default heateor_sss_s_copy_link\" style=\"background-color:#ffc112;width:33px;height:33px;border-radius:999px;display:inline-block;opacity:1;float:left;font-size:32px;box-shadow:none;display:inline-block;font-size:16px;padding:0 4px;vertical-align:middle;background-repeat:repeat;overflow:hidden;padding:0;cursor:pointer;box-sizing:content-box\"><svg style=\"display:block;border-radius:999px;\" focusable=\"false\" aria-hidden=\"true\" xmlns=\"http:\/\/www.w3.org\/2000\/svg\" width=\"100%\" height=\"100%\" viewBox=\"-4 -4 40 40\"><path fill=\"#fff\" d=\"M24.412 21.177c0-.36-.126-.665-.377-.917l-2.804-2.804a1.235 1.235 0 0 0-.913-.378c-.377 0-.7.144-.97.43.026.028.11.11.255.25.144.14.24.236.29.29s.117.14.2.256c.087.117.146.232.177.344.03.112.046.236.046.37 0 .36-.126.666-.377.918a1.25 1.25 0 0 1-.918.377 1.4 1.4 0 0 1-.373-.047 1.062 1.062 0 0 1-.345-.175 2.268 2.268 0 0 1-.256-.2 6.815 6.815 0 0 1-.29-.29c-.14-.142-.223-.23-.25-.254-.297.28-.445.607-.445.984 0 .36.126.664.377.916l2.778 2.79c.243.243.548.364.917.364.36 0 .665-.118.917-.35l1.982-1.97c.252-.25.378-.55.378-.9zm-9.477-9.504c0-.36-.126-.665-.377-.917l-2.777-2.79a1.235 1.235 0 0 0-.913-.378c-.35 0-.656.12-.917.364L7.967 9.92c-.254.252-.38.553-.38.903 0 .36.126.665.38.917l2.802 2.804c.242.243.547.364.916.364.377 0 .7-.14.97-.418-.026-.027-.11-.11-.255-.25s-.24-.235-.29-.29a2.675 2.675 0 0 1-.2-.255 1.052 1.052 0 0 1-.176-.344 1.396 1.396 0 0 1-.047-.37c0-.36.126-.662.377-.914.252-.252.557-.377.917-.377.136 0 .26.015.37.046.114.03.23.09.346.175.117.085.202.153.256.2.054.05.15.148.29.29.14.146.222.23.25.258.294-.278.442-.606.442-.983zM27 21.177c0 1.078-.382 1.99-1.146 2.736l-1.982 1.968c-.745.75-1.658 1.12-2.736 1.12-1.087 0-2.004-.38-2.75-1.143l-2.777-2.79c-.75-.747-1.12-1.66-1.12-2.737 0-1.106.392-2.046 1.183-2.818l-1.186-1.185c-.774.79-1.708 1.186-2.805 1.186-1.078 0-1.995-.376-2.75-1.13l-2.803-2.81C5.377 12.82 5 11.903 5 10.826c0-1.08.382-1.993 1.146-2.738L8.128 6.12C8.873 5.372 9.785 5 10.864 5c1.087 0 2.004.382 2.75 1.146l2.777 2.79c.75.747 1.12 1.66 1.12 2.737 0 1.105-.392 2.045-1.183 2.817l1.186 1.186c.774-.79 1.708-1.186 2.805-1.186 1.078 0 1.995.377 2.75 1.132l2.804 2.804c.754.755 1.13 1.672 1.13 2.75z\"\/><\/svg><\/span><\/a><a class=\"heateor_sss_button_instagram\" href=\"https:\/\/www.instagram.com\/\" title=\"Instagram\" rel=\"nofollow noopener\" target=\"_blank\" style=\"font-size:32px!important;box-shadow:none;display:inline-block;vertical-align:middle\"><span class=\"heateor_sss_svg\" style=\"background-color:#53beee;width:33px;height:33px;border-radius:999px;display:inline-block;opacity:1;float:left;font-size:32px;box-shadow:none;display:inline-block;font-size:16px;padding:0 4px;vertical-align:middle;background-repeat:repeat;overflow:hidden;padding:0;cursor:pointer;box-sizing:content-box\"><svg style=\"display:block;border-radius:999px;\" version=\"1.1\" viewBox=\"-10 -10 148 148\" width=\"100%\" height=\"100%\" xml:space=\"preserve\" xmlns=\"http:\/\/www.w3.org\/2000\/svg\" xmlns:xlink=\"http:\/\/www.w3.org\/1999\/xlink\"><g><g><path d=\"M86,112H42c-14.336,0-26-11.663-26-26V42c0-14.337,11.664-26,26-26h44c14.337,0,26,11.663,26,26v44 C112,100.337,100.337,112,86,112z M42,24c-9.925,0-18,8.074-18,18v44c0,9.925,8.075,18,18,18h44c9.926,0,18-8.075,18-18V42 c0-9.926-8.074-18-18-18H42z\" fill=\"#fff\"><\/path><\/g><g><path d=\"M64,88c-13.234,0-24-10.767-24-24c0-13.234,10.766-24,24-24s24,10.766,24,24C88,77.233,77.234,88,64,88z M64,48c-8.822,0-16,7.178-16,16s7.178,16,16,16c8.822,0,16-7.178,16-16S72.822,48,64,48z\" fill=\"#fff\"><\/path><\/g><g><circle cx=\"89.5\" cy=\"38.5\" fill=\"#fff\" r=\"5.5\"><\/circle><\/g><\/g><\/svg><\/span><\/a><a class=\"heateor_sss_button_telegram\" href=\"https:\/\/telegram.me\/share\/url?url=https%3A%2F%2Fwww.apdha.org%2Fcadiz%2Fwp-json%2Fwp%2Fv2%2Fposts%2F1194&text=Asociaci%C3%B3n%20Pro%20Derechos%20Humanos%20de%20Andaluc%C3%ADa%20-%20APDHA%20Delegaci%C3%B3n%20de%20C%C3%A1diz\" title=\"Telegram\" rel=\"nofollow noopener\" target=\"_blank\" style=\"font-size:32px!important;box-shadow:none;display:inline-block;vertical-align:middle\"><span class=\"heateor_sss_svg heateor_sss_s__default heateor_sss_s_telegram\" style=\"background-color:#3da5f1;width:33px;height:33px;border-radius:999px;display:inline-block;opacity:1;float:left;font-size:32px;box-shadow:none;display:inline-block;font-size:16px;padding:0 4px;vertical-align:middle;background-repeat:repeat;overflow:hidden;padding:0;cursor:pointer;box-sizing:content-box\"><svg style=\"display:block;border-radius:999px;\" focusable=\"false\" aria-hidden=\"true\" xmlns=\"http:\/\/www.w3.org\/2000\/svg\" width=\"100%\" height=\"100%\" viewBox=\"0 0 32 32\"><path fill=\"#fff\" d=\"M25.515 6.896L6.027 14.41c-1.33.534-1.322 1.276-.243 1.606l5 1.56 1.72 5.66c.226.625.115.873.77.873.506 0 .73-.235 1.012-.51l2.43-2.363 5.056 3.734c.93.514 1.602.25 1.834-.863l3.32-15.638c.338-1.363-.52-1.98-1.41-1.577z\"><\/path><\/svg><\/span><\/a><\/div><div class=\"heateorSssClear\"><\/div><\/div>","protected":false},"author":1,"featured_media":1195,"comment_status":"closed","ping_status":"open","sticky":false,"template":"","format":"standard","meta":[],"categories":[5,280,286],"tags":[],"_links":{"self":[{"href":"https:\/\/www.apdha.org\/cadiz\/wp-json\/wp\/v2\/posts\/1194"}],"collection":[{"href":"https:\/\/www.apdha.org\/cadiz\/wp-json\/wp\/v2\/posts"}],"about":[{"href":"https:\/\/www.apdha.org\/cadiz\/wp-json\/wp\/v2\/types\/post"}],"author":[{"embeddable":true,"href":"https:\/\/www.apdha.org\/cadiz\/wp-json\/wp\/v2\/users\/1"}],"replies":[{"embeddable":true,"href":"https:\/\/www.apdha.org\/cadiz\/wp-json\/wp\/v2\/comments?post=1194"}],"version-history":[{"count":1,"href":"https:\/\/www.apdha.org\/cadiz\/wp-json\/wp\/v2\/posts\/1194\/revisions"}],"predecessor-version":[{"id":1198,"href":"https:\/\/www.apdha.org\/cadiz\/wp-json\/wp\/v2\/posts\/1194\/revisions\/1198"}],"wp:featuredmedia":[{"embeddable":true,"href":"https:\/\/www.apdha.org\/cadiz\/wp-json\/wp\/v2\/media\/1195"}],"wp:attachment":[{"href":"https:\/\/www.apdha.org\/cadiz\/wp-json\/wp\/v2\/media?parent=1194"}],"wp:term":[{"taxonomy":"category","embeddable":true,"href":"https:\/\/www.apdha.org\/cadiz\/wp-json\/wp\/v2\/categories?post=1194"},{"taxonomy":"post_tag","embeddable":true,"href":"https:\/\/www.apdha.org\/cadiz\/wp-json\/wp\/v2\/tags?post=1194"}],"curies":[{"name":"wp","href":"https:\/\/api.w.org\/{rel}","templated":true}]}}