{"id":1304,"date":"2016-05-14T12:11:23","date_gmt":"2016-05-14T12:11:23","guid":{"rendered":"http:\/\/www.apdha.org\/cadiz\/?p=1304"},"modified":"2017-09-11T14:54:45","modified_gmt":"2017-09-11T14:54:45","slug":"cronica-asamblea-de-la-asociacion-europea-de-derechos-humanos-viena-6-al-8-de-mayo","status":"publish","type":"post","link":"https:\/\/www.apdha.org\/cadiz\/cronica-asamblea-de-la-asociacion-europea-de-derechos-humanos-viena-6-al-8-de-mayo\/","title":{"rendered":"Cr\u00f3nica Asamblea de la Asociaci\u00f3n Europea de Derechos Humanos (Viena 6 al 8 de mayo)"},"content":{"rendered":"<p>Una delegaci\u00f3n de la Derechos Humanos asistimos en Viena (Austria) a la asamblea general anual de la Asociaci\u00f3n Europea por los Derechos Humanos (AEDH) los d\u00edas 7 y 8 de mayo, precedida el d\u00eda 6 por un seminario sobre la libertad de circulaci\u00f3n en Europa. He aqu\u00ed una cr\u00f3nica de <strong>Ana Rosado<\/strong>, que fue una de las componentes de esta\u00a0delegaci\u00f3n de la APDHA.<\/p>\n<p><strong>CR\u00d3NICA SEMINARIO \u201cLA LIBERTAD DE CIRCULACI\u00d3N EN LA UNI\u00d3N EUROPEA\u201d<\/strong><\/p>\n<div id=\"attachment_1307\" style=\"width: 423px\" class=\"wp-caption aligncenter\"><a href=\"http:\/\/www.apdha.org\/cadiz\/wp-content\/uploads\/AEDH-4.jpg\"><img aria-describedby=\"caption-attachment-1307\" class=\" wp-image-1307\" src=\"http:\/\/www.apdha.org\/cadiz\/wp-content\/uploads\/AEDH-4-300x160.jpg\" alt=\"Un momento del seminario sobre &quot;Libertad de Circulaci\u00f3n&quot;\" width=\"413\" height=\"220\" srcset=\"https:\/\/www.apdha.org\/cadiz\/wp-content\/uploads\/AEDH-4-300x160.jpg 300w, https:\/\/www.apdha.org\/cadiz\/wp-content\/uploads\/AEDH-4-1024x545.jpg 1024w, https:\/\/www.apdha.org\/cadiz\/wp-content\/uploads\/AEDH-4-150x80.jpg 150w, https:\/\/www.apdha.org\/cadiz\/wp-content\/uploads\/AEDH-4.jpg 1600w\" sizes=\"(max-width: 413px) 100vw, 413px\" \/><\/a><p id=\"caption-attachment-1307\" class=\"wp-caption-text\">Un momento del seminario sobre \u00abLibertad de Circulaci\u00f3n\u00bb<\/p><\/div>\n<p>El 6 de mayo tuvo lugar en la Casa de la Uni\u00f3n Europea de Viena (Austria) el seminario \u201cLa libertad de circulaci\u00f3n en la Uni\u00f3n Europea\u201d.<\/p>\n<p>En este seminario se habl\u00f3 de la necesidad de visibilizar la problem\u00e1tica en torno al derecho de la libertad de circulaci\u00f3n de las personas en la UE, la vulneraci\u00f3n del derecho a la privacidad y de datos personales por parte de los pa\u00edses miembros en las fronteras con novedosos instrumentos de control, as\u00ed como conocer la situaci\u00f3n dispar que viven distintos pa\u00edses miembros entre ellos y terceros de la Uni\u00f3n Europea por la limitaci\u00f3n de los derechos sociales y econ\u00f3micos promovidos por los distintos gobiernos.<\/p>\n<p>Las intervenciones estuvieron realizadas, tras la bienvenida por parte del presidente de la AEDH Dominique Guibert, por Catherine Teule (vicepresidenta de la AEDH) con \u201cLa crisis de las fronteras, flagrante delito de expulsiones\u201d, Maryse Artiguelong (miembro de la Junta de la AEDH) \u201cLibertad de movimiento en la UE y el tratamiento de datos personales\u201d donde pudimos conocer los distintos y novedosos mecanismos utilizados para el control de informaci\u00f3n personal y datos tales como VIS, EURODAC, SIS, SB, EES, Interpol SLTD, pasaportes biom\u00e9tricos\u2026, Manuel Malheiros (miembro del bureau de la AEDH y representante de Civitas de Portugal) con \u201cLibertad de movimiento, libertad de residencia e igualdad de derechos\u201d, Christian Pirvulescu (miembro de la CES) con \u201cDisparidades entre estados miembros y retos para los derechos sociales y econ\u00f3micos\u201d y finalmente con Roger Casale (de la organizaci\u00f3n Nuevos Europeos del Reino Unido) donde relat\u00f3 la situaci\u00f3n actual y el sentir en Reino Unido con respecto a la Uni\u00f3n Europea.<\/p>\n<div id=\"attachment_1318\" style=\"width: 373px\" class=\"wp-caption aligncenter\"><a href=\"http:\/\/www.apdha.org\/cadiz\/wp-content\/uploads\/AEDH-25.jpg\"><img aria-describedby=\"caption-attachment-1318\" class=\"wp-image-1318 \" src=\"http:\/\/www.apdha.org\/cadiz\/wp-content\/uploads\/AEDH-25-300x225.jpg\" alt=\"AEDH-25\" width=\"363\" height=\"272\" srcset=\"https:\/\/www.apdha.org\/cadiz\/wp-content\/uploads\/AEDH-25-300x225.jpg 300w, https:\/\/www.apdha.org\/cadiz\/wp-content\/uploads\/AEDH-25-1024x768.jpg 1024w, https:\/\/www.apdha.org\/cadiz\/wp-content\/uploads\/AEDH-25-150x113.jpg 150w, https:\/\/www.apdha.org\/cadiz\/wp-content\/uploads\/AEDH-25.jpg 1600w\" sizes=\"(max-width: 363px) 100vw, 363px\" \/><\/a><p id=\"caption-attachment-1318\" class=\"wp-caption-text\">En Viena tambi\u00e9n se solidarizan con el pueblo palestino<\/p><\/div>\n<p>El seminario finaliz\u00f3 con una mesa redonda bajo el t\u00edtulo \u201c\u00bfQu\u00e9 tipo de Europa queremos?\u201d con la participaci\u00f3n de Ulrique Lunace, parlamentaria europea por el partido de \u201cLos verdes\u201d, Christian Pirvulescu del Comit\u00e9 Econ\u00f3mico y Social, Eva Giannakaki de la Liga Griega de Derechos Humanos, Peter Uhl del Comit\u00e9 Helsinki de la Rep\u00fablica Checa, Angelika Watzl de la liga Austriaca por los Derechos Humanos, nuestro compa\u00f1ero Rafael Lara de la APDHA, Roger Casale de Nuevos Europeos y moderada por Domique Guibert, presidente de la AEDH.<\/p>\n<p>En la mesa redonda se puso de manifiesto el retroceso de derechos y democracia en los pa\u00edses de la UE, donde tras un aumento de los partidos de ultra derecha en los gobiernos se vulnera el estado de derecho con la excusa de la seguridad. Se est\u00e1 poniendo en cuesti\u00f3n el conjunto de valores que en los que supon\u00edamos que se fundamentaba Europa. As\u00ed mismo, se habl\u00f3 no de la crisis de los refugiados, sino de la histeria que se ha producido en Europa, donde se han vulnerado sistem\u00e1ticamente los derechos humanos de estas personas y el miedo y la xenofobia est\u00e1n en aumento. Nuestro compa\u00f1ero Rafa Lara destac\u00f3 el papel de Espa\u00f1a como modelo de control de personas migrantes en las fronteras, presentando nuestro informe Frontera Sur 2016; resalt\u00f3 la similitud de los distintos mecanismos y estrategias utilizados en los pa\u00edses como Turqu\u00eda y centro europeos para el control de personas refugiadas y las utilizadas en nuestro pa\u00eds desde hace a\u00f1os, como por ejemplo en las vallas de Ceuta y Melilla y las devoluciones en caliente por parte de los cuerpos y fuerzas de seguridad del estado con apoyo de Europa.<\/p>\n<p>Por \u00faltimo, destacamos la importancia de la vigilancia y el estado de alerta que tienen que llevar a cabo las distintas organizaciones sociales ante la vulneraci\u00f3n creciente de los derechos humanos, para que mostrando el rechazo y realizando distintas acciones se ponga fin y se visibilicen las continuas vulneraciones de los derechos fundamentales en pro de una econom\u00eda que lejos de ser solidaria es competitiva entre los mismos pa\u00edses de la Uni\u00f3n Europea, favoreciendo a las grandes empresas y al sistema financiero y acabando con los fundamentos de Europa<\/p>\n<p><strong>ASAMBLEA GENERAL ANUAL AEDH VIENA MAYO 2016<\/strong><\/p>\n<div id=\"attachment_1316\" style=\"width: 462px\" class=\"wp-caption aligncenter\"><a href=\"http:\/\/www.apdha.org\/cadiz\/wp-content\/uploads\/AEDH-43.jpg\"><img aria-describedby=\"caption-attachment-1316\" class=\" wp-image-1316\" src=\"http:\/\/www.apdha.org\/cadiz\/wp-content\/uploads\/AEDH-43-300x132.jpg\" alt=\"Un momento de la Asamblea de representantes de las distintas organizaciones de la AEDH \" width=\"452\" height=\"199\" srcset=\"https:\/\/www.apdha.org\/cadiz\/wp-content\/uploads\/AEDH-43-300x132.jpg 300w, https:\/\/www.apdha.org\/cadiz\/wp-content\/uploads\/AEDH-43-1024x449.jpg 1024w, https:\/\/www.apdha.org\/cadiz\/wp-content\/uploads\/AEDH-43-150x66.jpg 150w, https:\/\/www.apdha.org\/cadiz\/wp-content\/uploads\/AEDH-43.jpg 1600w\" sizes=\"(max-width: 452px) 100vw, 452px\" \/><\/a><p id=\"caption-attachment-1316\" class=\"wp-caption-text\">Un momento de la Asamblea de representantes de las distintas organizaciones de la AEDH<\/p><\/div>\n<div id=\"attachment_1314\" style=\"width: 310px\" class=\"wp-caption aligncenter\"><a href=\"http:\/\/www.apdha.org\/cadiz\/wp-content\/uploads\/AEDH-10.jpg\"><img aria-describedby=\"caption-attachment-1314\" class=\"wp-image-1314 size-medium\" src=\"http:\/\/www.apdha.org\/cadiz\/wp-content\/uploads\/AEDH-10-300x225.jpg\" alt=\"AEDH-10\" width=\"300\" height=\"225\" srcset=\"https:\/\/www.apdha.org\/cadiz\/wp-content\/uploads\/AEDH-10-300x225.jpg 300w, https:\/\/www.apdha.org\/cadiz\/wp-content\/uploads\/AEDH-10-1024x768.jpg 1024w, https:\/\/www.apdha.org\/cadiz\/wp-content\/uploads\/AEDH-10-150x113.jpg 150w, https:\/\/www.apdha.org\/cadiz\/wp-content\/uploads\/AEDH-10.jpg 1600w\" sizes=\"(max-width: 300px) 100vw, 300px\" \/><\/a><p id=\"caption-attachment-1314\" class=\"wp-caption-text\">Un momento de la Asamblea con nuestro compa\u00f1ero Juanjo<\/p><\/div>\n<p>Asistieron a la asamblea general representantes de Francia, Luxemburgo, B\u00e9lgica, Holanda, Alemania, Polonia, Estonia, Austria, Bulgaria, Ruman\u00eda, Hungr\u00eda, Grecia, Italia, Malta, Portugal y de Espa\u00f1a (Catalu\u00f1a y Andaluc\u00eda).<\/p>\n<div id=\"attachment_1317\" style=\"width: 374px\" class=\"wp-caption aligncenter\"><a href=\"http:\/\/www.apdha.org\/cadiz\/wp-content\/uploads\/AEDH-21.jpg\"><img aria-describedby=\"caption-attachment-1317\" class=\" wp-image-1317\" src=\"http:\/\/www.apdha.org\/cadiz\/wp-content\/uploads\/AEDH-21-300x225.jpg\" alt=\"Asistimos a una concentraci\u00f3n por la democracia y los derechos humanos amenazados en Polonia\" width=\"364\" height=\"273\" srcset=\"https:\/\/www.apdha.org\/cadiz\/wp-content\/uploads\/AEDH-21-300x225.jpg 300w, https:\/\/www.apdha.org\/cadiz\/wp-content\/uploads\/AEDH-21-1024x768.jpg 1024w, https:\/\/www.apdha.org\/cadiz\/wp-content\/uploads\/AEDH-21-150x113.jpg 150w, https:\/\/www.apdha.org\/cadiz\/wp-content\/uploads\/AEDH-21.jpg 1600w\" sizes=\"(max-width: 364px) 100vw, 364px\" \/><\/a><p id=\"caption-attachment-1317\" class=\"wp-caption-text\">Asistimos a una concentraci\u00f3n por la democracia y los derechos humanos amenazados en Polonia<\/p><\/div>\n<p>La particularidad de esta asamblea estuvo marcada por la situaci\u00f3n actual en la que el estado de derecho y la democracia est\u00e1n siendo desmontadas poco a poco por los distintos pa\u00edses de la Uni\u00f3n Europea, en la que la xenofobia y privaci\u00f3n de derechos con la excusa de la seguridad cada vez se hace m\u00e1s patente, sobre todo por los discursos populistas de los partidos de extrema derecha que est\u00e1n ganando popularidad entre el electorado, aludiendo a la \u201ccrisis de los refugiados\u201d y la \u201ccrisis econ\u00f3mica\u201d entre otros, y as\u00ed como el sentir general de percibir un sentimiento antieuropeo de la ciudadan\u00eda y los gobernantes.<\/p>\n<p>Para ello, tras realizar las cuestiones formales propias de una asamblea, como la aprobaci\u00f3n de actas, presupuestos y etc., se convers\u00f3 sobre las distintas actividades que la AEDH lleva a cabo para denunciar la sistem\u00e1tica vulneraci\u00f3n de los derechos humanos en los pa\u00edses de los que las distintas organizaciones miembros forman parte, en los diversos grupos de trabajo como lo son el de C\u00e1rceles y privaci\u00f3n de libertad, Tratamiento de datos y privacidad, Migrantes y derecho de asilo e Igualdad de g\u00e9nero.<\/p>\n<p>Tambi\u00e9n se destac\u00f3 la preocupaci\u00f3n por la situaci\u00f3n financiera de las entidades, pues los organismos internacionales no est\u00e1n cumpliendo con las fechas de los pagos y eso repercute de forma negativa en la din\u00e1mica de trabajo, pero no por ello deja de realizarse con tremendos esfuerzos personales y b\u00fasqueda de alternativas ingeniosas. Buen ejemplo de ello fueron los y las int\u00e9rpretes, que realizaron una gran labor para que en estos dos d\u00edas todo el trabajo pudiese llevarse a cabo y de forma gratuita.<\/p>\n<p>Adem\u00e1s, se eligi\u00f3 nueva junta directiva en la que nuestro compa\u00f1ero Juanjo Rodr\u00edguez de la delegaci\u00f3n de C\u00e1diz de la Apdha result\u00f3 elegido miembro del Bureau y delegado del grupo de Igualdad de g\u00e9nero.<\/p>\n<p>Creemos que participar de forma activa en este tipo de encuentros en los que adem\u00e1s de ampliar e intercambiar conocimientos, realizar efusivos debates, y por supuesto, dedicarles muchas horas de trabajo, es nuestra responsabilidad y compromiso como entidad que continuamente intenta visibilizar y denunciar la vulneraci\u00f3n de los derechos fundamentales.<\/p>\n<p>Un ejemplo de ello, y en un sentir comunitario de solidaridad y de forma inesperada, acudimos a una manifestaci\u00f3n que se realiz\u00f3 en las calles de Viena donde nos unimos al representante polaco que participaba en la asamblea general de la AEDH y a todos los polacos y las polacas que resid\u00edan all\u00ed, donde denunciaban la falta de democracia en su pa\u00eds. Fue curioso comprobar c\u00f3mo entre las distintas personas que all\u00ed nos encontr\u00e1bamos, cuando sonaba el himno europeo con letra en polaco, casi todos los presentes lo enton\u00e1bamos o cant\u00e1bamos en los distintos idiomas de procedencia.<\/p>\n<p><strong>Ana Rosado<\/strong><\/p>\n\n\t\t<style type=\"text\/css\">\n\t\t\t#gallery-1 {\n\t\t\t\tmargin: auto;\n\t\t\t}\n\t\t\t#gallery-1 .gallery-item {\n\t\t\t\tfloat: left;\n\t\t\t\tmargin-top: 10px;\n\t\t\t\ttext-align: center;\n\t\t\t\twidth: 33%;\n\t\t\t}\n\t\t\t#gallery-1 img {\n\t\t\t\tborder: 2px solid #cfcfcf;\n\t\t\t}\n\t\t\t#gallery-1 .gallery-caption {\n\t\t\t\tmargin-left: 0;\n\t\t\t}\n\t\t\t\/* see gallery_shortcode() in wp-includes\/media.php *\/\n\t\t<\/style>\n\t\t<div id='gallery-1' class='gallery galleryid-1304 gallery-columns-3 gallery-size-thumbnail'><dl class='gallery-item'>\n\t\t\t<dt class='gallery-icon landscape'>\n\t\t\t\t<a href='https:\/\/www.apdha.org\/cadiz\/cronica-asamblea-de-la-asociacion-europea-de-derechos-humanos-viena-6-al-8-de-mayo\/aedh-29\/'><img width=\"150\" height=\"150\" src=\"https:\/\/www.apdha.org\/cadiz\/wp-content\/uploads\/AEDH-29-150x150.jpg\" class=\"attachment-thumbnail size-thumbnail\" alt=\"\" \/><\/a>\n\t\t\t<\/dt><\/dl><dl class='gallery-item'>\n\t\t\t<dt class='gallery-icon landscape'>\n\t\t\t\t<a href='https:\/\/www.apdha.org\/cadiz\/cronica-asamblea-de-la-asociacion-europea-de-derechos-humanos-viena-6-al-8-de-mayo\/aedh-31\/'><img width=\"150\" height=\"150\" src=\"https:\/\/www.apdha.org\/cadiz\/wp-content\/uploads\/AEDH-31-150x150.jpg\" class=\"attachment-thumbnail size-thumbnail\" alt=\"\" \/><\/a>\n\t\t\t<\/dt><\/dl><dl class='gallery-item'>\n\t\t\t<dt class='gallery-icon landscape'>\n\t\t\t\t<a href='https:\/\/www.apdha.org\/cadiz\/cronica-asamblea-de-la-asociacion-europea-de-derechos-humanos-viena-6-al-8-de-mayo\/aedh-38\/'><img width=\"150\" height=\"150\" src=\"https:\/\/www.apdha.org\/cadiz\/wp-content\/uploads\/AEDH-38-150x150.jpg\" class=\"attachment-thumbnail size-thumbnail\" alt=\"\" \/><\/a>\n\t\t\t<\/dt><\/dl><br style=\"clear: both\" \/>\n\t\t<\/div>\n\n","protected":false},"excerpt":{"rendered":"<p>Una delegaci\u00f3n de la Derechos Humanos asistimos en Viena (Austria) a la asamblea general anual de la Asociaci\u00f3n Europea por los Derechos Humanos (AEDH) los d\u00edas 7 y 8 de mayo, precedida el d\u00eda 6 por un seminario sobre la libertad de circulaci\u00f3n en Europa. He aqu\u00ed una cr\u00f3nica de \u2026<\/p>\n<p class=\"continue-reading-button\"> <a class=\"continue-reading-link\" href=\"https:\/\/www.apdha.org\/cadiz\/cronica-asamblea-de-la-asociacion-europea-de-derechos-humanos-viena-6-al-8-de-mayo\/\">Seguir Leyendo<i class=\"crycon-right-dir\"><\/i><\/a><\/p>\n<div class='heateorSssClear'><\/div><div  class='heateor_sss_sharing_container heateor_sss_horizontal_sharing' data-heateor-sss-href='https:\/\/www.apdha.org\/cadiz\/cronica-asamblea-de-la-asociacion-europea-de-derechos-humanos-viena-6-al-8-de-mayo\/'><div class='heateor_sss_sharing_title' style=\"font-weight:bold\" ><\/div><div class=\"heateor_sss_sharing_ul\"><a class=\"heateor_sss_facebook\" href=\"https:\/\/www.facebook.com\/sharer\/sharer.php?u=https%3A%2F%2Fwww.apdha.org%2Fcadiz%2Fcronica-asamblea-de-la-asociacion-europea-de-derechos-humanos-viena-6-al-8-de-mayo%2F\" title=\"Facebook\" rel=\"nofollow noopener\" target=\"_blank\" style=\"font-size:32px!important;box-shadow:none;display:inline-block;vertical-align:middle\"><span class=\"heateor_sss_svg\" style=\"background-color:#3c589a;width:35px;height:35px;border-radius:999px;display:inline-block;opacity:1;float:left;font-size:32px;box-shadow:none;display:inline-block;font-size:16px;padding:0 4px;vertical-align:middle;background-repeat:repeat;overflow:hidden;padding:0;cursor:pointer;box-sizing:content-box\"><svg style=\"display:block;border-radius:999px;\" focusable=\"false\" aria-hidden=\"true\" xmlns=\"http:\/\/www.w3.org\/2000\/svg\" width=\"100%\" height=\"100%\" viewBox=\"-5 -5 42 42\"><path d=\"M17.78 27.5V17.008h3.522l.527-4.09h-4.05v-2.61c0-1.182.33-1.99 2.023-1.99h2.166V4.66c-.375-.05-1.66-.16-3.155-.16-3.123 0-5.26 1.905-5.26 5.405v3.016h-3.53v4.09h3.53V27.5h4.223z\" fill=\"#fff\"><\/path><\/svg><\/span><\/a><a class=\"heateor_sss_button_twitter\" href=\"http:\/\/twitter.com\/intent\/tweet?text=Cr%C3%B3nica%20Asamblea%20de%20la%20Asociaci%C3%B3n%20Europea%20de%20Derechos%20Humanos%20%28Viena%206%20al%208%20de%20mayo%29&url=https%3A%2F%2Fwww.apdha.org%2Fcadiz%2Fcronica-asamblea-de-la-asociacion-europea-de-derechos-humanos-viena-6-al-8-de-mayo%2F\" title=\"Twitter\" rel=\"nofollow noopener\" target=\"_blank\" style=\"font-size:32px!important;box-shadow:none;display:inline-block;vertical-align:middle\"><span class=\"heateor_sss_svg heateor_sss_s__default heateor_sss_s_twitter\" style=\"background-color:#55acee;width:35px;height:35px;border-radius:999px;display:inline-block;opacity:1;float:left;font-size:32px;box-shadow:none;display:inline-block;font-size:16px;padding:0 4px;vertical-align:middle;background-repeat:repeat;overflow:hidden;padding:0;cursor:pointer;box-sizing:content-box\"><svg style=\"display:block;border-radius:999px;\" focusable=\"false\" aria-hidden=\"true\" xmlns=\"http:\/\/www.w3.org\/2000\/svg\" width=\"100%\" height=\"100%\" viewBox=\"-4 -4 39 39\"><path d=\"M28 8.557a9.913 9.913 0 0 1-2.828.775 4.93 4.93 0 0 0 2.166-2.725 9.738 9.738 0 0 1-3.13 1.194 4.92 4.92 0 0 0-3.593-1.55 4.924 4.924 0 0 0-4.794 6.049c-4.09-.21-7.72-2.17-10.15-5.15a4.942 4.942 0 0 0-.665 2.477c0 1.71.87 3.214 2.19 4.1a4.968 4.968 0 0 1-2.23-.616v.06c0 2.39 1.7 4.38 3.952 4.83-.414.115-.85.174-1.297.174-.318 0-.626-.03-.928-.086a4.935 4.935 0 0 0 4.6 3.42 9.893 9.893 0 0 1-6.114 2.107c-.398 0-.79-.023-1.175-.068a13.953 13.953 0 0 0 7.55 2.213c9.056 0 14.01-7.507 14.01-14.013 0-.213-.005-.426-.015-.637.96-.695 1.795-1.56 2.455-2.55z\" fill=\"#fff\"><\/path><\/svg><\/span><\/a><a class=\"heateor_sss_button_instagram\" href=\"https:\/\/www.instagram.com\/\" title=\"Instagram\" rel=\"nofollow noopener\" target=\"_blank\" style=\"font-size:32px!important;box-shadow:none;display:inline-block;vertical-align:middle\"><span class=\"heateor_sss_svg\" style=\"background-color:#53beee;width:35px;height:35px;border-radius:999px;display:inline-block;opacity:1;float:left;font-size:32px;box-shadow:none;display:inline-block;font-size:16px;padding:0 4px;vertical-align:middle;background-repeat:repeat;overflow:hidden;padding:0;cursor:pointer;box-sizing:content-box\"><svg style=\"display:block;border-radius:999px;\" version=\"1.1\" viewBox=\"-10 -10 148 148\" width=\"100%\" height=\"100%\" xml:space=\"preserve\" xmlns=\"http:\/\/www.w3.org\/2000\/svg\" xmlns:xlink=\"http:\/\/www.w3.org\/1999\/xlink\"><g><g><path d=\"M86,112H42c-14.336,0-26-11.663-26-26V42c0-14.337,11.664-26,26-26h44c14.337,0,26,11.663,26,26v44 C112,100.337,100.337,112,86,112z M42,24c-9.925,0-18,8.074-18,18v44c0,9.925,8.075,18,18,18h44c9.926,0,18-8.075,18-18V42 c0-9.926-8.074-18-18-18H42z\" fill=\"#fff\"><\/path><\/g><g><path d=\"M64,88c-13.234,0-24-10.767-24-24c0-13.234,10.766-24,24-24s24,10.766,24,24C88,77.233,77.234,88,64,88z M64,48c-8.822,0-16,7.178-16,16s7.178,16,16,16c8.822,0,16-7.178,16-16S72.822,48,64,48z\" fill=\"#fff\"><\/path><\/g><g><circle cx=\"89.5\" cy=\"38.5\" fill=\"#fff\" r=\"5.5\"><\/circle><\/g><\/g><\/svg><\/span><\/a><a class=\"heateor_sss_whatsapp\" href=\"https:\/\/api.whatsapp.com\/send?text=Cr%C3%B3nica%20Asamblea%20de%20la%20Asociaci%C3%B3n%20Europea%20de%20Derechos%20Humanos%20%28Viena%206%20al%208%20de%20mayo%29 https%3A%2F%2Fwww.apdha.org%2Fcadiz%2Fcronica-asamblea-de-la-asociacion-europea-de-derechos-humanos-viena-6-al-8-de-mayo%2F\" title=\"Whatsapp\" rel=\"nofollow noopener\" target=\"_blank\" style=\"font-size:32px!important;box-shadow:none;display:inline-block;vertical-align:middle\"><span class=\"heateor_sss_svg\" style=\"background-color:#55eb4c;width:35px;height:35px;border-radius:999px;display:inline-block;opacity:1;float:left;font-size:32px;box-shadow:none;display:inline-block;font-size:16px;padding:0 4px;vertical-align:middle;background-repeat:repeat;overflow:hidden;padding:0;cursor:pointer;box-sizing:content-box\"><svg style=\"display:block;border-radius:999px;\" focusable=\"false\" aria-hidden=\"true\" xmlns=\"http:\/\/www.w3.org\/2000\/svg\" width=\"100%\" height=\"100%\" viewBox=\"-6 -5 40 40\"><path class=\"heateor_sss_svg_stroke heateor_sss_no_fill\" stroke=\"#fff\" stroke-width=\"2\" fill=\"none\" d=\"M 11.579798566743314 24.396926207859085 A 10 10 0 1 0 6.808479557110079 20.73576436351046\"><\/path><path d=\"M 7 19 l -1 6 l 6 -1\" class=\"heateor_sss_no_fill heateor_sss_svg_stroke\" stroke=\"#fff\" stroke-width=\"2\" fill=\"none\"><\/path><path d=\"M 10 10 q -1 8 8 11 c 5 -1 0 -6 -1 -3 q -4 -3 -5 -5 c 4 -2 -1 -5 -1 -4\" fill=\"#fff\"><\/path><\/svg><\/span><\/a><a class=\"heateor_sss_button_copy_link\" title=\"Copy Link\" rel=\"nofollow noopener\" href=\"https:\/\/www.apdha.org\/cadiz\/cronica-asamblea-de-la-asociacion-europea-de-derechos-humanos-viena-6-al-8-de-mayo\/\" onclick=\"event.preventDefault()\" style=\"font-size:32px!important;box-shadow:none;display:inline-block;vertical-align:middle\"><span class=\"heateor_sss_svg heateor_sss_s__default heateor_sss_s_copy_link\" style=\"background-color:#ffc112;width:35px;height:35px;border-radius:999px;display:inline-block;opacity:1;float:left;font-size:32px;box-shadow:none;display:inline-block;font-size:16px;padding:0 4px;vertical-align:middle;background-repeat:repeat;overflow:hidden;padding:0;cursor:pointer;box-sizing:content-box\"><svg style=\"display:block;border-radius:999px;\" focusable=\"false\" aria-hidden=\"true\" xmlns=\"http:\/\/www.w3.org\/2000\/svg\" width=\"100%\" height=\"100%\" viewBox=\"-4 -4 40 40\"><path fill=\"#fff\" d=\"M24.412 21.177c0-.36-.126-.665-.377-.917l-2.804-2.804a1.235 1.235 0 0 0-.913-.378c-.377 0-.7.144-.97.43.026.028.11.11.255.25.144.14.24.236.29.29s.117.14.2.256c.087.117.146.232.177.344.03.112.046.236.046.37 0 .36-.126.666-.377.918a1.25 1.25 0 0 1-.918.377 1.4 1.4 0 0 1-.373-.047 1.062 1.062 0 0 1-.345-.175 2.268 2.268 0 0 1-.256-.2 6.815 6.815 0 0 1-.29-.29c-.14-.142-.223-.23-.25-.254-.297.28-.445.607-.445.984 0 .36.126.664.377.916l2.778 2.79c.243.243.548.364.917.364.36 0 .665-.118.917-.35l1.982-1.97c.252-.25.378-.55.378-.9zm-9.477-9.504c0-.36-.126-.665-.377-.917l-2.777-2.79a1.235 1.235 0 0 0-.913-.378c-.35 0-.656.12-.917.364L7.967 9.92c-.254.252-.38.553-.38.903 0 .36.126.665.38.917l2.802 2.804c.242.243.547.364.916.364.377 0 .7-.14.97-.418-.026-.027-.11-.11-.255-.25s-.24-.235-.29-.29a2.675 2.675 0 0 1-.2-.255 1.052 1.052 0 0 1-.176-.344 1.396 1.396 0 0 1-.047-.37c0-.36.126-.662.377-.914.252-.252.557-.377.917-.377.136 0 .26.015.37.046.114.03.23.09.346.175.117.085.202.153.256.2.054.05.15.148.29.29.14.146.222.23.25.258.294-.278.442-.606.442-.983zM27 21.177c0 1.078-.382 1.99-1.146 2.736l-1.982 1.968c-.745.75-1.658 1.12-2.736 1.12-1.087 0-2.004-.38-2.75-1.143l-2.777-2.79c-.75-.747-1.12-1.66-1.12-2.737 0-1.106.392-2.046 1.183-2.818l-1.186-1.185c-.774.79-1.708 1.186-2.805 1.186-1.078 0-1.995-.376-2.75-1.13l-2.803-2.81C5.377 12.82 5 11.903 5 10.826c0-1.08.382-1.993 1.146-2.738L8.128 6.12C8.873 5.372 9.785 5 10.864 5c1.087 0 2.004.382 2.75 1.146l2.777 2.79c.75.747 1.12 1.66 1.12 2.737 0 1.105-.392 2.045-1.183 2.817l1.186 1.186c.774-.79 1.708-1.186 2.805-1.186 1.078 0 1.995.377 2.75 1.132l2.804 2.804c.754.755 1.13 1.672 1.13 2.75z\"\/><\/svg><\/span><\/a><a class=\"heateor_sss_button_telegram\" href=\"https:\/\/telegram.me\/share\/url?url=https%3A%2F%2Fwww.apdha.org%2Fcadiz%2Fcronica-asamblea-de-la-asociacion-europea-de-derechos-humanos-viena-6-al-8-de-mayo%2F&text=Cr%C3%B3nica%20Asamblea%20de%20la%20Asociaci%C3%B3n%20Europea%20de%20Derechos%20Humanos%20%28Viena%206%20al%208%20de%20mayo%29\" title=\"Telegram\" rel=\"nofollow noopener\" target=\"_blank\" style=\"font-size:32px!important;box-shadow:none;display:inline-block;vertical-align:middle\"><span class=\"heateor_sss_svg heateor_sss_s__default heateor_sss_s_telegram\" style=\"background-color:#3da5f1;width:35px;height:35px;border-radius:999px;display:inline-block;opacity:1;float:left;font-size:32px;box-shadow:none;display:inline-block;font-size:16px;padding:0 4px;vertical-align:middle;background-repeat:repeat;overflow:hidden;padding:0;cursor:pointer;box-sizing:content-box\"><svg style=\"display:block;border-radius:999px;\" focusable=\"false\" aria-hidden=\"true\" xmlns=\"http:\/\/www.w3.org\/2000\/svg\" width=\"100%\" height=\"100%\" viewBox=\"0 0 32 32\"><path fill=\"#fff\" d=\"M25.515 6.896L6.027 14.41c-1.33.534-1.322 1.276-.243 1.606l5 1.56 1.72 5.66c.226.625.115.873.77.873.506 0 .73-.235 1.012-.51l2.43-2.363 5.056 3.734c.93.514 1.602.25 1.834-.863l3.32-15.638c.338-1.363-.52-1.98-1.41-1.577z\"><\/path><\/svg><\/span><\/a><\/div><div class=\"heateorSssClear\"><\/div><\/div><div class='heateorSssClear'><\/div><div class='heateor_sss_sharing_container heateor_sss_vertical_sharing heateor_sss_bottom_sharing' style='width:37px;right: -10px;top: 100px;-webkit-box-shadow:none;box-shadow:none;' data-heateor-sss-href='https:\/\/www.apdha.org\/cadiz\/wp-json\/wp\/v2\/posts\/1304'><div class=\"heateor_sss_sharing_ul\"><a class=\"heateor_sss_facebook\" href=\"https:\/\/www.facebook.com\/sharer\/sharer.php?u=https%3A%2F%2Fwww.apdha.org%2Fcadiz%2Fwp-json%2Fwp%2Fv2%2Fposts%2F1304\" title=\"Facebook\" rel=\"nofollow noopener\" target=\"_blank\" style=\"font-size:32px!important;box-shadow:none;display:inline-block;vertical-align:middle\"><span class=\"heateor_sss_svg\" style=\"background-color:#3c589a;width:33px;height:33px;border-radius:999px;display:inline-block;opacity:1;float:left;font-size:32px;box-shadow:none;display:inline-block;font-size:16px;padding:0 4px;vertical-align:middle;background-repeat:repeat;overflow:hidden;padding:0;cursor:pointer;box-sizing:content-box\"><svg style=\"display:block;border-radius:999px;\" focusable=\"false\" aria-hidden=\"true\" xmlns=\"http:\/\/www.w3.org\/2000\/svg\" width=\"100%\" height=\"100%\" viewBox=\"-5 -5 42 42\"><path d=\"M17.78 27.5V17.008h3.522l.527-4.09h-4.05v-2.61c0-1.182.33-1.99 2.023-1.99h2.166V4.66c-.375-.05-1.66-.16-3.155-.16-3.123 0-5.26 1.905-5.26 5.405v3.016h-3.53v4.09h3.53V27.5h4.223z\" fill=\"#fff\"><\/path><\/svg><\/span><\/a><a class=\"heateor_sss_button_twitter\" href=\"http:\/\/twitter.com\/intent\/tweet?text=Asociaci%C3%B3n%20Pro%20Derechos%20Humanos%20de%20Andaluc%C3%ADa%20-%20APDHA%20Delegaci%C3%B3n%20de%20C%C3%A1diz&url=https%3A%2F%2Fwww.apdha.org%2Fcadiz%2Fwp-json%2Fwp%2Fv2%2Fposts%2F1304\" title=\"Twitter\" rel=\"nofollow noopener\" target=\"_blank\" style=\"font-size:32px!important;box-shadow:none;display:inline-block;vertical-align:middle\"><span class=\"heateor_sss_svg heateor_sss_s__default heateor_sss_s_twitter\" style=\"background-color:#55acee;width:33px;height:33px;border-radius:999px;display:inline-block;opacity:1;float:left;font-size:32px;box-shadow:none;display:inline-block;font-size:16px;padding:0 4px;vertical-align:middle;background-repeat:repeat;overflow:hidden;padding:0;cursor:pointer;box-sizing:content-box\"><svg style=\"display:block;border-radius:999px;\" focusable=\"false\" aria-hidden=\"true\" xmlns=\"http:\/\/www.w3.org\/2000\/svg\" width=\"100%\" height=\"100%\" viewBox=\"-4 -4 39 39\"><path d=\"M28 8.557a9.913 9.913 0 0 1-2.828.775 4.93 4.93 0 0 0 2.166-2.725 9.738 9.738 0 0 1-3.13 1.194 4.92 4.92 0 0 0-3.593-1.55 4.924 4.924 0 0 0-4.794 6.049c-4.09-.21-7.72-2.17-10.15-5.15a4.942 4.942 0 0 0-.665 2.477c0 1.71.87 3.214 2.19 4.1a4.968 4.968 0 0 1-2.23-.616v.06c0 2.39 1.7 4.38 3.952 4.83-.414.115-.85.174-1.297.174-.318 0-.626-.03-.928-.086a4.935 4.935 0 0 0 4.6 3.42 9.893 9.893 0 0 1-6.114 2.107c-.398 0-.79-.023-1.175-.068a13.953 13.953 0 0 0 7.55 2.213c9.056 0 14.01-7.507 14.01-14.013 0-.213-.005-.426-.015-.637.96-.695 1.795-1.56 2.455-2.55z\" fill=\"#fff\"><\/path><\/svg><\/span><\/a><a class=\"heateor_sss_whatsapp\" href=\"https:\/\/api.whatsapp.com\/send?text=Asociaci%C3%B3n%20Pro%20Derechos%20Humanos%20de%20Andaluc%C3%ADa%20-%20APDHA%20Delegaci%C3%B3n%20de%20C%C3%A1diz https%3A%2F%2Fwww.apdha.org%2Fcadiz%2Fwp-json%2Fwp%2Fv2%2Fposts%2F1304\" title=\"Whatsapp\" rel=\"nofollow noopener\" target=\"_blank\" style=\"font-size:32px!important;box-shadow:none;display:inline-block;vertical-align:middle\"><span class=\"heateor_sss_svg\" style=\"background-color:#55eb4c;width:33px;height:33px;border-radius:999px;display:inline-block;opacity:1;float:left;font-size:32px;box-shadow:none;display:inline-block;font-size:16px;padding:0 4px;vertical-align:middle;background-repeat:repeat;overflow:hidden;padding:0;cursor:pointer;box-sizing:content-box\"><svg style=\"display:block;border-radius:999px;\" focusable=\"false\" aria-hidden=\"true\" xmlns=\"http:\/\/www.w3.org\/2000\/svg\" width=\"100%\" height=\"100%\" viewBox=\"-6 -5 40 40\"><path class=\"heateor_sss_svg_stroke heateor_sss_no_fill\" stroke=\"#fff\" stroke-width=\"2\" fill=\"none\" d=\"M 11.579798566743314 24.396926207859085 A 10 10 0 1 0 6.808479557110079 20.73576436351046\"><\/path><path d=\"M 7 19 l -1 6 l 6 -1\" class=\"heateor_sss_no_fill heateor_sss_svg_stroke\" stroke=\"#fff\" stroke-width=\"2\" fill=\"none\"><\/path><path d=\"M 10 10 q -1 8 8 11 c 5 -1 0 -6 -1 -3 q -4 -3 -5 -5 c 4 -2 -1 -5 -1 -4\" fill=\"#fff\"><\/path><\/svg><\/span><\/a><a class=\"heateor_sss_button_copy_link\" title=\"Copy Link\" rel=\"nofollow noopener\" href=\"https:\/\/www.apdha.org\/cadiz\/wp-json\/wp\/v2\/posts\/1304\" onclick=\"event.preventDefault()\" style=\"font-size:32px!important;box-shadow:none;display:inline-block;vertical-align:middle\"><span class=\"heateor_sss_svg heateor_sss_s__default heateor_sss_s_copy_link\" style=\"background-color:#ffc112;width:33px;height:33px;border-radius:999px;display:inline-block;opacity:1;float:left;font-size:32px;box-shadow:none;display:inline-block;font-size:16px;padding:0 4px;vertical-align:middle;background-repeat:repeat;overflow:hidden;padding:0;cursor:pointer;box-sizing:content-box\"><svg style=\"display:block;border-radius:999px;\" focusable=\"false\" aria-hidden=\"true\" xmlns=\"http:\/\/www.w3.org\/2000\/svg\" width=\"100%\" height=\"100%\" viewBox=\"-4 -4 40 40\"><path fill=\"#fff\" d=\"M24.412 21.177c0-.36-.126-.665-.377-.917l-2.804-2.804a1.235 1.235 0 0 0-.913-.378c-.377 0-.7.144-.97.43.026.028.11.11.255.25.144.14.24.236.29.29s.117.14.2.256c.087.117.146.232.177.344.03.112.046.236.046.37 0 .36-.126.666-.377.918a1.25 1.25 0 0 1-.918.377 1.4 1.4 0 0 1-.373-.047 1.062 1.062 0 0 1-.345-.175 2.268 2.268 0 0 1-.256-.2 6.815 6.815 0 0 1-.29-.29c-.14-.142-.223-.23-.25-.254-.297.28-.445.607-.445.984 0 .36.126.664.377.916l2.778 2.79c.243.243.548.364.917.364.36 0 .665-.118.917-.35l1.982-1.97c.252-.25.378-.55.378-.9zm-9.477-9.504c0-.36-.126-.665-.377-.917l-2.777-2.79a1.235 1.235 0 0 0-.913-.378c-.35 0-.656.12-.917.364L7.967 9.92c-.254.252-.38.553-.38.903 0 .36.126.665.38.917l2.802 2.804c.242.243.547.364.916.364.377 0 .7-.14.97-.418-.026-.027-.11-.11-.255-.25s-.24-.235-.29-.29a2.675 2.675 0 0 1-.2-.255 1.052 1.052 0 0 1-.176-.344 1.396 1.396 0 0 1-.047-.37c0-.36.126-.662.377-.914.252-.252.557-.377.917-.377.136 0 .26.015.37.046.114.03.23.09.346.175.117.085.202.153.256.2.054.05.15.148.29.29.14.146.222.23.25.258.294-.278.442-.606.442-.983zM27 21.177c0 1.078-.382 1.99-1.146 2.736l-1.982 1.968c-.745.75-1.658 1.12-2.736 1.12-1.087 0-2.004-.38-2.75-1.143l-2.777-2.79c-.75-.747-1.12-1.66-1.12-2.737 0-1.106.392-2.046 1.183-2.818l-1.186-1.185c-.774.79-1.708 1.186-2.805 1.186-1.078 0-1.995-.376-2.75-1.13l-2.803-2.81C5.377 12.82 5 11.903 5 10.826c0-1.08.382-1.993 1.146-2.738L8.128 6.12C8.873 5.372 9.785 5 10.864 5c1.087 0 2.004.382 2.75 1.146l2.777 2.79c.75.747 1.12 1.66 1.12 2.737 0 1.105-.392 2.045-1.183 2.817l1.186 1.186c.774-.79 1.708-1.186 2.805-1.186 1.078 0 1.995.377 2.75 1.132l2.804 2.804c.754.755 1.13 1.672 1.13 2.75z\"\/><\/svg><\/span><\/a><a class=\"heateor_sss_button_instagram\" href=\"https:\/\/www.instagram.com\/\" title=\"Instagram\" rel=\"nofollow noopener\" target=\"_blank\" style=\"font-size:32px!important;box-shadow:none;display:inline-block;vertical-align:middle\"><span class=\"heateor_sss_svg\" style=\"background-color:#53beee;width:33px;height:33px;border-radius:999px;display:inline-block;opacity:1;float:left;font-size:32px;box-shadow:none;display:inline-block;font-size:16px;padding:0 4px;vertical-align:middle;background-repeat:repeat;overflow:hidden;padding:0;cursor:pointer;box-sizing:content-box\"><svg style=\"display:block;border-radius:999px;\" version=\"1.1\" viewBox=\"-10 -10 148 148\" width=\"100%\" height=\"100%\" xml:space=\"preserve\" xmlns=\"http:\/\/www.w3.org\/2000\/svg\" xmlns:xlink=\"http:\/\/www.w3.org\/1999\/xlink\"><g><g><path d=\"M86,112H42c-14.336,0-26-11.663-26-26V42c0-14.337,11.664-26,26-26h44c14.337,0,26,11.663,26,26v44 C112,100.337,100.337,112,86,112z M42,24c-9.925,0-18,8.074-18,18v44c0,9.925,8.075,18,18,18h44c9.926,0,18-8.075,18-18V42 c0-9.926-8.074-18-18-18H42z\" fill=\"#fff\"><\/path><\/g><g><path d=\"M64,88c-13.234,0-24-10.767-24-24c0-13.234,10.766-24,24-24s24,10.766,24,24C88,77.233,77.234,88,64,88z M64,48c-8.822,0-16,7.178-16,16s7.178,16,16,16c8.822,0,16-7.178,16-16S72.822,48,64,48z\" fill=\"#fff\"><\/path><\/g><g><circle cx=\"89.5\" cy=\"38.5\" fill=\"#fff\" r=\"5.5\"><\/circle><\/g><\/g><\/svg><\/span><\/a><a class=\"heateor_sss_button_telegram\" href=\"https:\/\/telegram.me\/share\/url?url=https%3A%2F%2Fwww.apdha.org%2Fcadiz%2Fwp-json%2Fwp%2Fv2%2Fposts%2F1304&text=Asociaci%C3%B3n%20Pro%20Derechos%20Humanos%20de%20Andaluc%C3%ADa%20-%20APDHA%20Delegaci%C3%B3n%20de%20C%C3%A1diz\" title=\"Telegram\" rel=\"nofollow noopener\" target=\"_blank\" style=\"font-size:32px!important;box-shadow:none;display:inline-block;vertical-align:middle\"><span class=\"heateor_sss_svg heateor_sss_s__default heateor_sss_s_telegram\" style=\"background-color:#3da5f1;width:33px;height:33px;border-radius:999px;display:inline-block;opacity:1;float:left;font-size:32px;box-shadow:none;display:inline-block;font-size:16px;padding:0 4px;vertical-align:middle;background-repeat:repeat;overflow:hidden;padding:0;cursor:pointer;box-sizing:content-box\"><svg style=\"display:block;border-radius:999px;\" focusable=\"false\" aria-hidden=\"true\" xmlns=\"http:\/\/www.w3.org\/2000\/svg\" width=\"100%\" height=\"100%\" viewBox=\"0 0 32 32\"><path fill=\"#fff\" d=\"M25.515 6.896L6.027 14.41c-1.33.534-1.322 1.276-.243 1.606l5 1.56 1.72 5.66c.226.625.115.873.77.873.506 0 .73-.235 1.012-.51l2.43-2.363 5.056 3.734c.93.514 1.602.25 1.834-.863l3.32-15.638c.338-1.363-.52-1.98-1.41-1.577z\"><\/path><\/svg><\/span><\/a><\/div><div class=\"heateorSssClear\"><\/div><\/div>","protected":false},"author":1,"featured_media":0,"comment_status":"closed","ping_status":"open","sticky":false,"template":"","format":"standard","meta":[],"categories":[281,280,16],"tags":[],"_links":{"self":[{"href":"https:\/\/www.apdha.org\/cadiz\/wp-json\/wp\/v2\/posts\/1304"}],"collection":[{"href":"https:\/\/www.apdha.org\/cadiz\/wp-json\/wp\/v2\/posts"}],"about":[{"href":"https:\/\/www.apdha.org\/cadiz\/wp-json\/wp\/v2\/types\/post"}],"author":[{"embeddable":true,"href":"https:\/\/www.apdha.org\/cadiz\/wp-json\/wp\/v2\/users\/1"}],"replies":[{"embeddable":true,"href":"https:\/\/www.apdha.org\/cadiz\/wp-json\/wp\/v2\/comments?post=1304"}],"version-history":[{"count":2,"href":"https:\/\/www.apdha.org\/cadiz\/wp-json\/wp\/v2\/posts\/1304\/revisions"}],"predecessor-version":[{"id":1322,"href":"https:\/\/www.apdha.org\/cadiz\/wp-json\/wp\/v2\/posts\/1304\/revisions\/1322"}],"wp:attachment":[{"href":"https:\/\/www.apdha.org\/cadiz\/wp-json\/wp\/v2\/media?parent=1304"}],"wp:term":[{"taxonomy":"category","embeddable":true,"href":"https:\/\/www.apdha.org\/cadiz\/wp-json\/wp\/v2\/categories?post=1304"},{"taxonomy":"post_tag","embeddable":true,"href":"https:\/\/www.apdha.org\/cadiz\/wp-json\/wp\/v2\/tags?post=1304"}],"curies":[{"name":"wp","href":"https:\/\/api.w.org\/{rel}","templated":true}]}}