{"id":5702,"date":"2022-09-30T13:31:08","date_gmt":"2022-09-30T13:31:08","guid":{"rendered":"https:\/\/www.apdha.org\/cadiz\/?p=5702"},"modified":"2022-09-30T19:47:09","modified_gmt":"2022-09-30T19:47:09","slug":"jornada-antirracista-conil-septiembre-2022","status":"publish","type":"post","link":"https:\/\/www.apdha.org\/cadiz\/jornada-antirracista-conil-septiembre-2022\/","title":{"rendered":"Jornada Antirracista Conil | Septiembre 2022"},"content":{"rendered":"<p><a href=\"https:\/\/www.apdha.org\/cadiz\/wp-content\/uploads\/V2-JORNADA-ANTIRRACISTA.png\"><img class=\"wp-image-5706 alignleft\" src=\"https:\/\/www.apdha.org\/cadiz\/wp-content\/uploads\/V2-JORNADA-ANTIRRACISTA.png\" alt=\"\" width=\"163\" height=\"231\" srcset=\"https:\/\/www.apdha.org\/cadiz\/wp-content\/uploads\/V2-JORNADA-ANTIRRACISTA.png 1587w, https:\/\/www.apdha.org\/cadiz\/wp-content\/uploads\/V2-JORNADA-ANTIRRACISTA-212x300.png 212w, https:\/\/www.apdha.org\/cadiz\/wp-content\/uploads\/V2-JORNADA-ANTIRRACISTA-724x1024.png 724w, https:\/\/www.apdha.org\/cadiz\/wp-content\/uploads\/V2-JORNADA-ANTIRRACISTA-768x1086.png 768w, https:\/\/www.apdha.org\/cadiz\/wp-content\/uploads\/V2-JORNADA-ANTIRRACISTA-1086x1536.png 1086w, https:\/\/www.apdha.org\/cadiz\/wp-content\/uploads\/V2-JORNADA-ANTIRRACISTA-1448x2048.png 1448w, https:\/\/www.apdha.org\/cadiz\/wp-content\/uploads\/V2-JORNADA-ANTIRRACISTA-106x150.png 106w\" sizes=\"(max-width: 163px) 100vw, 163px\" \/><\/a>El viernes 30 de septiembre, en el marco del convenio que la delegaci\u00f3n de C\u00e1diz de APDHA mantiene con el Ayuntamiento de Conil desde hace m\u00e1s de una d\u00e9cada, realizamos la<strong> <a href=\"https:\/\/youtu.be\/aySm6NIlmZk\" target=\"_blank\" rel=\"noopener\">jornada antirracista<\/a><\/strong>; por la ma\u00f1ana realizamos el <a href=\"https:\/\/www.facebook.com\/Apdha.Cadiz\/posts\/pfbid02yxC5tZNPNujV6VuCUkXF25ZayNzqon8BzjWMudPipY6UfouLH6LixsYfS7EggDGYl\" target=\"_blank\" rel=\"noopener\">homenaje a las v\u00edctimas de las fronteras y las pol\u00edticas migratorias en la patera de la memoria<\/a> en compa\u00f1\u00eda de la actuaci\u00f3n del joven pianista <a href=\"https:\/\/youtu.be\/HSwHEt3ocLU?t=22\" target=\"_blank\" rel=\"noopener\">Juan Jos\u00e9 Sevilla Valencia<\/a> y por la tarde, al inicio del paseo mar\u00edtimo, realizamos una acci\u00f3n de sensibilizaci\u00f3n sobre la realidad de la juventud migrante y el photocall #StopRacismo para mostrar el rechazo\u00a0con los discursos de odio y el racismo.<\/p>\n<p>En el acto de homenaje participaron la concejala de Servicios Sociales, el Alcalde de la localidad y la compa\u00f1era <a href=\"https:\/\/www.facebook.com\/ondaconil\/posts\/4520891777969011\" target=\"_blank\" rel=\"noopener\">Teresa desde la Asociaci\u00f3n Cardijn.<\/a><\/p>\n<p>&nbsp;<\/p>\n<div id=\"attachment_5711\" style=\"width: 433px\" class=\"wp-caption alignleft\"><a href=\"https:\/\/www.apdha.org\/cadiz\/wp-content\/uploads\/a68b79dd-2e41-49b0-bb50-1e24762b1ffb.jpg\"><img aria-describedby=\"caption-attachment-5711\" class=\"wp-image-5711\" src=\"https:\/\/www.apdha.org\/cadiz\/wp-content\/uploads\/a68b79dd-2e41-49b0-bb50-1e24762b1ffb.jpg\" alt=\"\" width=\"423\" height=\"240\" srcset=\"https:\/\/www.apdha.org\/cadiz\/wp-content\/uploads\/a68b79dd-2e41-49b0-bb50-1e24762b1ffb.jpg 1024w, https:\/\/www.apdha.org\/cadiz\/wp-content\/uploads\/a68b79dd-2e41-49b0-bb50-1e24762b1ffb-300x171.jpg 300w, https:\/\/www.apdha.org\/cadiz\/wp-content\/uploads\/a68b79dd-2e41-49b0-bb50-1e24762b1ffb-768x437.jpg 768w, https:\/\/www.apdha.org\/cadiz\/wp-content\/uploads\/a68b79dd-2e41-49b0-bb50-1e24762b1ffb-150x85.jpg 150w\" sizes=\"(max-width: 423px) 100vw, 423px\" \/><\/a><p id=\"caption-attachment-5711\" class=\"wp-caption-text\">Patera de la Memoria | Conil<\/p><\/div>\n<p><strong>Manifiesto<\/strong><\/p>\n<div>\n<p><em>En este d\u00eda nos encontramos en esta Patera de la Memoria en solidaridad con las v\u00edctimas de las fronteras y de las pol\u00edticas migratorias.<\/em><\/p>\n<\/div>\n<div>\n<p><em>Unas pol\u00edticas migratorias cuyo dogma (principio inamovible) es el del cierre de las fronteras a las personas que proceden del sur global, que cada vez reprime m\u00e1s violentamente y que cada a\u00f1o matan a miles de personas.<\/em><\/p>\n<\/div>\n<div>\n<p><em>Desde comienzos de este a\u00f1o hemos podido constatar que m\u00e1s de 1.200 personas han desaparecido o perdido la vida en nuestra Frontera Sur. Una cifra que bati\u00f3 todos los r\u00e9cords en 2021 con 2.126 personas a las que cruelmente se les ha privado del derecho a la vida, y otras tantas de las que, seg\u00fan la Organizaci\u00f3n Internacional de las Migraciones dependiente de la ONU, nunca sabremos nada porque desaparecen por las vicisitudes a las que se tienen que enfrentar durante el camino.<\/em><\/p>\n<\/div>\n<div>\n<p><em>Muchas vidas, vidas sin rastro, que tambi\u00e9n se pierden en nuestro mediterr\u00e1neo andaluz: no podemos olvidar que cada a\u00f1o cientos de j\u00f3venes salen en busca de prosperidad tambi\u00e9n de Argelia y en la mayor\u00eda de las ocasiones solo encuentran la muerte.<\/em><\/p>\n<\/div>\n<div>\n<p><em>Una muerte que se ceba especialmente con La ruta canaria y la ruta de levante que se han convertido en las m\u00e1s mort\u00edferas porque los efectos de los acuerdos que nuestro pa\u00eds tiene con Marruecos han hecho que las zonas del norte del pa\u00eds vecino sean cada vez menos inhabitables para quienes esperan en la b\u00fasqueda de un futuro mejor.<\/em><\/p>\n<\/div>\n<div>\n<p><em>Esta Patera de la Memoria tambi\u00e9n nos recuerda a las m\u00e1s de 12.208 personas que, en m\u00e1s de tres d\u00e9cadas, encontraron la muerte en nuestros mares y oc\u00e9anos. En noviembre de 2022 hace 34 a\u00f1os de aquel \u00a01.988 \u00a0en el que Ildefonso Sena realizara la primera fotograf\u00eda del primer naufragio documentado, ocurrido en la playa de Los Lances en Tarifa y en el cual perdieron la vida 18 personas.<\/em><\/p>\n<\/div>\n<div>\n<blockquote><p><em>Personas con sue\u00f1os, esperanzas y anhelos a las que se las trata como criminales y que sufren en su propia carne el incremento de los discursos de odio, el racismo y la xenofobia y contra las que se dirige un lenguaje belicista y ofensivo (con t\u00e9rminos como: ilegal, lucha, oleada, invasi\u00f3n, avalancha) cuando la entrada por un puesto no habilitado \u2013es decir que no sea un puerto, aeropuerto o frontera- no es un delito, es una simple falta administrativa.<\/em><\/p><\/blockquote>\n<\/div>\n<div>\n<p><em>Esta patera tambi\u00e9n nos recuerda que las pol\u00edticas migratorias y los acuerdos que realizan tanto la Uni\u00f3n Europea como el Estado espa\u00f1ol vulneran unos derechos universales como es el de migrar que se recoge en el art\u00edculo 13 y 14 de la Declaraci\u00f3n Universal de los Derechos Humanos; unas pol\u00edticas y unos acuerdos en los que no se duda en subcontratar con terceros pa\u00edses el control de nuestras fronteras, impidiendo a las personas el libre movimiento y oblig\u00e1ndolas a poner en riesgo sus vidas haci\u00e9ndonos creer que el movimiento de personas es algo artificial y no una cuesti\u00f3n natural e intr\u00ednseca a los seres humanos y sobre todo un Derecho Humano.<\/em><\/p>\n<div id=\"attachment_5712\" style=\"width: 355px\" class=\"wp-caption alignright\"><a href=\"https:\/\/www.apdha.org\/cadiz\/wp-content\/uploads\/ceb136e4-71c1-43d7-a533-6a7de1c3925d.jpg\"><img aria-describedby=\"caption-attachment-5712\" class=\"wp-image-5712\" src=\"https:\/\/www.apdha.org\/cadiz\/wp-content\/uploads\/ceb136e4-71c1-43d7-a533-6a7de1c3925d.jpg\" alt=\"\" width=\"345\" height=\"460\" srcset=\"https:\/\/www.apdha.org\/cadiz\/wp-content\/uploads\/ceb136e4-71c1-43d7-a533-6a7de1c3925d.jpg 768w, https:\/\/www.apdha.org\/cadiz\/wp-content\/uploads\/ceb136e4-71c1-43d7-a533-6a7de1c3925d-225x300.jpg 225w, https:\/\/www.apdha.org\/cadiz\/wp-content\/uploads\/ceb136e4-71c1-43d7-a533-6a7de1c3925d-113x150.jpg 113w\" sizes=\"(max-width: 345px) 100vw, 345px\" \/><\/a><p id=\"caption-attachment-5712\" class=\"wp-caption-text\">Ofrenda floral por las v\u00edctimas de las fronteras y de las pol\u00edticas migratorias<\/p><\/div>\n<\/div>\n<div>\n<p><em>Personas que son tratadas como un todo y bajo un mismo mantra, a las que se les impide solicitar protecci\u00f3n internacional en las embajadas espa\u00f1olas de sus pa\u00edses de origen o una vez que llegan a territorio seguro, porque se las devuelve inmediatamente o de forma colectiva, aun cuando la legislaci\u00f3n internacional lo proh\u00edbe.<\/em><\/p>\n<\/div>\n<div>\n<p><em>Hombres, mujeres, ni\u00f1os y ni\u00f1as que son tratadas como nada; como nadies; como simples n\u00fameros o estad\u00edsticas sin conocer sus historias personales o sus experiencias de vida y en las que est\u00e1n las claves para su protecci\u00f3n porque pueden ser vulnerables u objeto de delitos.<\/em><\/p>\n<\/div>\n<div>\n<blockquote><p>&nbsp;<\/p>\n<p><em>Pero no debemos olvidar que esta Patera de la Memoria representa tambi\u00e9n la humanidad y la solidaridad de pueblos como el de Conil que a pesar de las dificultades que se puedan presentar siempre apelan a la memoria, a la hospitalidad y la empat\u00eda.<\/em><\/p><\/blockquote>\n<\/div>\n<div>\n<p>&nbsp;<\/p>\n<p><em>Este acto no solo sirve para denunciar, sirve tambi\u00e9n para hacer visible que los ciudadanos y ciudadanas de Conil defienden los derechos de todas las personas sin hacer distinci\u00f3n del color de la piel, del credo religioso, de la edad, la nacionalidad, orientaci\u00f3n o identidad sexual o de g\u00e9nero\u2026 una ciudadan\u00eda que apuesta firmemente por la defensa y protecci\u00f3n y que cree que todos los seres humanos nacemos libres e iguales en dignidad y derechos, como recoge el pre\u00e1mbulo de la Declaraci\u00f3n Universal de Derechos Humanos . Unos vecinos y vecinas de Conil que acogen con los brazos abiertos y construyen puentes en vez de muros.<\/em><\/p>\n<\/div>\n<div>\n<p><em>Con actos como el que hoy nos re\u00fane aqu\u00ed queremos seguir reclamando que se establezca un sistema de acogida a las personas migrantes que garantice un m\u00ednimo de dignidad y que, de una vez por todas, se establezcan v\u00edas de migraci\u00f3n legales y seguras para que no tengamos que seguir conviviendo con la desidia de quienes miran hacia otro lado mientras nuestro Mediterr\u00e1neo y nuestro Atl\u00e1ntico se convierten en las mayores fosas comunes del mundo.<\/em><\/p>\n<\/div>\n<div>\n<p><em>Hoy tambi\u00e9n nos concentramos aqu\u00ed para defender el derecho a la vida de aquellas personas que buscan un futuro mejor para ellas y sus familias y para mostrar nuestro recuerdo y profundo respeto hacia todas aquellas que perdieron la vida en busca de un sue\u00f1o o un anhelo. Todas aquellas que fueron, son y ser\u00e1n esperanza y sue\u00f1os, y que desgraciadamente en muchas ocasiones descansan en el fondo del mar o en el desierto porque cayeron durante su camino, o que simplemente ya no pueden descansar, porque desaparecieron sin que sus familiares pudiesen despedirse de ellos y de ellas.<\/em><\/p>\n<\/div>\n<div>\n<p style=\"text-align: right;\"><em>\u00a0\u00a0\u00a0\u00a0\u00a0\u00a0\u00a0\u00a0\u00a0\u00a0\u00a0\u00a0\u00a0\u00a0\u00a0\u00a0\u00a0\u00a0\u00a0\u00a0\u00a0\u00a0\u00a0\u00a0\u00a0\u00a0\u00a0\u00a0\u00a0\u00a0\u00a0\u00a0\u00a0\u00a0\u00a0\u00a0\u00a0\u00a0\u00a0\u00a0\u00a0\u00a0\u00a0\u00a0\u00a0\u00a0\u00a0\u00a0\u00a0\u00a0\u00a0\u00a0 \u00a0\u00a0\u00a0\u00a0\u00a0\u00a0\u00a0\u00a0\u00a0\u00a0\u00a0\u00a0\u00a0\u00a0\u00a0\u00a0\u00a0Conil de la Frontera, 30 de septiembre de 2022.<\/em><\/p>\n<\/div>\n<div>\n<p>&nbsp;<\/p>\n<\/div>\n<p><a href=\"https:\/\/www.facebook.com\/Apdha.Cadiz\/posts\/pfbid02yxC5tZNPNujV6VuCUkXF25ZayNzqon8BzjWMudPipY6UfouLH6LixsYfS7EggDGYl\" target=\"_blank\" rel=\"noopener\"><img class=\"alignnone wp-image-5713 size-full\" src=\"https:\/\/www.apdha.org\/cadiz\/wp-content\/uploads\/a6ad3794-5b48-4a02-91b5-de6aa0f2aa87.jpg\" alt=\"\" width=\"1024\" height=\"768\" srcset=\"https:\/\/www.apdha.org\/cadiz\/wp-content\/uploads\/a6ad3794-5b48-4a02-91b5-de6aa0f2aa87.jpg 1024w, https:\/\/www.apdha.org\/cadiz\/wp-content\/uploads\/a6ad3794-5b48-4a02-91b5-de6aa0f2aa87-300x225.jpg 300w, https:\/\/www.apdha.org\/cadiz\/wp-content\/uploads\/a6ad3794-5b48-4a02-91b5-de6aa0f2aa87-768x576.jpg 768w, https:\/\/www.apdha.org\/cadiz\/wp-content\/uploads\/a6ad3794-5b48-4a02-91b5-de6aa0f2aa87-150x113.jpg 150w\" sizes=\"(max-width: 1024px) 100vw, 1024px\" \/><\/a><\/p>\n<blockquote>\n<p style=\"text-align: right;\"><a href=\"https:\/\/www.facebook.com\/Apdha.Cadiz\/posts\/pfbid02yxC5tZNPNujV6VuCUkXF25ZayNzqon8BzjWMudPipY6UfouLH6LixsYfS7EggDGYl\" target=\"_blank\" rel=\"noopener\">Aqu\u00ed m\u00e1s fotos del acto homenaje en la Patera de la Memoria<\/a><\/p>\n<\/blockquote>\n<div class=\"m8h3af8h l7ghb35v kjdc1dyq kmwttqpk gh25dzvf n3t5jt4f\">\n<div dir=\"auto\"><\/div>\n<div dir=\"auto\">Finalizamos la Jornada Antirracista 2022\u00a0con la exposici\u00f3n de paneles sobre la realidad de la Juventud Migrante y el photocall contra la discriminaci\u00f3n y el racismo #StopRacismo.Tambi\u00e9n hemos estado recogiendo firmas para la <a class=\"qi72231t nu7423ey n3hqoq4p r86q59rh b3qcqh3k fq87ekyn bdao358l fsf7x5fv rse6dlih s5oniofx m8h3af8h l7ghb35v kjdc1dyq kmwttqpk srn514ro oxkhqvkx rl78xhln nch0832m cr00lzj9 rn8ck1ys s3jn8y49 icdlwmnq cxfqmxzd d1w2l3lo tes86rjd\" tabindex=\"0\" role=\"link\" href=\"https:\/\/esenciales.info\/\" target=\"_blank\" rel=\"noopener\">#ILPRegularizaci\u00f3nYa. <\/a>Volvemos a agradecer la colaboraci\u00f3n del Ayuntamiento y sobre todo a la ciudadan\u00eda solidaria, hospitalaria y acogedora de Conil.<\/div>\n<div dir=\"auto\"><\/div>\n<\/div>\n<div id=\"attachment_5722\" style=\"width: 1034px\" class=\"wp-caption alignnone\"><a href=\"https:\/\/www.apdha.org\/cadiz\/wp-content\/uploads\/310132649_5403449579704052_625629583170809763_n.jpeg\"><img aria-describedby=\"caption-attachment-5722\" class=\"wp-image-5722 size-full\" src=\"https:\/\/www.apdha.org\/cadiz\/wp-content\/uploads\/310132649_5403449579704052_625629583170809763_n.jpeg\" alt=\"\" width=\"1024\" height=\"768\" srcset=\"https:\/\/www.apdha.org\/cadiz\/wp-content\/uploads\/310132649_5403449579704052_625629583170809763_n.jpeg 1024w, https:\/\/www.apdha.org\/cadiz\/wp-content\/uploads\/310132649_5403449579704052_625629583170809763_n-300x225.jpeg 300w, https:\/\/www.apdha.org\/cadiz\/wp-content\/uploads\/310132649_5403449579704052_625629583170809763_n-768x576.jpeg 768w, https:\/\/www.apdha.org\/cadiz\/wp-content\/uploads\/310132649_5403449579704052_625629583170809763_n-150x113.jpeg 150w\" sizes=\"(max-width: 1024px) 100vw, 1024px\" \/><\/a><p id=\"caption-attachment-5722\" class=\"wp-caption-text\">Foto de familia del grupo de Conil<\/p><\/div>\n<div id=\"attachment_5721\" style=\"width: 778px\" class=\"wp-caption alignnone\"><a href=\"https:\/\/www.apdha.org\/cadiz\/wp-content\/uploads\/310046009_5403449679704042_8066085758632094786_n.jpeg\"><img aria-describedby=\"caption-attachment-5721\" class=\"wp-image-5721 size-full\" src=\"https:\/\/www.apdha.org\/cadiz\/wp-content\/uploads\/310046009_5403449679704042_8066085758632094786_n.jpeg\" alt=\"\" width=\"768\" height=\"1024\" srcset=\"https:\/\/www.apdha.org\/cadiz\/wp-content\/uploads\/310046009_5403449679704042_8066085758632094786_n.jpeg 768w, https:\/\/www.apdha.org\/cadiz\/wp-content\/uploads\/310046009_5403449679704042_8066085758632094786_n-225x300.jpeg 225w, https:\/\/www.apdha.org\/cadiz\/wp-content\/uploads\/310046009_5403449679704042_8066085758632094786_n-113x150.jpeg 113w\" sizes=\"(max-width: 768px) 100vw, 768px\" \/><\/a><p id=\"caption-attachment-5721\" class=\"wp-caption-text\">Recogida de firmas para la #ILPRegularizaci\u00f3nYa<\/p><\/div>\n<div id=\"attachment_5720\" style=\"width: 1450px\" class=\"wp-caption alignnone\"><a href=\"https:\/\/www.apdha.org\/cadiz\/wp-content\/uploads\/310247301_5403449743037369_512373980175460695_n.jpeg\"><img aria-describedby=\"caption-attachment-5720\" class=\"wp-image-5720 size-full\" src=\"https:\/\/www.apdha.org\/cadiz\/wp-content\/uploads\/310247301_5403449743037369_512373980175460695_n.jpeg\" alt=\"\" width=\"1440\" height=\"1080\" srcset=\"https:\/\/www.apdha.org\/cadiz\/wp-content\/uploads\/310247301_5403449743037369_512373980175460695_n.jpeg 1440w, https:\/\/www.apdha.org\/cadiz\/wp-content\/uploads\/310247301_5403449743037369_512373980175460695_n-300x225.jpeg 300w, https:\/\/www.apdha.org\/cadiz\/wp-content\/uploads\/310247301_5403449743037369_512373980175460695_n-1024x768.jpeg 1024w, https:\/\/www.apdha.org\/cadiz\/wp-content\/uploads\/310247301_5403449743037369_512373980175460695_n-768x576.jpeg 768w, https:\/\/www.apdha.org\/cadiz\/wp-content\/uploads\/310247301_5403449743037369_512373980175460695_n-150x113.jpeg 150w\" sizes=\"(max-width: 1440px) 100vw, 1440px\" \/><\/a><p id=\"caption-attachment-5720\" class=\"wp-caption-text\">Exposici\u00f3n de paneles \u00abSensibilizaci\u00f3n entre pares: la realidad de la juventud migrante\u00bb<\/p><\/div>\n","protected":false},"excerpt":{"rendered":"<p>El viernes 30 de septiembre, en el marco del convenio que la delegaci\u00f3n de C\u00e1diz de APDHA mantiene con el Ayuntamiento de Conil desde hace m\u00e1s de una d\u00e9cada, realizamos la jornada antirracista; por la ma\u00f1ana realizamos el homenaje a las v\u00edctimas de las fronteras y las pol\u00edticas migratorias en \u2026<\/p>\n<p class=\"continue-reading-button\"> <a class=\"continue-reading-link\" href=\"https:\/\/www.apdha.org\/cadiz\/jornada-antirracista-conil-septiembre-2022\/\">Seguir Leyendo<i class=\"crycon-right-dir\"><\/i><\/a><\/p>\n<div class='heateorSssClear'><\/div><div  class='heateor_sss_sharing_container heateor_sss_horizontal_sharing' data-heateor-sss-href='https:\/\/www.apdha.org\/cadiz\/jornada-antirracista-conil-septiembre-2022\/'><div class='heateor_sss_sharing_title' style=\"font-weight:bold\" ><\/div><div class=\"heateor_sss_sharing_ul\"><a class=\"heateor_sss_facebook\" href=\"https:\/\/www.facebook.com\/sharer\/sharer.php?u=https%3A%2F%2Fwww.apdha.org%2Fcadiz%2Fjornada-antirracista-conil-septiembre-2022%2F\" title=\"Facebook\" rel=\"nofollow noopener\" target=\"_blank\" style=\"font-size:32px!important;box-shadow:none;display:inline-block;vertical-align:middle\"><span class=\"heateor_sss_svg\" style=\"background-color:#3c589a;width:35px;height:35px;border-radius:999px;display:inline-block;opacity:1;float:left;font-size:32px;box-shadow:none;display:inline-block;font-size:16px;padding:0 4px;vertical-align:middle;background-repeat:repeat;overflow:hidden;padding:0;cursor:pointer;box-sizing:content-box\"><svg style=\"display:block;border-radius:999px;\" focusable=\"false\" aria-hidden=\"true\" xmlns=\"http:\/\/www.w3.org\/2000\/svg\" width=\"100%\" height=\"100%\" viewBox=\"-5 -5 42 42\"><path d=\"M17.78 27.5V17.008h3.522l.527-4.09h-4.05v-2.61c0-1.182.33-1.99 2.023-1.99h2.166V4.66c-.375-.05-1.66-.16-3.155-.16-3.123 0-5.26 1.905-5.26 5.405v3.016h-3.53v4.09h3.53V27.5h4.223z\" fill=\"#fff\"><\/path><\/svg><\/span><\/a><a class=\"heateor_sss_button_twitter\" href=\"http:\/\/twitter.com\/intent\/tweet?text=Jornada%20Antirracista%20Conil%20%7C%20Septiembre%202022&url=https%3A%2F%2Fwww.apdha.org%2Fcadiz%2Fjornada-antirracista-conil-septiembre-2022%2F\" title=\"Twitter\" rel=\"nofollow noopener\" target=\"_blank\" style=\"font-size:32px!important;box-shadow:none;display:inline-block;vertical-align:middle\"><span class=\"heateor_sss_svg heateor_sss_s__default heateor_sss_s_twitter\" style=\"background-color:#55acee;width:35px;height:35px;border-radius:999px;display:inline-block;opacity:1;float:left;font-size:32px;box-shadow:none;display:inline-block;font-size:16px;padding:0 4px;vertical-align:middle;background-repeat:repeat;overflow:hidden;padding:0;cursor:pointer;box-sizing:content-box\"><svg style=\"display:block;border-radius:999px;\" focusable=\"false\" aria-hidden=\"true\" xmlns=\"http:\/\/www.w3.org\/2000\/svg\" width=\"100%\" height=\"100%\" viewBox=\"-4 -4 39 39\"><path d=\"M28 8.557a9.913 9.913 0 0 1-2.828.775 4.93 4.93 0 0 0 2.166-2.725 9.738 9.738 0 0 1-3.13 1.194 4.92 4.92 0 0 0-3.593-1.55 4.924 4.924 0 0 0-4.794 6.049c-4.09-.21-7.72-2.17-10.15-5.15a4.942 4.942 0 0 0-.665 2.477c0 1.71.87 3.214 2.19 4.1a4.968 4.968 0 0 1-2.23-.616v.06c0 2.39 1.7 4.38 3.952 4.83-.414.115-.85.174-1.297.174-.318 0-.626-.03-.928-.086a4.935 4.935 0 0 0 4.6 3.42 9.893 9.893 0 0 1-6.114 2.107c-.398 0-.79-.023-1.175-.068a13.953 13.953 0 0 0 7.55 2.213c9.056 0 14.01-7.507 14.01-14.013 0-.213-.005-.426-.015-.637.96-.695 1.795-1.56 2.455-2.55z\" fill=\"#fff\"><\/path><\/svg><\/span><\/a><a class=\"heateor_sss_button_instagram\" href=\"https:\/\/www.instagram.com\/\" title=\"Instagram\" rel=\"nofollow noopener\" target=\"_blank\" style=\"font-size:32px!important;box-shadow:none;display:inline-block;vertical-align:middle\"><span class=\"heateor_sss_svg\" style=\"background-color:#53beee;width:35px;height:35px;border-radius:999px;display:inline-block;opacity:1;float:left;font-size:32px;box-shadow:none;display:inline-block;font-size:16px;padding:0 4px;vertical-align:middle;background-repeat:repeat;overflow:hidden;padding:0;cursor:pointer;box-sizing:content-box\"><svg style=\"display:block;border-radius:999px;\" version=\"1.1\" viewBox=\"-10 -10 148 148\" width=\"100%\" height=\"100%\" xml:space=\"preserve\" xmlns=\"http:\/\/www.w3.org\/2000\/svg\" xmlns:xlink=\"http:\/\/www.w3.org\/1999\/xlink\"><g><g><path d=\"M86,112H42c-14.336,0-26-11.663-26-26V42c0-14.337,11.664-26,26-26h44c14.337,0,26,11.663,26,26v44 C112,100.337,100.337,112,86,112z M42,24c-9.925,0-18,8.074-18,18v44c0,9.925,8.075,18,18,18h44c9.926,0,18-8.075,18-18V42 c0-9.926-8.074-18-18-18H42z\" fill=\"#fff\"><\/path><\/g><g><path d=\"M64,88c-13.234,0-24-10.767-24-24c0-13.234,10.766-24,24-24s24,10.766,24,24C88,77.233,77.234,88,64,88z M64,48c-8.822,0-16,7.178-16,16s7.178,16,16,16c8.822,0,16-7.178,16-16S72.822,48,64,48z\" fill=\"#fff\"><\/path><\/g><g><circle cx=\"89.5\" cy=\"38.5\" fill=\"#fff\" r=\"5.5\"><\/circle><\/g><\/g><\/svg><\/span><\/a><a class=\"heateor_sss_whatsapp\" href=\"https:\/\/api.whatsapp.com\/send?text=Jornada%20Antirracista%20Conil%20%7C%20Septiembre%202022 https%3A%2F%2Fwww.apdha.org%2Fcadiz%2Fjornada-antirracista-conil-septiembre-2022%2F\" title=\"Whatsapp\" rel=\"nofollow noopener\" target=\"_blank\" style=\"font-size:32px!important;box-shadow:none;display:inline-block;vertical-align:middle\"><span class=\"heateor_sss_svg\" style=\"background-color:#55eb4c;width:35px;height:35px;border-radius:999px;display:inline-block;opacity:1;float:left;font-size:32px;box-shadow:none;display:inline-block;font-size:16px;padding:0 4px;vertical-align:middle;background-repeat:repeat;overflow:hidden;padding:0;cursor:pointer;box-sizing:content-box\"><svg style=\"display:block;border-radius:999px;\" focusable=\"false\" aria-hidden=\"true\" xmlns=\"http:\/\/www.w3.org\/2000\/svg\" width=\"100%\" height=\"100%\" viewBox=\"-6 -5 40 40\"><path class=\"heateor_sss_svg_stroke heateor_sss_no_fill\" stroke=\"#fff\" stroke-width=\"2\" fill=\"none\" d=\"M 11.579798566743314 24.396926207859085 A 10 10 0 1 0 6.808479557110079 20.73576436351046\"><\/path><path d=\"M 7 19 l -1 6 l 6 -1\" class=\"heateor_sss_no_fill heateor_sss_svg_stroke\" stroke=\"#fff\" stroke-width=\"2\" fill=\"none\"><\/path><path d=\"M 10 10 q -1 8 8 11 c 5 -1 0 -6 -1 -3 q -4 -3 -5 -5 c 4 -2 -1 -5 -1 -4\" fill=\"#fff\"><\/path><\/svg><\/span><\/a><a class=\"heateor_sss_button_copy_link\" title=\"Copy Link\" rel=\"nofollow noopener\" href=\"https:\/\/www.apdha.org\/cadiz\/jornada-antirracista-conil-septiembre-2022\/\" onclick=\"event.preventDefault()\" style=\"font-size:32px!important;box-shadow:none;display:inline-block;vertical-align:middle\"><span class=\"heateor_sss_svg heateor_sss_s__default heateor_sss_s_copy_link\" style=\"background-color:#ffc112;width:35px;height:35px;border-radius:999px;display:inline-block;opacity:1;float:left;font-size:32px;box-shadow:none;display:inline-block;font-size:16px;padding:0 4px;vertical-align:middle;background-repeat:repeat;overflow:hidden;padding:0;cursor:pointer;box-sizing:content-box\"><svg style=\"display:block;border-radius:999px;\" focusable=\"false\" aria-hidden=\"true\" xmlns=\"http:\/\/www.w3.org\/2000\/svg\" width=\"100%\" height=\"100%\" viewBox=\"-4 -4 40 40\"><path fill=\"#fff\" d=\"M24.412 21.177c0-.36-.126-.665-.377-.917l-2.804-2.804a1.235 1.235 0 0 0-.913-.378c-.377 0-.7.144-.97.43.026.028.11.11.255.25.144.14.24.236.29.29s.117.14.2.256c.087.117.146.232.177.344.03.112.046.236.046.37 0 .36-.126.666-.377.918a1.25 1.25 0 0 1-.918.377 1.4 1.4 0 0 1-.373-.047 1.062 1.062 0 0 1-.345-.175 2.268 2.268 0 0 1-.256-.2 6.815 6.815 0 0 1-.29-.29c-.14-.142-.223-.23-.25-.254-.297.28-.445.607-.445.984 0 .36.126.664.377.916l2.778 2.79c.243.243.548.364.917.364.36 0 .665-.118.917-.35l1.982-1.97c.252-.25.378-.55.378-.9zm-9.477-9.504c0-.36-.126-.665-.377-.917l-2.777-2.79a1.235 1.235 0 0 0-.913-.378c-.35 0-.656.12-.917.364L7.967 9.92c-.254.252-.38.553-.38.903 0 .36.126.665.38.917l2.802 2.804c.242.243.547.364.916.364.377 0 .7-.14.97-.418-.026-.027-.11-.11-.255-.25s-.24-.235-.29-.29a2.675 2.675 0 0 1-.2-.255 1.052 1.052 0 0 1-.176-.344 1.396 1.396 0 0 1-.047-.37c0-.36.126-.662.377-.914.252-.252.557-.377.917-.377.136 0 .26.015.37.046.114.03.23.09.346.175.117.085.202.153.256.2.054.05.15.148.29.29.14.146.222.23.25.258.294-.278.442-.606.442-.983zM27 21.177c0 1.078-.382 1.99-1.146 2.736l-1.982 1.968c-.745.75-1.658 1.12-2.736 1.12-1.087 0-2.004-.38-2.75-1.143l-2.777-2.79c-.75-.747-1.12-1.66-1.12-2.737 0-1.106.392-2.046 1.183-2.818l-1.186-1.185c-.774.79-1.708 1.186-2.805 1.186-1.078 0-1.995-.376-2.75-1.13l-2.803-2.81C5.377 12.82 5 11.903 5 10.826c0-1.08.382-1.993 1.146-2.738L8.128 6.12C8.873 5.372 9.785 5 10.864 5c1.087 0 2.004.382 2.75 1.146l2.777 2.79c.75.747 1.12 1.66 1.12 2.737 0 1.105-.392 2.045-1.183 2.817l1.186 1.186c.774-.79 1.708-1.186 2.805-1.186 1.078 0 1.995.377 2.75 1.132l2.804 2.804c.754.755 1.13 1.672 1.13 2.75z\"\/><\/svg><\/span><\/a><a class=\"heateor_sss_button_telegram\" href=\"https:\/\/telegram.me\/share\/url?url=https%3A%2F%2Fwww.apdha.org%2Fcadiz%2Fjornada-antirracista-conil-septiembre-2022%2F&text=Jornada%20Antirracista%20Conil%20%7C%20Septiembre%202022\" title=\"Telegram\" rel=\"nofollow noopener\" target=\"_blank\" style=\"font-size:32px!important;box-shadow:none;display:inline-block;vertical-align:middle\"><span class=\"heateor_sss_svg heateor_sss_s__default heateor_sss_s_telegram\" style=\"background-color:#3da5f1;width:35px;height:35px;border-radius:999px;display:inline-block;opacity:1;float:left;font-size:32px;box-shadow:none;display:inline-block;font-size:16px;padding:0 4px;vertical-align:middle;background-repeat:repeat;overflow:hidden;padding:0;cursor:pointer;box-sizing:content-box\"><svg style=\"display:block;border-radius:999px;\" focusable=\"false\" aria-hidden=\"true\" xmlns=\"http:\/\/www.w3.org\/2000\/svg\" width=\"100%\" height=\"100%\" viewBox=\"0 0 32 32\"><path fill=\"#fff\" d=\"M25.515 6.896L6.027 14.41c-1.33.534-1.322 1.276-.243 1.606l5 1.56 1.72 5.66c.226.625.115.873.77.873.506 0 .73-.235 1.012-.51l2.43-2.363 5.056 3.734c.93.514 1.602.25 1.834-.863l3.32-15.638c.338-1.363-.52-1.98-1.41-1.577z\"><\/path><\/svg><\/span><\/a><\/div><div class=\"heateorSssClear\"><\/div><\/div><div class='heateorSssClear'><\/div><div class='heateor_sss_sharing_container heateor_sss_vertical_sharing heateor_sss_bottom_sharing' style='width:37px;right: -10px;top: 100px;-webkit-box-shadow:none;box-shadow:none;' data-heateor-sss-href='https:\/\/www.apdha.org\/cadiz\/wp-json\/wp\/v2\/posts\/5702'><div class=\"heateor_sss_sharing_ul\"><a class=\"heateor_sss_facebook\" href=\"https:\/\/www.facebook.com\/sharer\/sharer.php?u=https%3A%2F%2Fwww.apdha.org%2Fcadiz%2Fwp-json%2Fwp%2Fv2%2Fposts%2F5702\" title=\"Facebook\" rel=\"nofollow noopener\" target=\"_blank\" style=\"font-size:32px!important;box-shadow:none;display:inline-block;vertical-align:middle\"><span class=\"heateor_sss_svg\" style=\"background-color:#3c589a;width:33px;height:33px;border-radius:999px;display:inline-block;opacity:1;float:left;font-size:32px;box-shadow:none;display:inline-block;font-size:16px;padding:0 4px;vertical-align:middle;background-repeat:repeat;overflow:hidden;padding:0;cursor:pointer;box-sizing:content-box\"><svg style=\"display:block;border-radius:999px;\" focusable=\"false\" aria-hidden=\"true\" xmlns=\"http:\/\/www.w3.org\/2000\/svg\" width=\"100%\" height=\"100%\" viewBox=\"-5 -5 42 42\"><path d=\"M17.78 27.5V17.008h3.522l.527-4.09h-4.05v-2.61c0-1.182.33-1.99 2.023-1.99h2.166V4.66c-.375-.05-1.66-.16-3.155-.16-3.123 0-5.26 1.905-5.26 5.405v3.016h-3.53v4.09h3.53V27.5h4.223z\" fill=\"#fff\"><\/path><\/svg><\/span><\/a><a class=\"heateor_sss_button_twitter\" href=\"http:\/\/twitter.com\/intent\/tweet?text=Asociaci%C3%B3n%20Pro%20Derechos%20Humanos%20de%20Andaluc%C3%ADa%20-%20APDHA%20Delegaci%C3%B3n%20de%20C%C3%A1diz&url=https%3A%2F%2Fwww.apdha.org%2Fcadiz%2Fwp-json%2Fwp%2Fv2%2Fposts%2F5702\" title=\"Twitter\" rel=\"nofollow noopener\" target=\"_blank\" style=\"font-size:32px!important;box-shadow:none;display:inline-block;vertical-align:middle\"><span class=\"heateor_sss_svg heateor_sss_s__default heateor_sss_s_twitter\" style=\"background-color:#55acee;width:33px;height:33px;border-radius:999px;display:inline-block;opacity:1;float:left;font-size:32px;box-shadow:none;display:inline-block;font-size:16px;padding:0 4px;vertical-align:middle;background-repeat:repeat;overflow:hidden;padding:0;cursor:pointer;box-sizing:content-box\"><svg style=\"display:block;border-radius:999px;\" focusable=\"false\" aria-hidden=\"true\" xmlns=\"http:\/\/www.w3.org\/2000\/svg\" width=\"100%\" height=\"100%\" viewBox=\"-4 -4 39 39\"><path d=\"M28 8.557a9.913 9.913 0 0 1-2.828.775 4.93 4.93 0 0 0 2.166-2.725 9.738 9.738 0 0 1-3.13 1.194 4.92 4.92 0 0 0-3.593-1.55 4.924 4.924 0 0 0-4.794 6.049c-4.09-.21-7.72-2.17-10.15-5.15a4.942 4.942 0 0 0-.665 2.477c0 1.71.87 3.214 2.19 4.1a4.968 4.968 0 0 1-2.23-.616v.06c0 2.39 1.7 4.38 3.952 4.83-.414.115-.85.174-1.297.174-.318 0-.626-.03-.928-.086a4.935 4.935 0 0 0 4.6 3.42 9.893 9.893 0 0 1-6.114 2.107c-.398 0-.79-.023-1.175-.068a13.953 13.953 0 0 0 7.55 2.213c9.056 0 14.01-7.507 14.01-14.013 0-.213-.005-.426-.015-.637.96-.695 1.795-1.56 2.455-2.55z\" fill=\"#fff\"><\/path><\/svg><\/span><\/a><a class=\"heateor_sss_whatsapp\" href=\"https:\/\/api.whatsapp.com\/send?text=Asociaci%C3%B3n%20Pro%20Derechos%20Humanos%20de%20Andaluc%C3%ADa%20-%20APDHA%20Delegaci%C3%B3n%20de%20C%C3%A1diz https%3A%2F%2Fwww.apdha.org%2Fcadiz%2Fwp-json%2Fwp%2Fv2%2Fposts%2F5702\" title=\"Whatsapp\" rel=\"nofollow noopener\" target=\"_blank\" style=\"font-size:32px!important;box-shadow:none;display:inline-block;vertical-align:middle\"><span class=\"heateor_sss_svg\" style=\"background-color:#55eb4c;width:33px;height:33px;border-radius:999px;display:inline-block;opacity:1;float:left;font-size:32px;box-shadow:none;display:inline-block;font-size:16px;padding:0 4px;vertical-align:middle;background-repeat:repeat;overflow:hidden;padding:0;cursor:pointer;box-sizing:content-box\"><svg style=\"display:block;border-radius:999px;\" focusable=\"false\" aria-hidden=\"true\" xmlns=\"http:\/\/www.w3.org\/2000\/svg\" width=\"100%\" height=\"100%\" viewBox=\"-6 -5 40 40\"><path class=\"heateor_sss_svg_stroke heateor_sss_no_fill\" stroke=\"#fff\" stroke-width=\"2\" fill=\"none\" d=\"M 11.579798566743314 24.396926207859085 A 10 10 0 1 0 6.808479557110079 20.73576436351046\"><\/path><path d=\"M 7 19 l -1 6 l 6 -1\" class=\"heateor_sss_no_fill heateor_sss_svg_stroke\" stroke=\"#fff\" stroke-width=\"2\" fill=\"none\"><\/path><path d=\"M 10 10 q -1 8 8 11 c 5 -1 0 -6 -1 -3 q -4 -3 -5 -5 c 4 -2 -1 -5 -1 -4\" fill=\"#fff\"><\/path><\/svg><\/span><\/a><a class=\"heateor_sss_button_copy_link\" title=\"Copy Link\" rel=\"nofollow noopener\" href=\"https:\/\/www.apdha.org\/cadiz\/wp-json\/wp\/v2\/posts\/5702\" onclick=\"event.preventDefault()\" style=\"font-size:32px!important;box-shadow:none;display:inline-block;vertical-align:middle\"><span class=\"heateor_sss_svg heateor_sss_s__default heateor_sss_s_copy_link\" style=\"background-color:#ffc112;width:33px;height:33px;border-radius:999px;display:inline-block;opacity:1;float:left;font-size:32px;box-shadow:none;display:inline-block;font-size:16px;padding:0 4px;vertical-align:middle;background-repeat:repeat;overflow:hidden;padding:0;cursor:pointer;box-sizing:content-box\"><svg style=\"display:block;border-radius:999px;\" focusable=\"false\" aria-hidden=\"true\" xmlns=\"http:\/\/www.w3.org\/2000\/svg\" width=\"100%\" height=\"100%\" viewBox=\"-4 -4 40 40\"><path fill=\"#fff\" d=\"M24.412 21.177c0-.36-.126-.665-.377-.917l-2.804-2.804a1.235 1.235 0 0 0-.913-.378c-.377 0-.7.144-.97.43.026.028.11.11.255.25.144.14.24.236.29.29s.117.14.2.256c.087.117.146.232.177.344.03.112.046.236.046.37 0 .36-.126.666-.377.918a1.25 1.25 0 0 1-.918.377 1.4 1.4 0 0 1-.373-.047 1.062 1.062 0 0 1-.345-.175 2.268 2.268 0 0 1-.256-.2 6.815 6.815 0 0 1-.29-.29c-.14-.142-.223-.23-.25-.254-.297.28-.445.607-.445.984 0 .36.126.664.377.916l2.778 2.79c.243.243.548.364.917.364.36 0 .665-.118.917-.35l1.982-1.97c.252-.25.378-.55.378-.9zm-9.477-9.504c0-.36-.126-.665-.377-.917l-2.777-2.79a1.235 1.235 0 0 0-.913-.378c-.35 0-.656.12-.917.364L7.967 9.92c-.254.252-.38.553-.38.903 0 .36.126.665.38.917l2.802 2.804c.242.243.547.364.916.364.377 0 .7-.14.97-.418-.026-.027-.11-.11-.255-.25s-.24-.235-.29-.29a2.675 2.675 0 0 1-.2-.255 1.052 1.052 0 0 1-.176-.344 1.396 1.396 0 0 1-.047-.37c0-.36.126-.662.377-.914.252-.252.557-.377.917-.377.136 0 .26.015.37.046.114.03.23.09.346.175.117.085.202.153.256.2.054.05.15.148.29.29.14.146.222.23.25.258.294-.278.442-.606.442-.983zM27 21.177c0 1.078-.382 1.99-1.146 2.736l-1.982 1.968c-.745.75-1.658 1.12-2.736 1.12-1.087 0-2.004-.38-2.75-1.143l-2.777-2.79c-.75-.747-1.12-1.66-1.12-2.737 0-1.106.392-2.046 1.183-2.818l-1.186-1.185c-.774.79-1.708 1.186-2.805 1.186-1.078 0-1.995-.376-2.75-1.13l-2.803-2.81C5.377 12.82 5 11.903 5 10.826c0-1.08.382-1.993 1.146-2.738L8.128 6.12C8.873 5.372 9.785 5 10.864 5c1.087 0 2.004.382 2.75 1.146l2.777 2.79c.75.747 1.12 1.66 1.12 2.737 0 1.105-.392 2.045-1.183 2.817l1.186 1.186c.774-.79 1.708-1.186 2.805-1.186 1.078 0 1.995.377 2.75 1.132l2.804 2.804c.754.755 1.13 1.672 1.13 2.75z\"\/><\/svg><\/span><\/a><a class=\"heateor_sss_button_instagram\" href=\"https:\/\/www.instagram.com\/\" title=\"Instagram\" rel=\"nofollow noopener\" target=\"_blank\" style=\"font-size:32px!important;box-shadow:none;display:inline-block;vertical-align:middle\"><span class=\"heateor_sss_svg\" style=\"background-color:#53beee;width:33px;height:33px;border-radius:999px;display:inline-block;opacity:1;float:left;font-size:32px;box-shadow:none;display:inline-block;font-size:16px;padding:0 4px;vertical-align:middle;background-repeat:repeat;overflow:hidden;padding:0;cursor:pointer;box-sizing:content-box\"><svg style=\"display:block;border-radius:999px;\" version=\"1.1\" viewBox=\"-10 -10 148 148\" width=\"100%\" height=\"100%\" xml:space=\"preserve\" xmlns=\"http:\/\/www.w3.org\/2000\/svg\" xmlns:xlink=\"http:\/\/www.w3.org\/1999\/xlink\"><g><g><path d=\"M86,112H42c-14.336,0-26-11.663-26-26V42c0-14.337,11.664-26,26-26h44c14.337,0,26,11.663,26,26v44 C112,100.337,100.337,112,86,112z M42,24c-9.925,0-18,8.074-18,18v44c0,9.925,8.075,18,18,18h44c9.926,0,18-8.075,18-18V42 c0-9.926-8.074-18-18-18H42z\" fill=\"#fff\"><\/path><\/g><g><path d=\"M64,88c-13.234,0-24-10.767-24-24c0-13.234,10.766-24,24-24s24,10.766,24,24C88,77.233,77.234,88,64,88z M64,48c-8.822,0-16,7.178-16,16s7.178,16,16,16c8.822,0,16-7.178,16-16S72.822,48,64,48z\" fill=\"#fff\"><\/path><\/g><g><circle cx=\"89.5\" cy=\"38.5\" fill=\"#fff\" r=\"5.5\"><\/circle><\/g><\/g><\/svg><\/span><\/a><a class=\"heateor_sss_button_telegram\" href=\"https:\/\/telegram.me\/share\/url?url=https%3A%2F%2Fwww.apdha.org%2Fcadiz%2Fwp-json%2Fwp%2Fv2%2Fposts%2F5702&text=Asociaci%C3%B3n%20Pro%20Derechos%20Humanos%20de%20Andaluc%C3%ADa%20-%20APDHA%20Delegaci%C3%B3n%20de%20C%C3%A1diz\" title=\"Telegram\" rel=\"nofollow noopener\" target=\"_blank\" style=\"font-size:32px!important;box-shadow:none;display:inline-block;vertical-align:middle\"><span class=\"heateor_sss_svg heateor_sss_s__default heateor_sss_s_telegram\" style=\"background-color:#3da5f1;width:33px;height:33px;border-radius:999px;display:inline-block;opacity:1;float:left;font-size:32px;box-shadow:none;display:inline-block;font-size:16px;padding:0 4px;vertical-align:middle;background-repeat:repeat;overflow:hidden;padding:0;cursor:pointer;box-sizing:content-box\"><svg style=\"display:block;border-radius:999px;\" focusable=\"false\" aria-hidden=\"true\" xmlns=\"http:\/\/www.w3.org\/2000\/svg\" width=\"100%\" height=\"100%\" viewBox=\"0 0 32 32\"><path fill=\"#fff\" d=\"M25.515 6.896L6.027 14.41c-1.33.534-1.322 1.276-.243 1.606l5 1.56 1.72 5.66c.226.625.115.873.77.873.506 0 .73-.235 1.012-.51l2.43-2.363 5.056 3.734c.93.514 1.602.25 1.834-.863l3.32-15.638c.338-1.363-.52-1.98-1.41-1.577z\"><\/path><\/svg><\/span><\/a><\/div><div class=\"heateorSssClear\"><\/div><\/div>","protected":false},"author":1,"featured_media":5717,"comment_status":"closed","ping_status":"open","sticky":false,"template":"","format":"standard","meta":[],"categories":[3,277],"tags":[],"_links":{"self":[{"href":"https:\/\/www.apdha.org\/cadiz\/wp-json\/wp\/v2\/posts\/5702"}],"collection":[{"href":"https:\/\/www.apdha.org\/cadiz\/wp-json\/wp\/v2\/posts"}],"about":[{"href":"https:\/\/www.apdha.org\/cadiz\/wp-json\/wp\/v2\/types\/post"}],"author":[{"embeddable":true,"href":"https:\/\/www.apdha.org\/cadiz\/wp-json\/wp\/v2\/users\/1"}],"replies":[{"embeddable":true,"href":"https:\/\/www.apdha.org\/cadiz\/wp-json\/wp\/v2\/comments?post=5702"}],"version-history":[{"count":13,"href":"https:\/\/www.apdha.org\/cadiz\/wp-json\/wp\/v2\/posts\/5702\/revisions"}],"predecessor-version":[{"id":5724,"href":"https:\/\/www.apdha.org\/cadiz\/wp-json\/wp\/v2\/posts\/5702\/revisions\/5724"}],"wp:featuredmedia":[{"embeddable":true,"href":"https:\/\/www.apdha.org\/cadiz\/wp-json\/wp\/v2\/media\/5717"}],"wp:attachment":[{"href":"https:\/\/www.apdha.org\/cadiz\/wp-json\/wp\/v2\/media?parent=5702"}],"wp:term":[{"taxonomy":"category","embeddable":true,"href":"https:\/\/www.apdha.org\/cadiz\/wp-json\/wp\/v2\/categories?post=5702"},{"taxonomy":"post_tag","embeddable":true,"href":"https:\/\/www.apdha.org\/cadiz\/wp-json\/wp\/v2\/tags?post=5702"}],"curies":[{"name":"wp","href":"https:\/\/api.w.org\/{rel}","templated":true}]}}