{"id":6924,"date":"2024-05-08T13:41:06","date_gmt":"2024-05-08T13:41:06","guid":{"rendered":"https:\/\/www.apdha.org\/cadiz\/?p=6924"},"modified":"2024-05-08T13:41:06","modified_gmt":"2024-05-08T13:41:06","slug":"reflexiones-juridicas-acerca-del-encaje-legal-del-internamiento-en-el-cie","status":"publish","type":"post","link":"https:\/\/www.apdha.org\/cadiz\/reflexiones-juridicas-acerca-del-encaje-legal-del-internamiento-en-el-cie\/","title":{"rendered":"Reflexiones jur\u00eddicas acerca del encaje legal del internamiento en el CIE"},"content":{"rendered":"<p style=\"text-align: right;\"><strong>Art\u00edculo de opini\u00f3n de Juan Francisco P\u00e9rez Hermosilla. <\/strong><\/p>\n<p style=\"text-align: right;\"><em>Graduado en Derecho y en Ciencias Pol\u00edticas. Abogado.<\/em><\/p>\n<p style=\"text-align: right;\"><em>Activista y voluntario en APDHA<\/em><\/p>\n<p style=\"font-weight: 400;\">\n<p style=\"font-weight: 400;\"><strong><u>REFLEXIONES JUR\u00cdDICAS ACERCA DEL ENCAJE LEGAL DEL INTERNAMIENTO EN EL CIE<\/u><\/strong><\/p>\n<p style=\"font-weight: 400;\">La potestad legal de aplicar una privaci\u00f3n temporal de libertad como instrumento para asegurar la eficacia y la ejecutividad de un acto o resoluci\u00f3n de car\u00e1cter administrativo \u2013 como es el caso de las expulsiones, devoluciones y los retornos que se pretenden garantizar con esta medida de internamiento en el CIE &#8211; es una cuesti\u00f3n bastante controvertida sometida a una constante e incesante discusi\u00f3n y debate.<\/p>\n<p style=\"font-weight: 400;\">No obstante, a pesar de que desde un enfoque \u00e9tico, pol\u00edtico y social la persistente denuncia de situaciones de vulnerabilidad e inseguridad jur\u00eddica en el interior de estos establecimientos hacen cuestionar la legalidad de la existencia e implementaci\u00f3n de estos m\u00e9todos de control migratorio, resulta que si atendemos al criterio jurisprudencial consolidado sobre esta pol\u00e9mica, podemos comprobar que el Tribunal Constitucional ya se pronunci\u00f3 acerca de este asunto en su archiconocida STC 115\/1987 de 7 de julio<a href=\"applewebdata:\/\/2A6AA160-2266-40AE-8110-0FBAC468937B#_ftn1\" name=\"_ftnref1\">[1]<\/a>, en el sentido de decantarse por considerar el pleno encaje constitucional de esta figura.<\/p>\n<p style=\"font-weight: 400;\">Por un lado, esta postura no viene sino a confirmar de forma solemne lo que a todas luces es una tendencia sistem\u00e1tica en la operatividad del derecho de migraci\u00f3n y extranjer\u00eda, que acostumbra a establecer absolutos reg\u00edmenes de excepci\u00f3n legal cuando se trata de aplicar pol\u00edticas de control migratorio que priorizan valores como la \u201cseguridad\u201d, la \u201cestabilidad interna\u201d y el \u201corden p\u00fablico\u201d. Aplicando medidas completamente desproporcionadas que causan el debilitamiento de una de las garant\u00edas m\u00e1s esenciales que establece nuestro ordenamiento jur\u00eddico y uno de los pilares fundamentales sobre las que se asienta nuestro auto-reconocimiento como un Estado social y democr\u00e1tico de Derecho, el respeto de los derechos fundamentales y las libertades p\u00fablicas de las personas frente a la injerencia de los poderes del Estado.<\/p>\n<p style=\"font-weight: 400;\">As\u00ed pues, los principales motivos que llevaron al m\u00e1ximo int\u00e9rprete de la Constituci\u00f3n a fundar este criterio est\u00e1n basados en aspectos estrictamente te\u00f3ricos circunscritos al plano del derecho positivo, de manera que su fallo se limit\u00f3 a apreciar que esta previsi\u00f3n normativa fuera respetuosa con el principio de legalidad. Ciertamente esa es la funci\u00f3n encomendada al Tribunal Constitucional en lo que respecta a la resoluci\u00f3n de los recursos de inconstitucionalidad &#8211; ejercer un control de la legalidad constitucional de los preceptos que se impugnan -, pero como veremos a continuaci\u00f3n, es precisamente esa desconexi\u00f3n de los \u00f3rganos de la justicia con la realidad f\u00e1ctica en la que se cumplen estos internamientos la que contin\u00faa perpetuando la vigencia de los CIE.<\/p>\n<p style=\"font-weight: 400;\">De este modo ocurre, por ejemplo, respecto a la condici\u00f3n que remarc\u00f3 el Tribunal Constitucional por la cual la legalidad constitucional de los internamientos en los CIE se supedita a que esta privaci\u00f3n de libertad se practique en \u201cestablecimientos de car\u00e1cter no penitenciario\u201d, requisito que viene precisamente apuntado en el mismo art\u00edculo 1.3 del Reglamento de funcionamiento y r\u00e9gimen interior de los CIE (Real Decreto 162\/2014, de 14 de marzo) <a href=\"applewebdata:\/\/2A6AA160-2266-40AE-8110-0FBAC468937B#_ftn2\" name=\"_ftnref2\">[2]<\/a>. Cuando precisamente las labores de inspecci\u00f3n y supervisi\u00f3n que realizan los Jueces de Control de Estancia, la Fiscal\u00eda, el Defensor del Pueblo y las organizaciones de defensa de los derechos humanos han evidenciado hist\u00f3ricamente que el estado que presentan estos centros de retenci\u00f3n, tanto por la insuficiente regulaci\u00f3n del r\u00e9gimen interno como por la deficiente dotaci\u00f3n de recursos, son considerablemente peores que los de las prisiones de este pa\u00eds.<\/p>\n<p style=\"font-weight: 400;\">Si acaso fuera necesario, en este punto voy a valerme de un argumento de autoridad extra\u00eddo de las muchas y c\u00e9lebres valoraciones expuestas por el juez D. Ramiro Garc\u00eda de Dios a este respecto, por cuanto, basando su argumento en su reconocida experiencia ejerciendo como Juez de Control de Estancia del CIE de Aluche entre los a\u00f1os 2009-2018, ha expuesto en reiteradas ocasiones que: \u201caun cuando son definidos como establecimientos p\u00fablicos de car\u00e1cter no penitenciario, lo cierto es que desde la doctrina jur\u00eddica, y desde multitud de analistas, y de pr\u00e1cticamente todas las ONGs y asociaciones de ayuda y defensa de los inmigrantes, se ha considerado con s\u00f3lidos y fundados argumentos que los CIE son de peor condici\u00f3n que los centros penitenciarios, hasta el punto de que un gran n\u00famero de autores los definen como c\u00e1rceles controladas por agentes de polic\u00eda armados y sostenidos en un modelo policial autoritario que va configurando un espacio de sufrimiento para las personas internadas y un espacio de opacidad e impunidad\u201d<a href=\"applewebdata:\/\/2A6AA160-2266-40AE-8110-0FBAC468937B#_ftn3\" name=\"_ftnref3\">[3]<\/a>.<\/p>\n<p style=\"font-weight: 400;\">Asimismo, otra de las hipot\u00e9ticas garant\u00edas que sostienen la legalidad de practicar un internamiento es la necesidad de que la disponibilidad sobre la p\u00e9rdida de libertad provenga de una decisi\u00f3n judicial, a pesar del car\u00e1cter administrativo de la expulsi\u00f3n, la devoluci\u00f3n o el retorno que se pretenda efectuar. Por tanto, el acto que autorice la privaci\u00f3n temporal de libertad deber\u00e1 emitirse en forma de auto y exigir\u00e1 la intervenci\u00f3n del Juzgado de Instrucci\u00f3n donde se haya practicado la detenci\u00f3n. Pues, en todo caso, la privaci\u00f3n de libertad de una persona como forma de limitar el goce de un derecho fundamental, debe de ser una materia disponible exclusivamente por un \u00f3rgano judicial, como garant\u00eda del cumplimiento del art\u00edculo 17 y 25 de la CE que consagra la imposibilidad de que la Administraci\u00f3n pueda imponer una sanci\u00f3n que directa o indirectamente implique una privaci\u00f3n de libertad.<\/p>\n<p style=\"font-weight: 400;\">No obstante, a pesar de que ya resulte por s\u00ed mismo llamativo el hecho de que se haya dispuesto esta artificiosa intervenci\u00f3n del orden judicial penal para salvar la legalidad del internamiento, como tendremos ocasi\u00f3n de comprobar en adelante, si bien en un plano abstracto esta intervenci\u00f3n judicial resulta una garant\u00eda para la legalidad del internamiento, un an\u00e1lisis de la realidad nos evidencia que esta protecci\u00f3n no resulta suficiente para evitar la adopci\u00f3n de estas desproporcionadas medidas, causantes a su vez de situaciones de vulneraci\u00f3n sistem\u00e1tica de derechos.<\/p>\n<p style=\"font-weight: 400;\">Pues bien, si como hemos venido comentando a lo largo de este art\u00edculo entendemos que el internamiento en el CIE es una medida cuya funci\u00f3n es asegurar la deportaci\u00f3n de una persona, es tambi\u00e9n comprensible que aquello que se pretende garantizar en todo caso es la presencia f\u00edsica de la persona para su puesta a disposici\u00f3n ante las autoridades. Por lo tanto, las limitaciones que se autoricen sobre los derechos fundamentales de la persona solo deben afectar a aquellos que sean indispensables para prevenir este resultado, de este modo, el auto de internamiento solo podr\u00e1 privar temporalmente al afectado de su derecho a la libertad, entendida esta en su faceta de libertad ambulatoria o de movimiento.<\/p>\n<p style=\"font-weight: 400;\"><img class=\"wp-image-6925 alignleft\" src=\"https:\/\/www.apdha.org\/cadiz\/wp-content\/uploads\/Juanfran-articulo-opinion-CIE.png\" alt=\"\" width=\"469\" height=\"469\" srcset=\"https:\/\/www.apdha.org\/cadiz\/wp-content\/uploads\/Juanfran-articulo-opinion-CIE.png 1080w, https:\/\/www.apdha.org\/cadiz\/wp-content\/uploads\/Juanfran-articulo-opinion-CIE-300x300.png 300w, https:\/\/www.apdha.org\/cadiz\/wp-content\/uploads\/Juanfran-articulo-opinion-CIE-1024x1024.png 1024w, https:\/\/www.apdha.org\/cadiz\/wp-content\/uploads\/Juanfran-articulo-opinion-CIE-150x150.png 150w, https:\/\/www.apdha.org\/cadiz\/wp-content\/uploads\/Juanfran-articulo-opinion-CIE-768x768.png 768w\" sizes=\"(max-width: 469px) 100vw, 469px\" \/>Evidentemente, no resulta razonable que para asegurar la expulsi\u00f3n de una persona sea indispensable someter a la misma a un r\u00e9gimen que le prive de gozar del resto de derechos vinculados a su dignidad &#8211; como pueden ser el derecho a la salud, a recibir asistencia m\u00e9dica, a la defensa jur\u00eddica, a la intimidad, a la integridad f\u00edsica y moral, a no sufrir tratos inhumanos o degradantes, al secreto de las comunicaciones, el derecho de informaci\u00f3n, etc -, esencialmente porque estos perjuicios que se causan sobre el estatuto jur\u00eddico de la persona interna no est\u00e1n asociados a la prevenci\u00f3n de su presencia.<\/p>\n<p style=\"font-weight: 400;\">Por supuesto, la relaci\u00f3n especial de sujeci\u00f3n y dependencia que se establece entre una persona privada de libertad y la Administraci\u00f3n que gestiona el centro, hace que la garant\u00eda del resto de derechos fundamentales que no deben resultar afectados por el internamiento quede esencialmente mediatizada por su actividad. Siendo precisamente por ello que, para comprometerse a velar por la legalidad del internamiento, se establecieron unas normas &#8211; las incluidas en la Ley de Extranjer\u00eda (arts. 62 bis \u2013 62 sexies) y en el Reglamento de funcionamiento y r\u00e9gimen interno de los CIE &#8211; cuyo cumplimiento hace que esta medida responda a las exigencias de instrumentalidad y proporcionalidad de las que pende su licitud.<\/p>\n<p style=\"font-weight: 400;\">En este sentido, nos encontramos de nuevo con unas garant\u00edas de legalidad que s\u00f3lo se expresan desde un plano formal, pues, aparte de la reiterada denuncia de las carencias que presenta esta regulaci\u00f3n debido a la insuficiencia normativa<a href=\"applewebdata:\/\/2A6AA160-2266-40AE-8110-0FBAC468937B#_ftn4\" name=\"_ftnref4\">[4]<\/a>, el estudio de la realidad que aqueja a los CIE nos demuestra que las infracciones de la legalidad en este sentido son algo sistem\u00e1tico y persistente en la pr\u00e1ctica habitual de estos centros.<\/p>\n<p style=\"font-weight: 400;\">A este respecto, de la tan acuciada tendencia de los CIE a presentar una total inadecuaci\u00f3n y deficiencia en los recursos y medios dispuestos en su funcionamiento, considero oportuno hacer referencia a los ilustradores pronunciamientos expuestos por el Juzgado de Instrucci\u00f3n n\u00ba 8 de Las Palmas de Gran Canaria, en su Auto de 15 de julio de 2015 referido al CIE de Barranco Seco. Pues el Juzgado, tras poner de manifiesto las nefastas condiciones que presentaba el establecimiento para el cumplimiento de su funci\u00f3n, dedic\u00f3 su parte dispositiva a exponer de qu\u00e9 manera estas infracciones de la normativa produc\u00edan efectos perjudiciales para la efectividad de los derechos fundamentales de los internos.<\/p>\n<p style=\"font-weight: 400;\">La concluyente postura del Juzgado ha venido a determinar que el hecho de que el funcionamiento del CIE de Las Palmas se efect\u00fae con total inobservancia de las normas que lo regulan suponen, a su vez, una vulneraci\u00f3n y\/o limitaci\u00f3n del estatuto jur\u00eddico del interno. As\u00ed pues, este pronunciamiento nos sirve para sostener el siguiente razonamiento jur\u00eddico: en caso de que la actuaci\u00f3n negligente en la gesti\u00f3n de los CIE sea causa de infracciones del ordenamiento jur\u00eddico que afecten a las normas de funcionamiento interno de los CIE, si precisamente vulneran las exigencias legales que han sido dispuestas para velar por la eficacia de determinados derechos en su interior \u2013 tales como la salud, la asistencia m\u00e9dica, la asistencia social y cultural, la tutela judicial efectiva, los medios de defensa, la integridad f\u00edsica y moral, la intimidad, el secreto de las comunicaciones, a la informaci\u00f3n, etc. &#8211; , estos incumplimientos son constitutivos de una violaci\u00f3n del estatuto jur\u00eddico de la persona que hacen que el estado de estos establecimientos no sea id\u00f3neo para practicar el internamiento.<\/p>\n<p style=\"font-weight: 400;\">Por lo tanto, esta situaci\u00f3n en la que el funcionamiento del r\u00e9gimen interno de los CIE no se ajusta a los requisitos que amparan su legalidad, por cuanto es provocadora de perjuicios a los derechos fundamentales del interno que no deben quedar afectados por la medida cautelar, supone que el internamiento se ejecute en condiciones que lo hacen inconstitucionalidad. Todo ello por cuanto la capacidad legal de aplicar este internamiento responde a la funci\u00f3n cautelar de asegurar una expulsi\u00f3n, limitando su potestad restrictiva a la privaci\u00f3n del derecho a la libertad, de manera que la lesi\u00f3n de otros derechos no se encuentra amparada constitucionalmente.<\/p>\n<p style=\"font-weight: 400;\">Habida cuenta del estado tan lamentable que presentan los CIE, una vez constatadas las verdaderas situaciones de vulnerabilidad en las que se practica la privaci\u00f3n de libertad a los all\u00ed internos, no queda por m\u00e1s que aseverar que las condiciones actuales de estos establecimientos los hacen completamente inid\u00f3neos para cumplir los fines preventivos que amparan constitucionalmente su funcionalidad instrumental. De este modo, si confirmamos esta total inadecuaci\u00f3n del personal y de los medios y m\u00e9todos destinados a la gesti\u00f3n del funcionamiento de los CIE, y sostenemos a su vez que, estos desajustes en el r\u00e9gimen interno son en s\u00ed mismos constitutivos y, a veces tambi\u00e9n, generadores de frecuentes infracciones del ordenamiento jur\u00eddico constitucional y administrativo, no queda por m\u00e1s que afirmar que los CIE, al no estar sujetos a sus normas de regulaci\u00f3n, no garantizan que las medidas cautelares que se cumplen en su interior se ajusten a los requisitos que sostienen su legitimidad jur\u00eddica<a href=\"applewebdata:\/\/2A6AA160-2266-40AE-8110-0FBAC468937B#_ftn5\" name=\"_ftnref5\">[5]<\/a>.<\/p>\n<p style=\"font-weight: 400;\">En virtud de todo lo expuesto, en el contexto actual, en el que todav\u00eda no se han implementado los recursos y mecanismos apropiados para asegurar que esta medida cautelar \u201cadministrativa\u201d se puede practicar en condiciones m\u00ednimas que garanticen la dignidad y seguridad de las personas internas, los CIE deber\u00edan de proceder a su cierre y dejar de ser utilizados hasta que no cuenten con los requisitos exigidos para ello.<\/p>\n<hr \/>\n<p>Puedes leer su TFM pinchando en la foto:<\/p>\n<p><a href=\"https:\/\/rodin.uca.es\/handle\/10498\/32077\" target=\"_blank\" rel=\"noopener\"><img class=\"img-thumbnail alignnone\" src=\"https:\/\/rodin.uca.es\/bitstream\/handle\/10498\/32077\/ANALISIS%20ACERCA%20DE%20LA%20FALTA%20DE%20GARANT%c3%8dA%20DE%20LOS%20DERECHOS%20CONSTITUCIONALES%20EN%20EL%20ENTORNO%20JUR%c3%8dDICO%20DE%20LOS%20CIE.pdf.jpg?sequence=4&amp;isAllowed=y\" alt=\"Thumbnail\" width=\"353\" height=\"500\" \/><\/a><\/p>\n<hr \/>\n<p><a href=\"applewebdata:\/\/2A6AA160-2266-40AE-8110-0FBAC468937B#_ftnref1\" name=\"_ftn1\">[1]<\/a> En ese entonces, el recurso de inconstitucionalidad presentado por el Defensor del Pueblo se refer\u00eda al art\u00edculo 26.2 de la ya derogada Ley org\u00e1nica 7\/1985, de 1 de julio, sobre derechos y libertades de los extranjeros en Espa\u00f1a, por cuanto fue el primer precepto del derecho interno espa\u00f1ol dedicado a establecer la posibilidad de efectuar un internamiento como medida cautelar y preventiva durante la sustanciaci\u00f3n o ejecuci\u00f3n de un expediente de expulsi\u00f3n.<\/p>\n<p><a href=\"applewebdata:\/\/2A6AA160-2266-40AE-8110-0FBAC468937B#_ftnref2\" name=\"_ftn2\">[2]<\/a> Este requisito viene exigi\u00e9ndose precisamente porque nuestro ordenamiento jur\u00eddico ha configurado el internamiento en el CIE como una medida preventiva, que tiene como fin asegurar la presencia del interesado para proceder a su desplazamiento fuera del pa\u00eds, de manera que la adopci\u00f3n de esta medida no responde a un car\u00e1cter punitivo ni sancionador. Raz\u00f3n por la cual, la expresa referencia a que la naturaleza jur\u00eddica de estos centros impide que tengan car\u00e1cter penitenciario, nos hace inferir que las condiciones que deben de presentar estos establecimientos deben de ser considerablemente m\u00e1s adecuadas para el desarrollo personal de los internos y para garantizar el goce de sus derechos fundamentales.<\/p>\n<p><a href=\"applewebdata:\/\/2A6AA160-2266-40AE-8110-0FBAC468937B#_ftnref3\" name=\"_ftn3\">[3]<\/a> <em>Garc\u00eda de Dios, Ramiro<\/em>. (2015). \u201cLos juzgados de control del Centro de Internamiento de Extranjeros de Madrid: creaci\u00f3n, trayectoria y retos\u201d, cit., p\u00e1g. 276. Texto incluido en la obra colectiva coordinada por Margarita Mart\u00ednez Escamilla \u00abDetenci\u00f3n, internamiento y expulsi\u00f3n administrativa de personas extranjeras\u00bb.<\/p>\n<p><a href=\"applewebdata:\/\/2A6AA160-2266-40AE-8110-0FBAC468937B#_ftnref4\" name=\"_ftn4\">[4]<\/a> Sobre esta cuesti\u00f3n, resulta muy ilustrativo hacer alusi\u00f3n al voto particular emitido por el Magistrado Don Pablo P\u00e9rez Tremps en la STC (Pleno) n\u00ba 17\/2013 de 31 enero (RTC 2013\\17), que al respecto de la norma del art\u00edculo 62 quinquies de la Ley de Extranjer\u00eda expuso: \u201cla falta de calidad de Ley es tan abrumadora en este caso que hubiera debido determinar una declaraci\u00f3n inconstitucionalidad del precepto por vulneraci\u00f3n del art. 18.1 CE\u201d. Todo ello por cuanto a pesar de que las medidas de seguridad est\u00e9n previstas en el Reglamento CIE, al ser una materia que afecta al derecho a la intimidad de las personas es una materia cuya regulaci\u00f3n debe de establecerse por medio de Ley Org\u00e1nica.<\/p>\n<p><a href=\"applewebdata:\/\/2A6AA160-2266-40AE-8110-0FBAC468937B#_ftnref5\" name=\"_ftn5\">[5]<\/a> \u201cTranscurridos casi treinta a\u00f1os desde dicho pronunciamiento, la doctrina del tribunal no ha sido aplicada en toda su extensi\u00f3n por parte de los distintos organismos con competencias en el internamiento de extranjeros. Por eso, desde 1987, el principal empe\u00f1o del Defensor del Pueblo en esta materia ha sido el de comprobar la efectividad del control judicial y recordar a la Administraci\u00f3n que estos centros no tienen car\u00e1cter penitenciario, por lo que se ha de extremar el celo a la hora de regular las condiciones de vida de las personas en ellos internadas\u201d. V\u00e9ase Informe Anual 2016 y debates en las Cortes Generales, I. Informe, pg. 262.<\/p>\n<p>&nbsp;<\/p>\n","protected":false},"excerpt":{"rendered":"<p>Art\u00edculo de opini\u00f3n de Juan Francisco P\u00e9rez Hermosilla. Graduado en Derecho y en Ciencias Pol\u00edticas. Abogado. Activista y voluntario en APDHA REFLEXIONES JUR\u00cdDICAS ACERCA DEL ENCAJE LEGAL DEL INTERNAMIENTO EN EL CIE La potestad legal de aplicar una privaci\u00f3n temporal de libertad como instrumento para asegurar la eficacia y la \u2026<\/p>\n<p class=\"continue-reading-button\"> <a class=\"continue-reading-link\" href=\"https:\/\/www.apdha.org\/cadiz\/reflexiones-juridicas-acerca-del-encaje-legal-del-internamiento-en-el-cie\/\">Seguir Leyendo<i class=\"crycon-right-dir\"><\/i><\/a><\/p>\n<div class='heateorSssClear'><\/div><div  class='heateor_sss_sharing_container heateor_sss_horizontal_sharing' data-heateor-sss-href='https:\/\/www.apdha.org\/cadiz\/reflexiones-juridicas-acerca-del-encaje-legal-del-internamiento-en-el-cie\/'><div class='heateor_sss_sharing_title' style=\"font-weight:bold\" ><\/div><div class=\"heateor_sss_sharing_ul\"><a class=\"heateor_sss_facebook\" href=\"https:\/\/www.facebook.com\/sharer\/sharer.php?u=https%3A%2F%2Fwww.apdha.org%2Fcadiz%2Freflexiones-juridicas-acerca-del-encaje-legal-del-internamiento-en-el-cie%2F\" title=\"Facebook\" rel=\"nofollow noopener\" target=\"_blank\" style=\"font-size:32px!important;box-shadow:none;display:inline-block;vertical-align:middle\"><span class=\"heateor_sss_svg\" style=\"background-color:#3c589a;width:35px;height:35px;border-radius:999px;display:inline-block;opacity:1;float:left;font-size:32px;box-shadow:none;display:inline-block;font-size:16px;padding:0 4px;vertical-align:middle;background-repeat:repeat;overflow:hidden;padding:0;cursor:pointer;box-sizing:content-box\"><svg style=\"display:block;border-radius:999px;\" focusable=\"false\" aria-hidden=\"true\" xmlns=\"http:\/\/www.w3.org\/2000\/svg\" width=\"100%\" height=\"100%\" viewBox=\"-5 -5 42 42\"><path d=\"M17.78 27.5V17.008h3.522l.527-4.09h-4.05v-2.61c0-1.182.33-1.99 2.023-1.99h2.166V4.66c-.375-.05-1.66-.16-3.155-.16-3.123 0-5.26 1.905-5.26 5.405v3.016h-3.53v4.09h3.53V27.5h4.223z\" fill=\"#fff\"><\/path><\/svg><\/span><\/a><a class=\"heateor_sss_button_twitter\" href=\"http:\/\/twitter.com\/intent\/tweet?text=Reflexiones%20jur%C3%ADdicas%20acerca%20del%20encaje%20legal%20del%20internamiento%20en%20el%20CIE&url=https%3A%2F%2Fwww.apdha.org%2Fcadiz%2Freflexiones-juridicas-acerca-del-encaje-legal-del-internamiento-en-el-cie%2F\" title=\"Twitter\" rel=\"nofollow noopener\" target=\"_blank\" style=\"font-size:32px!important;box-shadow:none;display:inline-block;vertical-align:middle\"><span class=\"heateor_sss_svg heateor_sss_s__default heateor_sss_s_twitter\" style=\"background-color:#55acee;width:35px;height:35px;border-radius:999px;display:inline-block;opacity:1;float:left;font-size:32px;box-shadow:none;display:inline-block;font-size:16px;padding:0 4px;vertical-align:middle;background-repeat:repeat;overflow:hidden;padding:0;cursor:pointer;box-sizing:content-box\"><svg style=\"display:block;border-radius:999px;\" focusable=\"false\" aria-hidden=\"true\" xmlns=\"http:\/\/www.w3.org\/2000\/svg\" width=\"100%\" height=\"100%\" viewBox=\"-4 -4 39 39\"><path d=\"M28 8.557a9.913 9.913 0 0 1-2.828.775 4.93 4.93 0 0 0 2.166-2.725 9.738 9.738 0 0 1-3.13 1.194 4.92 4.92 0 0 0-3.593-1.55 4.924 4.924 0 0 0-4.794 6.049c-4.09-.21-7.72-2.17-10.15-5.15a4.942 4.942 0 0 0-.665 2.477c0 1.71.87 3.214 2.19 4.1a4.968 4.968 0 0 1-2.23-.616v.06c0 2.39 1.7 4.38 3.952 4.83-.414.115-.85.174-1.297.174-.318 0-.626-.03-.928-.086a4.935 4.935 0 0 0 4.6 3.42 9.893 9.893 0 0 1-6.114 2.107c-.398 0-.79-.023-1.175-.068a13.953 13.953 0 0 0 7.55 2.213c9.056 0 14.01-7.507 14.01-14.013 0-.213-.005-.426-.015-.637.96-.695 1.795-1.56 2.455-2.55z\" fill=\"#fff\"><\/path><\/svg><\/span><\/a><a class=\"heateor_sss_button_instagram\" href=\"https:\/\/www.instagram.com\/\" title=\"Instagram\" rel=\"nofollow noopener\" target=\"_blank\" style=\"font-size:32px!important;box-shadow:none;display:inline-block;vertical-align:middle\"><span class=\"heateor_sss_svg\" style=\"background-color:#53beee;width:35px;height:35px;border-radius:999px;display:inline-block;opacity:1;float:left;font-size:32px;box-shadow:none;display:inline-block;font-size:16px;padding:0 4px;vertical-align:middle;background-repeat:repeat;overflow:hidden;padding:0;cursor:pointer;box-sizing:content-box\"><svg style=\"display:block;border-radius:999px;\" version=\"1.1\" viewBox=\"-10 -10 148 148\" width=\"100%\" height=\"100%\" xml:space=\"preserve\" xmlns=\"http:\/\/www.w3.org\/2000\/svg\" xmlns:xlink=\"http:\/\/www.w3.org\/1999\/xlink\"><g><g><path d=\"M86,112H42c-14.336,0-26-11.663-26-26V42c0-14.337,11.664-26,26-26h44c14.337,0,26,11.663,26,26v44 C112,100.337,100.337,112,86,112z M42,24c-9.925,0-18,8.074-18,18v44c0,9.925,8.075,18,18,18h44c9.926,0,18-8.075,18-18V42 c0-9.926-8.074-18-18-18H42z\" fill=\"#fff\"><\/path><\/g><g><path d=\"M64,88c-13.234,0-24-10.767-24-24c0-13.234,10.766-24,24-24s24,10.766,24,24C88,77.233,77.234,88,64,88z M64,48c-8.822,0-16,7.178-16,16s7.178,16,16,16c8.822,0,16-7.178,16-16S72.822,48,64,48z\" fill=\"#fff\"><\/path><\/g><g><circle cx=\"89.5\" cy=\"38.5\" fill=\"#fff\" r=\"5.5\"><\/circle><\/g><\/g><\/svg><\/span><\/a><a class=\"heateor_sss_whatsapp\" href=\"https:\/\/api.whatsapp.com\/send?text=Reflexiones%20jur%C3%ADdicas%20acerca%20del%20encaje%20legal%20del%20internamiento%20en%20el%20CIE https%3A%2F%2Fwww.apdha.org%2Fcadiz%2Freflexiones-juridicas-acerca-del-encaje-legal-del-internamiento-en-el-cie%2F\" title=\"Whatsapp\" rel=\"nofollow noopener\" target=\"_blank\" style=\"font-size:32px!important;box-shadow:none;display:inline-block;vertical-align:middle\"><span class=\"heateor_sss_svg\" style=\"background-color:#55eb4c;width:35px;height:35px;border-radius:999px;display:inline-block;opacity:1;float:left;font-size:32px;box-shadow:none;display:inline-block;font-size:16px;padding:0 4px;vertical-align:middle;background-repeat:repeat;overflow:hidden;padding:0;cursor:pointer;box-sizing:content-box\"><svg style=\"display:block;border-radius:999px;\" focusable=\"false\" aria-hidden=\"true\" xmlns=\"http:\/\/www.w3.org\/2000\/svg\" width=\"100%\" height=\"100%\" viewBox=\"-6 -5 40 40\"><path class=\"heateor_sss_svg_stroke heateor_sss_no_fill\" stroke=\"#fff\" stroke-width=\"2\" fill=\"none\" d=\"M 11.579798566743314 24.396926207859085 A 10 10 0 1 0 6.808479557110079 20.73576436351046\"><\/path><path d=\"M 7 19 l -1 6 l 6 -1\" class=\"heateor_sss_no_fill heateor_sss_svg_stroke\" stroke=\"#fff\" stroke-width=\"2\" fill=\"none\"><\/path><path d=\"M 10 10 q -1 8 8 11 c 5 -1 0 -6 -1 -3 q -4 -3 -5 -5 c 4 -2 -1 -5 -1 -4\" fill=\"#fff\"><\/path><\/svg><\/span><\/a><a class=\"heateor_sss_button_copy_link\" title=\"Copy Link\" rel=\"nofollow noopener\" href=\"https:\/\/www.apdha.org\/cadiz\/reflexiones-juridicas-acerca-del-encaje-legal-del-internamiento-en-el-cie\/\" onclick=\"event.preventDefault()\" style=\"font-size:32px!important;box-shadow:none;display:inline-block;vertical-align:middle\"><span class=\"heateor_sss_svg heateor_sss_s__default heateor_sss_s_copy_link\" style=\"background-color:#ffc112;width:35px;height:35px;border-radius:999px;display:inline-block;opacity:1;float:left;font-size:32px;box-shadow:none;display:inline-block;font-size:16px;padding:0 4px;vertical-align:middle;background-repeat:repeat;overflow:hidden;padding:0;cursor:pointer;box-sizing:content-box\"><svg style=\"display:block;border-radius:999px;\" focusable=\"false\" aria-hidden=\"true\" xmlns=\"http:\/\/www.w3.org\/2000\/svg\" width=\"100%\" height=\"100%\" viewBox=\"-4 -4 40 40\"><path fill=\"#fff\" d=\"M24.412 21.177c0-.36-.126-.665-.377-.917l-2.804-2.804a1.235 1.235 0 0 0-.913-.378c-.377 0-.7.144-.97.43.026.028.11.11.255.25.144.14.24.236.29.29s.117.14.2.256c.087.117.146.232.177.344.03.112.046.236.046.37 0 .36-.126.666-.377.918a1.25 1.25 0 0 1-.918.377 1.4 1.4 0 0 1-.373-.047 1.062 1.062 0 0 1-.345-.175 2.268 2.268 0 0 1-.256-.2 6.815 6.815 0 0 1-.29-.29c-.14-.142-.223-.23-.25-.254-.297.28-.445.607-.445.984 0 .36.126.664.377.916l2.778 2.79c.243.243.548.364.917.364.36 0 .665-.118.917-.35l1.982-1.97c.252-.25.378-.55.378-.9zm-9.477-9.504c0-.36-.126-.665-.377-.917l-2.777-2.79a1.235 1.235 0 0 0-.913-.378c-.35 0-.656.12-.917.364L7.967 9.92c-.254.252-.38.553-.38.903 0 .36.126.665.38.917l2.802 2.804c.242.243.547.364.916.364.377 0 .7-.14.97-.418-.026-.027-.11-.11-.255-.25s-.24-.235-.29-.29a2.675 2.675 0 0 1-.2-.255 1.052 1.052 0 0 1-.176-.344 1.396 1.396 0 0 1-.047-.37c0-.36.126-.662.377-.914.252-.252.557-.377.917-.377.136 0 .26.015.37.046.114.03.23.09.346.175.117.085.202.153.256.2.054.05.15.148.29.29.14.146.222.23.25.258.294-.278.442-.606.442-.983zM27 21.177c0 1.078-.382 1.99-1.146 2.736l-1.982 1.968c-.745.75-1.658 1.12-2.736 1.12-1.087 0-2.004-.38-2.75-1.143l-2.777-2.79c-.75-.747-1.12-1.66-1.12-2.737 0-1.106.392-2.046 1.183-2.818l-1.186-1.185c-.774.79-1.708 1.186-2.805 1.186-1.078 0-1.995-.376-2.75-1.13l-2.803-2.81C5.377 12.82 5 11.903 5 10.826c0-1.08.382-1.993 1.146-2.738L8.128 6.12C8.873 5.372 9.785 5 10.864 5c1.087 0 2.004.382 2.75 1.146l2.777 2.79c.75.747 1.12 1.66 1.12 2.737 0 1.105-.392 2.045-1.183 2.817l1.186 1.186c.774-.79 1.708-1.186 2.805-1.186 1.078 0 1.995.377 2.75 1.132l2.804 2.804c.754.755 1.13 1.672 1.13 2.75z\"\/><\/svg><\/span><\/a><a class=\"heateor_sss_button_telegram\" href=\"https:\/\/telegram.me\/share\/url?url=https%3A%2F%2Fwww.apdha.org%2Fcadiz%2Freflexiones-juridicas-acerca-del-encaje-legal-del-internamiento-en-el-cie%2F&text=Reflexiones%20jur%C3%ADdicas%20acerca%20del%20encaje%20legal%20del%20internamiento%20en%20el%20CIE\" title=\"Telegram\" rel=\"nofollow noopener\" target=\"_blank\" style=\"font-size:32px!important;box-shadow:none;display:inline-block;vertical-align:middle\"><span class=\"heateor_sss_svg heateor_sss_s__default heateor_sss_s_telegram\" style=\"background-color:#3da5f1;width:35px;height:35px;border-radius:999px;display:inline-block;opacity:1;float:left;font-size:32px;box-shadow:none;display:inline-block;font-size:16px;padding:0 4px;vertical-align:middle;background-repeat:repeat;overflow:hidden;padding:0;cursor:pointer;box-sizing:content-box\"><svg style=\"display:block;border-radius:999px;\" focusable=\"false\" aria-hidden=\"true\" xmlns=\"http:\/\/www.w3.org\/2000\/svg\" width=\"100%\" height=\"100%\" viewBox=\"0 0 32 32\"><path fill=\"#fff\" d=\"M25.515 6.896L6.027 14.41c-1.33.534-1.322 1.276-.243 1.606l5 1.56 1.72 5.66c.226.625.115.873.77.873.506 0 .73-.235 1.012-.51l2.43-2.363 5.056 3.734c.93.514 1.602.25 1.834-.863l3.32-15.638c.338-1.363-.52-1.98-1.41-1.577z\"><\/path><\/svg><\/span><\/a><\/div><div class=\"heateorSssClear\"><\/div><\/div><div class='heateorSssClear'><\/div><div class='heateor_sss_sharing_container heateor_sss_vertical_sharing heateor_sss_bottom_sharing' style='width:37px;right: -10px;top: 100px;-webkit-box-shadow:none;box-shadow:none;' data-heateor-sss-href='https:\/\/www.apdha.org\/cadiz\/wp-json\/wp\/v2\/posts\/6924'><div class=\"heateor_sss_sharing_ul\"><a class=\"heateor_sss_facebook\" href=\"https:\/\/www.facebook.com\/sharer\/sharer.php?u=https%3A%2F%2Fwww.apdha.org%2Fcadiz%2Fwp-json%2Fwp%2Fv2%2Fposts%2F6924\" title=\"Facebook\" rel=\"nofollow noopener\" target=\"_blank\" style=\"font-size:32px!important;box-shadow:none;display:inline-block;vertical-align:middle\"><span class=\"heateor_sss_svg\" style=\"background-color:#3c589a;width:33px;height:33px;border-radius:999px;display:inline-block;opacity:1;float:left;font-size:32px;box-shadow:none;display:inline-block;font-size:16px;padding:0 4px;vertical-align:middle;background-repeat:repeat;overflow:hidden;padding:0;cursor:pointer;box-sizing:content-box\"><svg style=\"display:block;border-radius:999px;\" focusable=\"false\" aria-hidden=\"true\" xmlns=\"http:\/\/www.w3.org\/2000\/svg\" width=\"100%\" height=\"100%\" viewBox=\"-5 -5 42 42\"><path d=\"M17.78 27.5V17.008h3.522l.527-4.09h-4.05v-2.61c0-1.182.33-1.99 2.023-1.99h2.166V4.66c-.375-.05-1.66-.16-3.155-.16-3.123 0-5.26 1.905-5.26 5.405v3.016h-3.53v4.09h3.53V27.5h4.223z\" fill=\"#fff\"><\/path><\/svg><\/span><\/a><a class=\"heateor_sss_button_twitter\" href=\"http:\/\/twitter.com\/intent\/tweet?text=Asociaci%C3%B3n%20Pro%20Derechos%20Humanos%20de%20Andaluc%C3%ADa%20-%20APDHA%20Delegaci%C3%B3n%20de%20C%C3%A1diz&url=https%3A%2F%2Fwww.apdha.org%2Fcadiz%2Fwp-json%2Fwp%2Fv2%2Fposts%2F6924\" title=\"Twitter\" rel=\"nofollow noopener\" target=\"_blank\" style=\"font-size:32px!important;box-shadow:none;display:inline-block;vertical-align:middle\"><span class=\"heateor_sss_svg heateor_sss_s__default heateor_sss_s_twitter\" style=\"background-color:#55acee;width:33px;height:33px;border-radius:999px;display:inline-block;opacity:1;float:left;font-size:32px;box-shadow:none;display:inline-block;font-size:16px;padding:0 4px;vertical-align:middle;background-repeat:repeat;overflow:hidden;padding:0;cursor:pointer;box-sizing:content-box\"><svg style=\"display:block;border-radius:999px;\" focusable=\"false\" aria-hidden=\"true\" xmlns=\"http:\/\/www.w3.org\/2000\/svg\" width=\"100%\" height=\"100%\" viewBox=\"-4 -4 39 39\"><path d=\"M28 8.557a9.913 9.913 0 0 1-2.828.775 4.93 4.93 0 0 0 2.166-2.725 9.738 9.738 0 0 1-3.13 1.194 4.92 4.92 0 0 0-3.593-1.55 4.924 4.924 0 0 0-4.794 6.049c-4.09-.21-7.72-2.17-10.15-5.15a4.942 4.942 0 0 0-.665 2.477c0 1.71.87 3.214 2.19 4.1a4.968 4.968 0 0 1-2.23-.616v.06c0 2.39 1.7 4.38 3.952 4.83-.414.115-.85.174-1.297.174-.318 0-.626-.03-.928-.086a4.935 4.935 0 0 0 4.6 3.42 9.893 9.893 0 0 1-6.114 2.107c-.398 0-.79-.023-1.175-.068a13.953 13.953 0 0 0 7.55 2.213c9.056 0 14.01-7.507 14.01-14.013 0-.213-.005-.426-.015-.637.96-.695 1.795-1.56 2.455-2.55z\" fill=\"#fff\"><\/path><\/svg><\/span><\/a><a class=\"heateor_sss_whatsapp\" href=\"https:\/\/api.whatsapp.com\/send?text=Asociaci%C3%B3n%20Pro%20Derechos%20Humanos%20de%20Andaluc%C3%ADa%20-%20APDHA%20Delegaci%C3%B3n%20de%20C%C3%A1diz https%3A%2F%2Fwww.apdha.org%2Fcadiz%2Fwp-json%2Fwp%2Fv2%2Fposts%2F6924\" title=\"Whatsapp\" rel=\"nofollow noopener\" target=\"_blank\" style=\"font-size:32px!important;box-shadow:none;display:inline-block;vertical-align:middle\"><span class=\"heateor_sss_svg\" style=\"background-color:#55eb4c;width:33px;height:33px;border-radius:999px;display:inline-block;opacity:1;float:left;font-size:32px;box-shadow:none;display:inline-block;font-size:16px;padding:0 4px;vertical-align:middle;background-repeat:repeat;overflow:hidden;padding:0;cursor:pointer;box-sizing:content-box\"><svg style=\"display:block;border-radius:999px;\" focusable=\"false\" aria-hidden=\"true\" xmlns=\"http:\/\/www.w3.org\/2000\/svg\" width=\"100%\" height=\"100%\" viewBox=\"-6 -5 40 40\"><path class=\"heateor_sss_svg_stroke heateor_sss_no_fill\" stroke=\"#fff\" stroke-width=\"2\" fill=\"none\" d=\"M 11.579798566743314 24.396926207859085 A 10 10 0 1 0 6.808479557110079 20.73576436351046\"><\/path><path d=\"M 7 19 l -1 6 l 6 -1\" class=\"heateor_sss_no_fill heateor_sss_svg_stroke\" stroke=\"#fff\" stroke-width=\"2\" fill=\"none\"><\/path><path d=\"M 10 10 q -1 8 8 11 c 5 -1 0 -6 -1 -3 q -4 -3 -5 -5 c 4 -2 -1 -5 -1 -4\" fill=\"#fff\"><\/path><\/svg><\/span><\/a><a class=\"heateor_sss_button_copy_link\" title=\"Copy Link\" rel=\"nofollow noopener\" href=\"https:\/\/www.apdha.org\/cadiz\/wp-json\/wp\/v2\/posts\/6924\" onclick=\"event.preventDefault()\" style=\"font-size:32px!important;box-shadow:none;display:inline-block;vertical-align:middle\"><span class=\"heateor_sss_svg heateor_sss_s__default heateor_sss_s_copy_link\" style=\"background-color:#ffc112;width:33px;height:33px;border-radius:999px;display:inline-block;opacity:1;float:left;font-size:32px;box-shadow:none;display:inline-block;font-size:16px;padding:0 4px;vertical-align:middle;background-repeat:repeat;overflow:hidden;padding:0;cursor:pointer;box-sizing:content-box\"><svg style=\"display:block;border-radius:999px;\" focusable=\"false\" aria-hidden=\"true\" xmlns=\"http:\/\/www.w3.org\/2000\/svg\" width=\"100%\" height=\"100%\" viewBox=\"-4 -4 40 40\"><path fill=\"#fff\" d=\"M24.412 21.177c0-.36-.126-.665-.377-.917l-2.804-2.804a1.235 1.235 0 0 0-.913-.378c-.377 0-.7.144-.97.43.026.028.11.11.255.25.144.14.24.236.29.29s.117.14.2.256c.087.117.146.232.177.344.03.112.046.236.046.37 0 .36-.126.666-.377.918a1.25 1.25 0 0 1-.918.377 1.4 1.4 0 0 1-.373-.047 1.062 1.062 0 0 1-.345-.175 2.268 2.268 0 0 1-.256-.2 6.815 6.815 0 0 1-.29-.29c-.14-.142-.223-.23-.25-.254-.297.28-.445.607-.445.984 0 .36.126.664.377.916l2.778 2.79c.243.243.548.364.917.364.36 0 .665-.118.917-.35l1.982-1.97c.252-.25.378-.55.378-.9zm-9.477-9.504c0-.36-.126-.665-.377-.917l-2.777-2.79a1.235 1.235 0 0 0-.913-.378c-.35 0-.656.12-.917.364L7.967 9.92c-.254.252-.38.553-.38.903 0 .36.126.665.38.917l2.802 2.804c.242.243.547.364.916.364.377 0 .7-.14.97-.418-.026-.027-.11-.11-.255-.25s-.24-.235-.29-.29a2.675 2.675 0 0 1-.2-.255 1.052 1.052 0 0 1-.176-.344 1.396 1.396 0 0 1-.047-.37c0-.36.126-.662.377-.914.252-.252.557-.377.917-.377.136 0 .26.015.37.046.114.03.23.09.346.175.117.085.202.153.256.2.054.05.15.148.29.29.14.146.222.23.25.258.294-.278.442-.606.442-.983zM27 21.177c0 1.078-.382 1.99-1.146 2.736l-1.982 1.968c-.745.75-1.658 1.12-2.736 1.12-1.087 0-2.004-.38-2.75-1.143l-2.777-2.79c-.75-.747-1.12-1.66-1.12-2.737 0-1.106.392-2.046 1.183-2.818l-1.186-1.185c-.774.79-1.708 1.186-2.805 1.186-1.078 0-1.995-.376-2.75-1.13l-2.803-2.81C5.377 12.82 5 11.903 5 10.826c0-1.08.382-1.993 1.146-2.738L8.128 6.12C8.873 5.372 9.785 5 10.864 5c1.087 0 2.004.382 2.75 1.146l2.777 2.79c.75.747 1.12 1.66 1.12 2.737 0 1.105-.392 2.045-1.183 2.817l1.186 1.186c.774-.79 1.708-1.186 2.805-1.186 1.078 0 1.995.377 2.75 1.132l2.804 2.804c.754.755 1.13 1.672 1.13 2.75z\"\/><\/svg><\/span><\/a><a class=\"heateor_sss_button_instagram\" href=\"https:\/\/www.instagram.com\/\" title=\"Instagram\" rel=\"nofollow noopener\" target=\"_blank\" style=\"font-size:32px!important;box-shadow:none;display:inline-block;vertical-align:middle\"><span class=\"heateor_sss_svg\" style=\"background-color:#53beee;width:33px;height:33px;border-radius:999px;display:inline-block;opacity:1;float:left;font-size:32px;box-shadow:none;display:inline-block;font-size:16px;padding:0 4px;vertical-align:middle;background-repeat:repeat;overflow:hidden;padding:0;cursor:pointer;box-sizing:content-box\"><svg style=\"display:block;border-radius:999px;\" version=\"1.1\" viewBox=\"-10 -10 148 148\" width=\"100%\" height=\"100%\" xml:space=\"preserve\" xmlns=\"http:\/\/www.w3.org\/2000\/svg\" xmlns:xlink=\"http:\/\/www.w3.org\/1999\/xlink\"><g><g><path d=\"M86,112H42c-14.336,0-26-11.663-26-26V42c0-14.337,11.664-26,26-26h44c14.337,0,26,11.663,26,26v44 C112,100.337,100.337,112,86,112z M42,24c-9.925,0-18,8.074-18,18v44c0,9.925,8.075,18,18,18h44c9.926,0,18-8.075,18-18V42 c0-9.926-8.074-18-18-18H42z\" fill=\"#fff\"><\/path><\/g><g><path d=\"M64,88c-13.234,0-24-10.767-24-24c0-13.234,10.766-24,24-24s24,10.766,24,24C88,77.233,77.234,88,64,88z M64,48c-8.822,0-16,7.178-16,16s7.178,16,16,16c8.822,0,16-7.178,16-16S72.822,48,64,48z\" fill=\"#fff\"><\/path><\/g><g><circle cx=\"89.5\" cy=\"38.5\" fill=\"#fff\" r=\"5.5\"><\/circle><\/g><\/g><\/svg><\/span><\/a><a class=\"heateor_sss_button_telegram\" href=\"https:\/\/telegram.me\/share\/url?url=https%3A%2F%2Fwww.apdha.org%2Fcadiz%2Fwp-json%2Fwp%2Fv2%2Fposts%2F6924&text=Asociaci%C3%B3n%20Pro%20Derechos%20Humanos%20de%20Andaluc%C3%ADa%20-%20APDHA%20Delegaci%C3%B3n%20de%20C%C3%A1diz\" title=\"Telegram\" rel=\"nofollow noopener\" target=\"_blank\" style=\"font-size:32px!important;box-shadow:none;display:inline-block;vertical-align:middle\"><span class=\"heateor_sss_svg heateor_sss_s__default heateor_sss_s_telegram\" style=\"background-color:#3da5f1;width:33px;height:33px;border-radius:999px;display:inline-block;opacity:1;float:left;font-size:32px;box-shadow:none;display:inline-block;font-size:16px;padding:0 4px;vertical-align:middle;background-repeat:repeat;overflow:hidden;padding:0;cursor:pointer;box-sizing:content-box\"><svg style=\"display:block;border-radius:999px;\" focusable=\"false\" aria-hidden=\"true\" xmlns=\"http:\/\/www.w3.org\/2000\/svg\" width=\"100%\" height=\"100%\" viewBox=\"0 0 32 32\"><path fill=\"#fff\" d=\"M25.515 6.896L6.027 14.41c-1.33.534-1.322 1.276-.243 1.606l5 1.56 1.72 5.66c.226.625.115.873.77.873.506 0 .73-.235 1.012-.51l2.43-2.363 5.056 3.734c.93.514 1.602.25 1.834-.863l3.32-15.638c.338-1.363-.52-1.98-1.41-1.577z\"><\/path><\/svg><\/span><\/a><\/div><div class=\"heateorSssClear\"><\/div><\/div>","protected":false},"author":1,"featured_media":6925,"comment_status":"closed","ping_status":"open","sticky":false,"template":"","format":"standard","meta":[],"categories":[277,276,16],"tags":[],"_links":{"self":[{"href":"https:\/\/www.apdha.org\/cadiz\/wp-json\/wp\/v2\/posts\/6924"}],"collection":[{"href":"https:\/\/www.apdha.org\/cadiz\/wp-json\/wp\/v2\/posts"}],"about":[{"href":"https:\/\/www.apdha.org\/cadiz\/wp-json\/wp\/v2\/types\/post"}],"author":[{"embeddable":true,"href":"https:\/\/www.apdha.org\/cadiz\/wp-json\/wp\/v2\/users\/1"}],"replies":[{"embeddable":true,"href":"https:\/\/www.apdha.org\/cadiz\/wp-json\/wp\/v2\/comments?post=6924"}],"version-history":[{"count":2,"href":"https:\/\/www.apdha.org\/cadiz\/wp-json\/wp\/v2\/posts\/6924\/revisions"}],"predecessor-version":[{"id":6927,"href":"https:\/\/www.apdha.org\/cadiz\/wp-json\/wp\/v2\/posts\/6924\/revisions\/6927"}],"wp:featuredmedia":[{"embeddable":true,"href":"https:\/\/www.apdha.org\/cadiz\/wp-json\/wp\/v2\/media\/6925"}],"wp:attachment":[{"href":"https:\/\/www.apdha.org\/cadiz\/wp-json\/wp\/v2\/media?parent=6924"}],"wp:term":[{"taxonomy":"category","embeddable":true,"href":"https:\/\/www.apdha.org\/cadiz\/wp-json\/wp\/v2\/categories?post=6924"},{"taxonomy":"post_tag","embeddable":true,"href":"https:\/\/www.apdha.org\/cadiz\/wp-json\/wp\/v2\/tags?post=6924"}],"curies":[{"name":"wp","href":"https:\/\/api.w.org\/{rel}","templated":true}]}}