{"id":1128,"date":"2018-04-03T14:21:55","date_gmt":"2018-04-03T12:21:55","guid":{"rendered":"http:\/\/www.apdha.org\/sevilla\/?p=1128"},"modified":"2018-04-03T14:21:55","modified_gmt":"2018-04-03T12:21:55","slug":"concentracion-11-en-el-estrecho","status":"publish","type":"post","link":"https:\/\/www.apdha.org\/sevilla\/concentracion-11-en-el-estrecho\/","title":{"rendered":"CONCENTRACI\u00d3N POR LAS 11 PERSONAS MUERTAS EN EL ESTRECHO"},"content":{"rendered":"<p>&nbsp;<\/p>\n<p style=\"text-align: justify;\"><img loading=\"lazy\" decoding=\"async\" class=\"alignleft size-large wp-image-1129\" src=\"http:\/\/www.apdha.org\/sevilla\/wp-content\/uploads\/20180405-CONCENTRACI\u00d3N-ESTRECHO2-copia-1024x546.jpg\" alt=\"20180405 CONCENTRACI\u00d3N ESTRECHO2 copia\" width=\"900\" height=\"480\" srcset=\"https:\/\/www.apdha.org\/sevilla\/wp-content\/uploads\/20180405-CONCENTRACI\u00d3N-ESTRECHO2-copia-1024x546.jpg 1024w, https:\/\/www.apdha.org\/sevilla\/wp-content\/uploads\/20180405-CONCENTRACI\u00d3N-ESTRECHO2-copia-300x160.jpg 300w, https:\/\/www.apdha.org\/sevilla\/wp-content\/uploads\/20180405-CONCENTRACI\u00d3N-ESTRECHO2-copia-768x410.jpg 768w, https:\/\/www.apdha.org\/sevilla\/wp-content\/uploads\/20180405-CONCENTRACI\u00d3N-ESTRECHO2-copia-150x80.jpg 150w, https:\/\/www.apdha.org\/sevilla\/wp-content\/uploads\/20180405-CONCENTRACI\u00d3N-ESTRECHO2-copia.jpg 1134w\" sizes=\"auto, (max-width: 900px) 100vw, 900px\" \/>Desde la APDHA-Sevilla hacemos un llamamiento a los movimientos sociales y a la ciudadan\u00eda en general, a la <strong><u>CONCENTRACI\u00d3N<\/u><\/strong> que tendr\u00e1 lugar <strong><u>en Plaza Nueva frente al Ayuntamiento de Sevilla el jueves, 5 de Abril a las 19 horas<\/u><\/strong>.<\/p>\n<p style=\"text-align: justify;\">Ocurri\u00f3 el pasado domingo 1 de abril. Eran 12 personas las que, en su ruta migratoria forzada, hab\u00edan salido de las costas marroqu\u00edes rumbo a Espa\u00f1a. Hab\u00eda mala mar y una pol\u00edtica determinada les hab\u00eda impedido todo medio de traslado alternativo a la fr\u00e1gil patera. La patera fue el medio obligado.<\/p>\n<p style=\"text-align: justify;\">Una a una, las personas ocupantes, fueron desprendi\u00e9ndose de la precaria embarcaci\u00f3n, hasta que el barco de Salvamento Mar\u00edtimo encontr\u00f3 al \u00fanico superviviente. La angustia y el terror de las v\u00edctimas, persona a persona, es inimaginable. Se desconoce la impresi\u00f3n de los terroristas.<\/p>\n<p style=\"text-align: justify;\">Ante esta tragedia, la Delegaci\u00f3n de Sevilla de la Asociaci\u00f3n Pro Derechos Humanos de Andaluc\u00eda (APDHA), quiere expresar su sentimiento de dolor por las p\u00e9rdidas humanas y mostrar su solidaridad y empat\u00eda con los familiares y amigos de las v\u00edctimas. Por supuesto, tambi\u00e9n quiere compartir con el amigo superviviente, la satisfacci\u00f3n por haber salvado la vida y el miedo sufrido.<\/p>\n<p style=\"text-align: justify;\">Desde la APDHA-Sevilla condenamos en\u00e9rgicamente las pol\u00edticas migratorias de los estados europeos, empezando por el estado espa\u00f1ol y sus gobernantes. Ellos son responsables y culpables de las muertes. Si existen mafias que se lucran con la necesidad de desplazamientos de las personas migrantes, es porque los gobernantes las hacen posibles y necesarias. Tambi\u00e9n afirmamos que criminalizar y procesar a personas y ONGS que empe\u00f1an su vida en salvar vidas en el Mediterr\u00e1neo, denota hasta d\u00f3nde puede llegar el cinismo y la perversi\u00f3n humana.<\/p>\n<p style=\"text-align: justify;\">Asimismo condenamos radicalmente a los poderes econ\u00f3micos, nada inocentes, que tienen a \u00c1frica como objeto de rapi\u00f1a y dictan la pol\u00edtica neoliberal que los gobernantes europeos, tambi\u00e9n los espa\u00f1oles, ejecutan con toda fidelidad y bajeza.<\/p>\n<p style=\"text-align: justify;\">Desde APDHA-Sevilla exigimos a la Junta de Andaluc\u00eda y a su Presidenta que no permita que nuestra tierra y nuestras aguas sean muros de contenci\u00f3n, cementerio y campo de represi\u00f3n para las personas migrantes. La APDHA reivindica que Andaluc\u00eda sea mano tendida a cuantas personas vengan buscando el refugio donde salvar sus vidas.<\/p>\n<p style=\"text-align: center;\"><strong>\u00a0<\/strong><strong>JUSTICIA, REPARACI\u00d3N Y SOLIDARIDAD<\/strong><\/p>\n","protected":false},"excerpt":{"rendered":"<p>&nbsp; Desde la APDHA-Sevilla hacemos un llamamiento a los movimientos sociales y a la ciudadan\u00eda en general, a la CONCENTRACI\u00d3N que tendr\u00e1 lugar en Plaza Nueva frente al Ayuntamiento de Sevilla el jueves, 5 de Abril a las 19 horas. Ocurri\u00f3 el pasado domingo 1 de abril. Eran 12 personas \u2026<\/p>\n<p> <a class=\"continue-reading-link\" href=\"https:\/\/www.apdha.org\/sevilla\/concentracion-11-en-el-estrecho\/\">Seguir Leyendo<i class=\"icon-right-dir\"><\/i><\/a><\/p>\n","protected":false},"author":1,"featured_media":1129,"comment_status":"closed","ping_status":"closed","sticky":false,"template":"","format":"standard","meta":{"footnotes":""},"categories":[3],"tags":[121,145,59],"class_list":["post-1128","post","type-post","status-publish","format-standard","has-post-thumbnail","hentry","category-actividades","tag-frontera-sur","tag-naufragio","tag-somos-migrantes"],"_links":{"self":[{"href":"https:\/\/www.apdha.org\/sevilla\/wp-json\/wp\/v2\/posts\/1128","targetHints":{"allow":["GET"]}}],"collection":[{"href":"https:\/\/www.apdha.org\/sevilla\/wp-json\/wp\/v2\/posts"}],"about":[{"href":"https:\/\/www.apdha.org\/sevilla\/wp-json\/wp\/v2\/types\/post"}],"author":[{"embeddable":true,"href":"https:\/\/www.apdha.org\/sevilla\/wp-json\/wp\/v2\/users\/1"}],"replies":[{"embeddable":true,"href":"https:\/\/www.apdha.org\/sevilla\/wp-json\/wp\/v2\/comments?post=1128"}],"version-history":[{"count":2,"href":"https:\/\/www.apdha.org\/sevilla\/wp-json\/wp\/v2\/posts\/1128\/revisions"}],"predecessor-version":[{"id":1131,"href":"https:\/\/www.apdha.org\/sevilla\/wp-json\/wp\/v2\/posts\/1128\/revisions\/1131"}],"wp:featuredmedia":[{"embeddable":true,"href":"https:\/\/www.apdha.org\/sevilla\/wp-json\/wp\/v2\/media\/1129"}],"wp:attachment":[{"href":"https:\/\/www.apdha.org\/sevilla\/wp-json\/wp\/v2\/media?parent=1128"}],"wp:term":[{"taxonomy":"category","embeddable":true,"href":"https:\/\/www.apdha.org\/sevilla\/wp-json\/wp\/v2\/categories?post=1128"},{"taxonomy":"post_tag","embeddable":true,"href":"https:\/\/www.apdha.org\/sevilla\/wp-json\/wp\/v2\/tags?post=1128"}],"curies":[{"name":"wp","href":"https:\/\/api.w.org\/{rel}","templated":true}]}}