{"id":1193,"date":"2018-06-20T00:21:08","date_gmt":"2018-06-19T22:21:08","guid":{"rendered":"https:\/\/www.apdha.org\/sevilla\/?p=1193"},"modified":"2018-06-20T10:45:06","modified_gmt":"2018-06-20T08:45:06","slug":"el-derecho-a-no-emigrar","status":"publish","type":"post","link":"https:\/\/www.apdha.org\/sevilla\/el-derecho-a-no-emigrar\/","title":{"rendered":"El derecho a no emigrar"},"content":{"rendered":"<p><strong>El derecho a no emigrar<\/strong><\/p>\n<p>Jes\u00fas Roiz Corcuera (APDHA-Sevilla)<\/p>\n<p><img loading=\"lazy\" decoding=\"async\" class=\"alignleft size-full wp-image-1194\" src=\"https:\/\/www.apdha.org\/sevilla\/wp-content\/uploads\/35844460_1723466084356900_442684276358512640_n.jpg\" alt=\"\" width=\"960\" height=\"678\" srcset=\"https:\/\/www.apdha.org\/sevilla\/wp-content\/uploads\/35844460_1723466084356900_442684276358512640_n.jpg 960w, https:\/\/www.apdha.org\/sevilla\/wp-content\/uploads\/35844460_1723466084356900_442684276358512640_n-300x212.jpg 300w, https:\/\/www.apdha.org\/sevilla\/wp-content\/uploads\/35844460_1723466084356900_442684276358512640_n-768x542.jpg 768w, https:\/\/www.apdha.org\/sevilla\/wp-content\/uploads\/35844460_1723466084356900_442684276358512640_n-150x106.jpg 150w\" sizes=\"auto, (max-width: 960px) 100vw, 960px\" \/><\/p>\n<p>Foto v\u00eda <a href=\"https:\/\/www.facebook.com\/pg\/lumpensatira\/about\/?ref=page_internal\">Lumpen<\/a><\/p>\n<p>20 de Junio. D\u00eda del Refugiado. En la Asociaci\u00f3n Pro Derechos Humanos de Andaluc\u00eda consideramos esta fecha como\u00a0 el d\u00eda de las personas que buscan refugio. Son muchos los millones de personas que, violado su derechos a no emigrar, se han visto obligadas a dejar su casa y su pueblo para buscar un refugio a su vida. Vidas rotas, familias rotas y personas rechazadas. Personas obligadas a emigrar, personas condenadas a\u00a0 no migrar ni a inmigrar. Buscando salvar su vida son muchas las personas que la pierden en el camino. Tambi\u00e9n hay solidaridad, personas que tienden la mano al que se hunde con su vida y le permite reflotar y seguir. Seguir hasta encontrar pol\u00edticos\u00a0 que ejercen su poder prefiriendo muerta a la persona que busca refugio para su vida.<\/p>\n<p>Cerca est\u00e1 la presencia del Aquarius con 439 personas rescatadas de una muerte segura, hacinadas \u00a0y en condiciones inhumanas. Necesitan un puerto para continuar en vida. Los pol\u00edticos europeos escuchan el SOS y queriendo no escuchar colocan el pulgar hacia abajo. Ni leyes, ni sentimientos humanos: crisis humanitaria. Menos mal que el Gobierno espa\u00f1ol salv\u00f3 la dignidad de la pol\u00edtica.<\/p>\n<p>M\u00e1s cerca en el tiempo est\u00e1 la llegada, en patera, a las costas de Andaluc\u00eda de m\u00e1s de 1000 personas.\u00a0 Algunas no pudieron llegar, su ruta vital se disolvi\u00f3 en las aguas del Estrecho. Varios muertos y 43 personas desaparecidas. \u00a1Una tragedia! Sin embargo los medios de informaci\u00f3n han pasado como de puntillas, dando informaci\u00f3n, pero con sordina, como para no herir sensibilidades.<\/p>\n<p>La recepci\u00f3n en las costas andaluzas \u00a0no tuvo nada que ver con la del Aquarius en Valencia. Sin embargo todas las v\u00edctimas ten\u00edan y tienen en com\u00fan el motivo de su viaje migratorio. Ven\u00edan buscando refugio a sus vidas, ven\u00edan impulsados, no por ning\u00fan efecto llamada, sino por el efecto huida, o como dice el Defensor del Pueblo espa\u00f1ol: \u201cque no existe un efecto llamada, existe un efecto de expulsi\u00f3n de unos pa\u00edses en los que existen unas condiciones de vida insoportables\u201d.<\/p>\n<p>Lo que no nos dice el Defensor del Pueblo y es cuesti\u00f3n obligada: \u00bfa qu\u00e9, a quien, a quienes\u00a0 se debe la existencia de esas condiciones de vida insoportables que rompen su derecho a no emigrar? Es obligado, en justicia, acudir a las causas y causantes de la violaci\u00f3n de los derechos humanos previa al inicio del curso migratorio. Ciertamente el poder de los mayores responsables sobrevuela la incapacidades de los estados pero tambi\u00e9n es cierto que si\u00a0 la connivencia servil de estos la crisis humanitaria en que nos encontramos no ser\u00eda tan\u00a0 profunda.<\/p>\n<p>La responsabilidades de\u00a0 los estados derivadas\u00a0 de sus pol\u00edticas migratorias no se quedan en las fronteras, llegan hasta all\u00e1, donde la emigraci\u00f3n es forzada. Por supuesto las pol\u00edticas europeas de fronteras calculadas y su crueldad no importan. Los pol\u00edticos europeos saben, como se ha insistido machaconamente, que las muertes en el mar y en el desierto cesar\u00edan si se establecieran v\u00edas de tr\u00e1nsito seguras. No les importa que su pol\u00edtica sea pol\u00edtica de muerte, est\u00e1 dictada \u00a0en funci\u00f3n de intereses superiores y hay que obedecer. La pol\u00edtica de fronteras no solo propicia la violaci\u00f3n de\u00a0 derechos, utiliza las fronteras como instrumento de violaci\u00f3n de los derechos humanos.<\/p>\n<p>D\u00eda 20\u00a0 de Junio, d\u00eda de considerar la situaci\u00f3n de las personas que buscan refugio donde salvar su vida, de reflexionar sobre sus derechos, de juzgar a los que negando derechos niegan hasta el derecho a la vida de los migrantes. A tal efecto la Delegaci\u00f3n en Sevilla de la Asociaci\u00f3n Pro Derechos Humanos de Andaluc\u00eda anima a toda la ciudadan\u00eda a la participaci\u00f3n en la Concentraci\u00f3n convocada por la Plataforma \u201cSomos Migrantes\u201d de la que la APDHA forma parte.<\/p>\n<p>&nbsp;<\/p>\n","protected":false},"excerpt":{"rendered":"<p>El derecho a no emigrar Jes\u00fas Roiz Corcuera (APDHA-Sevilla) Foto v\u00eda Lumpen 20 de Junio. D\u00eda del Refugiado. En la Asociaci\u00f3n Pro Derechos Humanos de Andaluc\u00eda consideramos esta fecha como\u00a0 el d\u00eda de las personas que buscan refugio. Son muchos los millones de personas que, violado su derechos a no \u2026<\/p>\n<p> <a class=\"continue-reading-link\" href=\"https:\/\/www.apdha.org\/sevilla\/el-derecho-a-no-emigrar\/\">Seguir Leyendo<i class=\"icon-right-dir\"><\/i><\/a><\/p>\n","protected":false},"author":1,"featured_media":1194,"comment_status":"closed","ping_status":"closed","sticky":false,"template":"","format":"standard","meta":{"footnotes":""},"categories":[5],"tags":[23,126,59],"class_list":["post-1193","post","type-post","status-publish","format-standard","has-post-thumbnail","hentry","category-opinion-otros","tag-derechos-humanos","tag-migrantes","tag-somos-migrantes"],"_links":{"self":[{"href":"https:\/\/www.apdha.org\/sevilla\/wp-json\/wp\/v2\/posts\/1193","targetHints":{"allow":["GET"]}}],"collection":[{"href":"https:\/\/www.apdha.org\/sevilla\/wp-json\/wp\/v2\/posts"}],"about":[{"href":"https:\/\/www.apdha.org\/sevilla\/wp-json\/wp\/v2\/types\/post"}],"author":[{"embeddable":true,"href":"https:\/\/www.apdha.org\/sevilla\/wp-json\/wp\/v2\/users\/1"}],"replies":[{"embeddable":true,"href":"https:\/\/www.apdha.org\/sevilla\/wp-json\/wp\/v2\/comments?post=1193"}],"version-history":[{"count":3,"href":"https:\/\/www.apdha.org\/sevilla\/wp-json\/wp\/v2\/posts\/1193\/revisions"}],"predecessor-version":[{"id":1197,"href":"https:\/\/www.apdha.org\/sevilla\/wp-json\/wp\/v2\/posts\/1193\/revisions\/1197"}],"wp:featuredmedia":[{"embeddable":true,"href":"https:\/\/www.apdha.org\/sevilla\/wp-json\/wp\/v2\/media\/1194"}],"wp:attachment":[{"href":"https:\/\/www.apdha.org\/sevilla\/wp-json\/wp\/v2\/media?parent=1193"}],"wp:term":[{"taxonomy":"category","embeddable":true,"href":"https:\/\/www.apdha.org\/sevilla\/wp-json\/wp\/v2\/categories?post=1193"},{"taxonomy":"post_tag","embeddable":true,"href":"https:\/\/www.apdha.org\/sevilla\/wp-json\/wp\/v2\/tags?post=1193"}],"curies":[{"name":"wp","href":"https:\/\/api.w.org\/{rel}","templated":true}]}}