{"id":1240,"date":"2018-10-03T19:03:27","date_gmt":"2018-10-03T17:03:27","guid":{"rendered":"https:\/\/www.apdha.org\/sevilla\/?p=1240"},"modified":"2018-10-03T19:03:27","modified_gmt":"2018-10-03T17:03:27","slug":"la-acogida-e-integracion-son-posibles-utiles-y-necesarias","status":"publish","type":"post","link":"https:\/\/www.apdha.org\/sevilla\/la-acogida-e-integracion-son-posibles-utiles-y-necesarias\/","title":{"rendered":"La acogida e integraci\u00f3n son posibles, \u00fatiles y necesarias"},"content":{"rendered":"<p><img loading=\"lazy\" decoding=\"async\" class=\"alignleft size-full wp-image-1241\" src=\"https:\/\/www.apdha.org\/sevilla\/wp-content\/uploads\/Humanos.jpg\" alt=\"\" width=\"480\" height=\"392\" srcset=\"https:\/\/www.apdha.org\/sevilla\/wp-content\/uploads\/Humanos.jpg 480w, https:\/\/www.apdha.org\/sevilla\/wp-content\/uploads\/Humanos-300x245.jpg 300w, https:\/\/www.apdha.org\/sevilla\/wp-content\/uploads\/Humanos-150x123.jpg 150w\" sizes=\"auto, (max-width: 480px) 100vw, 480px\" \/><\/p>\n<p>Esta vez cerca de Melilla y en aguas marroqu\u00edes. M\u00e1s muertes en el Mediterr\u00e1neo. \u00a1Basta ya! Ahora han muerto 34 personas migrantes, entre ellas una ni\u00f1a y un ni\u00f1o. Era de esperar de esta pol\u00edtica continuista. Sus gestores mirar\u00e1n para otro lado diciendo que la tragedia no ha sido en aguas espa\u00f1olas. Dir\u00e1n que Espa\u00f1a ofreci\u00f3 los servicios de Salvamento Mar\u00edtimo y que el Reino de Marruecos lo rechaz\u00f3. \u00bfNo ser\u00e1 un exceso de celo por parte del Reino de Marruecos? Para eso le\u00a0pagan Espa\u00f1a y Europa, para que no llegue a ojos europeos ninguna persona migrante. \u00bfDa\u00f1os colaterales de la pol\u00edtica migratoria espa\u00f1ola? La verdad es que todo atenuante que se busque para paliar las consecuencias de estas pol\u00edticas migratorias es repugnante. Hay responsables de esta tragedia. Alguien debe asumir responsabilidades. Ante tanta muerte provocada es obligado gritar: \u00a1Justicia y reparaci\u00f3n!<br \/>\nNadie preguntar\u00e1 qui\u00e9nes son los fallecidos, de d\u00f3nde ven\u00edan y por qu\u00e9 ven\u00edan. Renuncien a culpar a mafias y al simple derecho a mejorar la vida, como motivos exculpatorios. Vayan al origen de una migraci\u00f3n, quiz\u00e1s forzada, por hechos y circunstancias originados posiblemente en Espa\u00f1a o en Europa. La Andaluc\u00eda que se jacta de sus grandes avances en la industria militar, con consecuencia de millones de euros y cientos de puestos de trabajo, quiz\u00e1s deber\u00eda plantearse si su pol\u00edtica no est\u00e1 en el origen de unas migraciones forzadas.<br \/>\nMientras tanto, la represi\u00f3n y criminalizaci\u00f3n de la solidaridad, contin\u00faa. La generosidad de las ONGs que se dedicaban a rescatar n\u00e1ufragos del Mediterr\u00e1neo central ha sido erradicada y Lucano, figura se\u00f1era de la acogida de refugiados, alcalde de Riace, ha sido privado de libertad por el arrollador de personas migrantes, Salvini.<\/p>\n<p>Charles Aznavour, el armenio-franc\u00e9s de recuerdo entra\u00f1able, en su despedida me ha hecho pensar: la acogida e integraci\u00f3n son posibles, \u00fatiles y necesarias.<\/p>\n<p>Jes\u00fas Roiz Corcuera (APDHA-Sevilla)<\/p>\n<p>&nbsp;<\/p>\n","protected":false},"excerpt":{"rendered":"<p>Esta vez cerca de Melilla y en aguas marroqu\u00edes. M\u00e1s muertes en el Mediterr\u00e1neo. \u00a1Basta ya! Ahora han muerto 34 personas migrantes, entre ellas una ni\u00f1a y un ni\u00f1o. Era de esperar de esta pol\u00edtica continuista. Sus gestores mirar\u00e1n para otro lado diciendo que la tragedia no ha sido en \u2026<\/p>\n<p> <a class=\"continue-reading-link\" href=\"https:\/\/www.apdha.org\/sevilla\/la-acogida-e-integracion-son-posibles-utiles-y-necesarias\/\">Seguir Leyendo<i class=\"icon-right-dir\"><\/i><\/a><\/p>\n","protected":false},"author":1,"featured_media":1241,"comment_status":"closed","ping_status":"closed","sticky":false,"template":"","format":"standard","meta":{"footnotes":""},"categories":[5],"tags":[27,62,59],"class_list":["post-1240","post","type-post","status-publish","format-standard","has-post-thumbnail","hentry","category-opinion-otros","tag-plataforma-somos-migrantes","tag-refugiads","tag-somos-migrantes"],"_links":{"self":[{"href":"https:\/\/www.apdha.org\/sevilla\/wp-json\/wp\/v2\/posts\/1240","targetHints":{"allow":["GET"]}}],"collection":[{"href":"https:\/\/www.apdha.org\/sevilla\/wp-json\/wp\/v2\/posts"}],"about":[{"href":"https:\/\/www.apdha.org\/sevilla\/wp-json\/wp\/v2\/types\/post"}],"author":[{"embeddable":true,"href":"https:\/\/www.apdha.org\/sevilla\/wp-json\/wp\/v2\/users\/1"}],"replies":[{"embeddable":true,"href":"https:\/\/www.apdha.org\/sevilla\/wp-json\/wp\/v2\/comments?post=1240"}],"version-history":[{"count":1,"href":"https:\/\/www.apdha.org\/sevilla\/wp-json\/wp\/v2\/posts\/1240\/revisions"}],"predecessor-version":[{"id":1242,"href":"https:\/\/www.apdha.org\/sevilla\/wp-json\/wp\/v2\/posts\/1240\/revisions\/1242"}],"wp:featuredmedia":[{"embeddable":true,"href":"https:\/\/www.apdha.org\/sevilla\/wp-json\/wp\/v2\/media\/1241"}],"wp:attachment":[{"href":"https:\/\/www.apdha.org\/sevilla\/wp-json\/wp\/v2\/media?parent=1240"}],"wp:term":[{"taxonomy":"category","embeddable":true,"href":"https:\/\/www.apdha.org\/sevilla\/wp-json\/wp\/v2\/categories?post=1240"},{"taxonomy":"post_tag","embeddable":true,"href":"https:\/\/www.apdha.org\/sevilla\/wp-json\/wp\/v2\/tags?post=1240"}],"curies":[{"name":"wp","href":"https:\/\/api.w.org\/{rel}","templated":true}]}}