{"id":1244,"date":"2018-10-05T13:00:40","date_gmt":"2018-10-05T11:00:40","guid":{"rendered":"https:\/\/www.apdha.org\/sevilla\/?p=1244"},"modified":"2018-10-05T13:00:40","modified_gmt":"2018-10-05T11:00:40","slug":"p-somos-migrantes-denuncia-situacion-mena-en-andalucia","status":"publish","type":"post","link":"https:\/\/www.apdha.org\/sevilla\/p-somos-migrantes-denuncia-situacion-mena-en-andalucia\/","title":{"rendered":"La Plataforma Somos Migrantes denuncia la situaci\u00f3n de los y las Menores Extranjeros No Acompa\u00f1ados (MENA) en Andaluc\u00eda"},"content":{"rendered":"<ul>\n<li><strong><em>Alarma sobre la irresponsabilidad de los diferentes partidos pol\u00edticos en la gesti\u00f3n de la situaci\u00f3n de la inmigraci\u00f3n. <\/em><\/strong><\/li>\n<li><strong><em>Se suma a las acciones realizadas ante el Defensor del Menor en Andaluc\u00eda.<\/em><\/strong><\/li>\n<li><strong><em>Insta al Foro Andaluz de Migraciones, a la Secretar\u00eda de Pol\u00edticas Sociales y a la Coordinaci\u00f3n de pol\u00edticas migratorias, para abordar la situaci\u00f3n.<\/em><\/strong><\/li>\n<\/ul>\n<p><a href=\"https:\/\/www.apdha.org\/sevilla\/wp-content\/uploads\/logo-plataforma-bn.png\"><img loading=\"lazy\" decoding=\"async\" class=\"alignnone size-full wp-image-1040\" src=\"https:\/\/www.apdha.org\/sevilla\/wp-content\/uploads\/logo-plataforma-bn.png\" alt=\"\" width=\"1396\" height=\"584\" srcset=\"https:\/\/www.apdha.org\/sevilla\/wp-content\/uploads\/logo-plataforma-bn.png 1396w, https:\/\/www.apdha.org\/sevilla\/wp-content\/uploads\/logo-plataforma-bn-300x126.png 300w, https:\/\/www.apdha.org\/sevilla\/wp-content\/uploads\/logo-plataforma-bn-768x321.png 768w, https:\/\/www.apdha.org\/sevilla\/wp-content\/uploads\/logo-plataforma-bn-1024x428.png 1024w, https:\/\/www.apdha.org\/sevilla\/wp-content\/uploads\/logo-plataforma-bn-150x63.png 150w\" sizes=\"auto, (max-width: 1396px) 100vw, 1396px\" \/><\/a><\/p>\n<p><em>Sevilla, 5 de octubre de 2018-.<\/em> La Plataforma Somos Migrantes, integrada por una treintena de colectivos de Sevilla se suma a las acciones de denuncia sobre la situaci\u00f3n de los y las menores extranjeros no acompa\u00f1ados (MENA) en Andaluc\u00eda.<\/p>\n<p>Hasta el momento, en 2018 de las m\u00e1s de 20.000 personas que han llegado a nuestras costas se estima que 4.000 son menores. Su acogida ha desbordado la capacidad del sistema y ha generado <strong>situaciones graves que atentan a la dignidad e integridad f\u00edsica de dichos ni\u00f1os y ni\u00f1as<\/strong>, como la desatenci\u00f3n m\u00e9dica que provoca ingresos urgentes por causas graves, infecci\u00f3n por sarna o incomunicaci\u00f3n en centros como los de C\u00e1diz que han sido puestos en conocimiento de la Fiscal\u00eda.<\/p>\n<p>Desde la Plataforma denunciamos que \u201c<strong>este trato atenta contra los derechos fundamentales de los y las menores <\/strong>y que, lejos de asumir las administraciones su responsabilidad y los compromisos, nos encontramos propuestas tan alarmantes como la de la Junta de Andaluc\u00eda de facilitar el proceso de devoluci\u00f3n de menores, atentando contra sus derechos y poniendo en claro riesgo su situaci\u00f3n.\u201d<\/p>\n<p>Desde la plataforma recordamos que \u201cla situaci\u00f3n vivida en Espa\u00f1a con la entrada de menores <strong>no era una sorpresa<\/strong>.\u201d Desde hace mucho tiempo las organizaciones anunciamos la situaci\u00f3n del incremento del flujo migratorio como era previsible por los cambios en la ruta migratoria, que ha pasado de ser en m\u00e1s de un 90% por Italia y Grecia a, tras el cierre de estas v\u00edas, ir traslad\u00e1ndose a nuestras costas de forma progresiva desde 2016.<\/p>\n<p>Consideramos que \u201cTampoco nos encontramos ante un n\u00famero de personas que no puedan ser acogidas, m\u00e1s a\u00fan si tenemos en cuenta que el compromiso adquirido por Espa\u00f1a de acogida de personas y que seg\u00fan la \u00faltima encuesta del Eurobar\u00f3metro el 83% de la poblaci\u00f3n espa\u00f1ola es favorable a la acogida de personas refugiadas (77% en Europa)\u201d<\/p>\n<p>Desde la Plataforma Somos Migrantes queremos llamar la atenci\u00f3n sobre \u201cla necesidad de asumir los compromisos legales y humanitarios del continente, abordando con urgencia <strong>medidas espec\u00edficas para una pol\u00edtica de acogida digna estable y estructurada<\/strong>\u201d. La plataforma plantea en su documento un plan de acciones que van\u00a0 desde la reforma de las leyes de protecci\u00f3n, coordinaci\u00f3n entre instituciones o iniciativas de mentor\u00eda social, entre otras. Estos compromisos ata\u00f1en a todas las administraciones p\u00fablicas desde lo local hasta nivel Europeo. Por lo que todas estas propuestas han sido trasladadas por la Plataforma Somos Migrantes al Foro Andaluz de Migraciones, Defensor del Pueblo Andaluz, la Secretar\u00eda de Pol\u00edticas Sociales y a la Coordinaci\u00f3n de pol\u00edticas migratorias.<\/p>\n<p>Descargar el manifiesto <a href=\"https:\/\/www.apdha.org\/sevilla\/wp-content\/uploads\/2018105-COMUNICADO-MENAS-somos-migrantes.pdf\">aqu\u00ed.<\/a><\/p>\n","protected":false},"excerpt":{"rendered":"<p>Alarma sobre la irresponsabilidad de los diferentes partidos pol\u00edticos en la gesti\u00f3n de la situaci\u00f3n de la inmigraci\u00f3n. Se suma a las acciones realizadas ante el Defensor del Menor en Andaluc\u00eda. Insta al Foro Andaluz de Migraciones, a la Secretar\u00eda de Pol\u00edticas Sociales y a la Coordinaci\u00f3n de pol\u00edticas migratorias, \u2026<\/p>\n<p> <a class=\"continue-reading-link\" href=\"https:\/\/www.apdha.org\/sevilla\/p-somos-migrantes-denuncia-situacion-mena-en-andalucia\/\">Seguir Leyendo<i class=\"icon-right-dir\"><\/i><\/a><\/p>\n","protected":false},"author":1,"featured_media":1040,"comment_status":"closed","ping_status":"closed","sticky":false,"template":"","format":"standard","meta":{"footnotes":""},"categories":[1,74],"tags":[158,78,59],"class_list":["post-1244","post","type-post","status-publish","format-standard","has-post-thumbnail","hentry","category-comunicados","category-movimientos-sociales-sevilla","tag-menas","tag-migracion","tag-somos-migrantes"],"_links":{"self":[{"href":"https:\/\/www.apdha.org\/sevilla\/wp-json\/wp\/v2\/posts\/1244","targetHints":{"allow":["GET"]}}],"collection":[{"href":"https:\/\/www.apdha.org\/sevilla\/wp-json\/wp\/v2\/posts"}],"about":[{"href":"https:\/\/www.apdha.org\/sevilla\/wp-json\/wp\/v2\/types\/post"}],"author":[{"embeddable":true,"href":"https:\/\/www.apdha.org\/sevilla\/wp-json\/wp\/v2\/users\/1"}],"replies":[{"embeddable":true,"href":"https:\/\/www.apdha.org\/sevilla\/wp-json\/wp\/v2\/comments?post=1244"}],"version-history":[{"count":1,"href":"https:\/\/www.apdha.org\/sevilla\/wp-json\/wp\/v2\/posts\/1244\/revisions"}],"predecessor-version":[{"id":1246,"href":"https:\/\/www.apdha.org\/sevilla\/wp-json\/wp\/v2\/posts\/1244\/revisions\/1246"}],"wp:featuredmedia":[{"embeddable":true,"href":"https:\/\/www.apdha.org\/sevilla\/wp-json\/wp\/v2\/media\/1040"}],"wp:attachment":[{"href":"https:\/\/www.apdha.org\/sevilla\/wp-json\/wp\/v2\/media?parent=1244"}],"wp:term":[{"taxonomy":"category","embeddable":true,"href":"https:\/\/www.apdha.org\/sevilla\/wp-json\/wp\/v2\/categories?post=1244"},{"taxonomy":"post_tag","embeddable":true,"href":"https:\/\/www.apdha.org\/sevilla\/wp-json\/wp\/v2\/tags?post=1244"}],"curies":[{"name":"wp","href":"https:\/\/api.w.org\/{rel}","templated":true}]}}