{"id":1285,"date":"2018-11-11T19:25:18","date_gmt":"2018-11-11T17:25:18","guid":{"rendered":"https:\/\/www.apdha.org\/sevilla\/?p=1285"},"modified":"2018-11-11T19:25:18","modified_gmt":"2018-11-11T17:25:18","slug":"10-de-diciembre-manifestacion-por-una-vida-digna-derechos-para-tods","status":"publish","type":"post","link":"https:\/\/www.apdha.org\/sevilla\/10-de-diciembre-manifestacion-por-una-vida-digna-derechos-para-tods\/","title":{"rendered":"10 de Diciembre. MANIFESTACI\u00d3N: &#8220;Por una vida digna, derechos para tod@s&#8221;"},"content":{"rendered":"<p><a href=\"https:\/\/www.apdha.org\/sevilla\/wp-content\/uploads\/Cartel-10D-2018.jpg\"><img loading=\"lazy\" decoding=\"async\" class=\"alignnone size-full wp-image-1286\" src=\"https:\/\/www.apdha.org\/sevilla\/wp-content\/uploads\/Cartel-10D-2018.jpg\" alt=\"\" width=\"750\" height=\"531\" srcset=\"https:\/\/www.apdha.org\/sevilla\/wp-content\/uploads\/Cartel-10D-2018.jpg 750w, https:\/\/www.apdha.org\/sevilla\/wp-content\/uploads\/Cartel-10D-2018-300x212.jpg 300w, https:\/\/www.apdha.org\/sevilla\/wp-content\/uploads\/Cartel-10D-2018-150x106.jpg 150w\" sizes=\"auto, (max-width: 750px) 100vw, 750px\" \/><\/a><\/p>\n<p><strong>10 de diciembre de 2018. MANIFESTACI\u00d3N<\/strong><\/p>\n<p><strong>19:00 horas. Plaza del Ayuntamiento hasta las Setas.<\/strong><\/p>\n<p><strong>\u201cPOR UNA VIDA DIGNA: DERECHOS PARA TOD@S\u201d<\/strong><\/p>\n<p>El pr\u00f3ximo 10 de diciembre, d\u00eda de los DERECHOS HUMANOS, nos manifestaremos en Sevilla bajo el lema <strong>\u201cPOR UNA VIDA DIGNA: DERECHOS PARA TOD@S\u201d<\/strong>. Ya lo hicimos en a\u00f1os anteriores contando con la participaci\u00f3n activa de muchos de los colectivos y plataformas que trabajan, cada d\u00eda, por la defensa activa de los derechos de las personas: <strong>vivienda, trabajo, renta b\u00e1sica, sanidad, educaci\u00f3n, libertad de expresi\u00f3n, igualdad, migrantes\u2026<\/strong><\/p>\n<p>Este a\u00f1o la manifestaci\u00f3n saldr\u00e1 desde la puerta del Ayuntamiento y terminar\u00e1 en Las Setas. All\u00ed leeremos un comunicado consensuado entre distintos colectivos. Tambi\u00e9n representantes de los mismos nos expondr\u00e1n sus denuncias y reivindicaciones (un minuto por colectivo o plataforma).<\/p>\n<p>La manifestaci\u00f3n ir\u00e1 encabezada por una pancarta con el lema <strong>\u201cPOR UNA VIDA DIGNA: DERECHOS PARA TOD@S\u201d. <\/strong>Luego estar\u00e1 organizada por bloques con las pancartas propias de los colectivos y plataformas (mismo modelo que en a\u00f1os anteriores).<\/p>\n<p>Desde aqu\u00ed hacemos un llamamiento a colectivos, mareas, plataformas,\u00a0 etc. que quieran sumarse a la manifestaci\u00f3n.<\/p>\n<p>Para propuestas y dudas pod\u00e9is dirigiros a:<\/p>\n<p><a href=\"mailto:sevilla@apdha.org\">sevilla@apdha.org<\/a><\/p>\n<p>Os esperamos. Un saludo.<\/p>\n<p>Delegaci\u00f3n APDHA Sevilla<\/p>\n<p><a href=\"https:\/\/www.facebook.com\/events\/299254657594105\/\">Enlace del evento de la MANIFESTACI\u00d3N en Facebook<\/a><\/p>\n","protected":false},"excerpt":{"rendered":"<p>10 de diciembre de 2018. MANIFESTACI\u00d3N 19:00 horas. Plaza del Ayuntamiento hasta las Setas. \u201cPOR UNA VIDA DIGNA: DERECHOS PARA TOD@S\u201d El pr\u00f3ximo 10 de diciembre, d\u00eda de los DERECHOS HUMANOS, nos manifestaremos en Sevilla bajo el lema \u201cPOR UNA VIDA DIGNA: DERECHOS PARA TOD@S\u201d. Ya lo hicimos en a\u00f1os \u2026<\/p>\n<p> <a class=\"continue-reading-link\" href=\"https:\/\/www.apdha.org\/sevilla\/10-de-diciembre-manifestacion-por-una-vida-digna-derechos-para-tods\/\">Seguir Leyendo<i class=\"icon-right-dir\"><\/i><\/a><\/p>\n","protected":false},"author":1,"featured_media":1286,"comment_status":"closed","ping_status":"closed","sticky":false,"template":"","format":"standard","meta":{"footnotes":""},"categories":[3],"tags":[33,23,51,17,40,52,15,16,24,21],"class_list":["post-1285","post","type-post","status-publish","format-standard","has-post-thumbnail","hentry","category-actividades","tag-apdhasevilla","tag-derechos-humanos","tag-emergencia-social","tag-exclusion-social","tag-ley-mordaza","tag-manifestacion","tag-marginacion","tag-personas-sin-hogar","tag-renta-basica-universal","tag-vivienda"],"_links":{"self":[{"href":"https:\/\/www.apdha.org\/sevilla\/wp-json\/wp\/v2\/posts\/1285","targetHints":{"allow":["GET"]}}],"collection":[{"href":"https:\/\/www.apdha.org\/sevilla\/wp-json\/wp\/v2\/posts"}],"about":[{"href":"https:\/\/www.apdha.org\/sevilla\/wp-json\/wp\/v2\/types\/post"}],"author":[{"embeddable":true,"href":"https:\/\/www.apdha.org\/sevilla\/wp-json\/wp\/v2\/users\/1"}],"replies":[{"embeddable":true,"href":"https:\/\/www.apdha.org\/sevilla\/wp-json\/wp\/v2\/comments?post=1285"}],"version-history":[{"count":1,"href":"https:\/\/www.apdha.org\/sevilla\/wp-json\/wp\/v2\/posts\/1285\/revisions"}],"predecessor-version":[{"id":1287,"href":"https:\/\/www.apdha.org\/sevilla\/wp-json\/wp\/v2\/posts\/1285\/revisions\/1287"}],"wp:featuredmedia":[{"embeddable":true,"href":"https:\/\/www.apdha.org\/sevilla\/wp-json\/wp\/v2\/media\/1286"}],"wp:attachment":[{"href":"https:\/\/www.apdha.org\/sevilla\/wp-json\/wp\/v2\/media?parent=1285"}],"wp:term":[{"taxonomy":"category","embeddable":true,"href":"https:\/\/www.apdha.org\/sevilla\/wp-json\/wp\/v2\/categories?post=1285"},{"taxonomy":"post_tag","embeddable":true,"href":"https:\/\/www.apdha.org\/sevilla\/wp-json\/wp\/v2\/tags?post=1285"}],"curies":[{"name":"wp","href":"https:\/\/api.w.org\/{rel}","templated":true}]}}