{"id":1416,"date":"2019-02-14T00:41:54","date_gmt":"2019-02-13T22:41:54","guid":{"rendered":"https:\/\/www.apdha.org\/sevilla\/?p=1416"},"modified":"2019-02-14T00:45:22","modified_gmt":"2019-02-13T22:45:22","slug":"por-la-defensa-de-los-derechos-y-libertades-susana-moreno-maestro","status":"publish","type":"post","link":"https:\/\/www.apdha.org\/sevilla\/por-la-defensa-de-los-derechos-y-libertades-susana-moreno-maestro\/","title":{"rendered":"Por la defensa de los derechos y libertades. SUSANA MORENO MAESTRO"},"content":{"rendered":"<p><a href=\"https:\/\/www.apdha.org\/sevilla\/wp-content\/uploads\/IMG-20181207-WA0001-1.jpg\"><img loading=\"lazy\" decoding=\"async\" class=\"alignnone size-large wp-image-1418\" src=\"https:\/\/www.apdha.org\/sevilla\/wp-content\/uploads\/IMG-20181207-WA0001-1-1024x768.jpg\" alt=\"IMG-20181207-WA0001\" width=\"900\" height=\"675\" srcset=\"https:\/\/www.apdha.org\/sevilla\/wp-content\/uploads\/IMG-20181207-WA0001-1-1024x768.jpg 1024w, https:\/\/www.apdha.org\/sevilla\/wp-content\/uploads\/IMG-20181207-WA0001-1-300x225.jpg 300w, https:\/\/www.apdha.org\/sevilla\/wp-content\/uploads\/IMG-20181207-WA0001-1-768x576.jpg 768w, https:\/\/www.apdha.org\/sevilla\/wp-content\/uploads\/IMG-20181207-WA0001-1-150x113.jpg 150w, https:\/\/www.apdha.org\/sevilla\/wp-content\/uploads\/IMG-20181207-WA0001-1.jpg 1600w\" sizes=\"auto, (max-width: 900px) 100vw, 900px\" \/><\/a><\/p>\n<p>Es una evidencia que la diversidad cultural de Sevilla a d\u00eda de hoy es resultado, en gran medida (aunque no solo), de los actuales movimientos migratorios. El problema es que esta foto amable de ciudad multiculturalidad pocas veces se enmarca en el contexto de racismo y violencia institucional consecuencia de las pol\u00edticas migratorias y de gesti\u00f3n de la diversidad en Europa. Rara vez ponemos nombres y caras a esta diversidad, y mucho menos conocemos las historias de quienes hoy forman parte de nuestra tierra o de quienes han muerto y siguen muriendo en el intento por llegar.<\/p>\n<p style=\"text-align: justify;\">Este a\u00f1o, un grupo de alumnas de la Universidad de Sevilla ha participado en un proyecto de intercambio con estudiantes senegaleses y han podido comprobar, en primera persona, las enormes dificultades de sus compa\u00f1eros africanos para venir a Andaluc\u00eda (Sur de Europa) en comparaci\u00f3n con el tranquilo viaje de ellas a Senegal (\u00c1frica al sur del S\u00e1hara), una tranquilidad que solo se ha visto agitada por la excitaci\u00f3n de un viaje a tierra desconocida. Han sido conscientes de las dificultades para entrar a Europa por cauces legales y han comprobado que nadie tiene como primera opci\u00f3n hacerlo de manera irregular. Por eso, que uno de los estudiantes senegaleses llegados a Andaluc\u00eda se pensara no regresar a su pa\u00eds por temor a no poder volver a entrar de manera segura y legal, les preocup\u00f3, pero no les sorprendi\u00f3. Las im\u00e1genes de barcas y cuerpos llegando a costas andaluzas, de personas saltando las vallas de Ceuta y Melilla y siendo devueltas\u00a0<em>en caliente<\/em>\u00a0bajo el amparo legal de la denominada Ley Mordaza y los encierros en CIES (Centros de Internamiento de Extranjeros), son realidades a las que ahora ponen nombres y apellidos, historias, sonidos, risas, recuerdos&#8230; Son conscientes de que ellas hubieran podido decidir, libremente, permanecer en Senegal si as\u00ed lo hubiesen querido y que no iban a ser criminalizadas por ello; sin embargo, quienes decidieran permanecer en Europa para ayudar a sus familias iban a sufrir la criminalizaci\u00f3n, la persecuci\u00f3n y la exclusi\u00f3n en nuestras ciudades.<\/p>\n<p style=\"text-align: justify;\">Estas estudiantes sevillanas s\u00ed han puesto caras a quienes sufren las leyes racistas y han conocido, de primera mano, las implicaciones que esto tiene no solo en la persona que las sufre directamente, sino tambi\u00e9n en sus familias y comunidades. Sin duda, se hace dif\u00edcil transmitir valores como igualdad, justicia y solidaridad cuando vivimos en un marco legal que construye desigualdad y divide nuestras sociedades en categor\u00edas de personas con diferentes derechos. Por suerte, la empat\u00eda y el inconformismo ante situaciones como estas siguen sumando gente a la lucha por la defensa de los derechos de las personas migrantes, y ello a pesar de la creciente represi\u00f3n y criminalizaci\u00f3n de quienes act\u00faan para hacer de Sevilla una ciudad m\u00e1s viva, libre y acogedora.<\/p>\n<p style=\"text-align: justify;\">Susana Moreno Maestro. Profesora de la Universidad de Sevilla y miembro de la Plataforma Somos Migrantes.<\/p>\n","protected":false},"excerpt":{"rendered":"<p>Es una evidencia que la diversidad cultural de Sevilla a d\u00eda de hoy es resultado, en gran medida (aunque no solo), de los actuales movimientos migratorios. El problema es que esta foto amable de ciudad multiculturalidad pocas veces se enmarca en el contexto de racismo y violencia institucional consecuencia de \u2026<\/p>\n<p> <a class=\"continue-reading-link\" href=\"https:\/\/www.apdha.org\/sevilla\/por-la-defensa-de-los-derechos-y-libertades-susana-moreno-maestro\/\">Seguir Leyendo<i class=\"icon-right-dir\"><\/i><\/a><\/p>\n","protected":false},"author":1,"featured_media":1418,"comment_status":"closed","ping_status":"closed","sticky":false,"template":"","format":"standard","meta":{"footnotes":""},"categories":[173,170],"tags":[23,27],"class_list":["post-1416","post","type-post","status-publish","format-standard","has-post-thumbnail","hentry","category-articulos","category-campana-derechos-y-libertades","tag-derechos-humanos","tag-plataforma-somos-migrantes"],"_links":{"self":[{"href":"https:\/\/www.apdha.org\/sevilla\/wp-json\/wp\/v2\/posts\/1416","targetHints":{"allow":["GET"]}}],"collection":[{"href":"https:\/\/www.apdha.org\/sevilla\/wp-json\/wp\/v2\/posts"}],"about":[{"href":"https:\/\/www.apdha.org\/sevilla\/wp-json\/wp\/v2\/types\/post"}],"author":[{"embeddable":true,"href":"https:\/\/www.apdha.org\/sevilla\/wp-json\/wp\/v2\/users\/1"}],"replies":[{"embeddable":true,"href":"https:\/\/www.apdha.org\/sevilla\/wp-json\/wp\/v2\/comments?post=1416"}],"version-history":[{"count":2,"href":"https:\/\/www.apdha.org\/sevilla\/wp-json\/wp\/v2\/posts\/1416\/revisions"}],"predecessor-version":[{"id":1419,"href":"https:\/\/www.apdha.org\/sevilla\/wp-json\/wp\/v2\/posts\/1416\/revisions\/1419"}],"wp:featuredmedia":[{"embeddable":true,"href":"https:\/\/www.apdha.org\/sevilla\/wp-json\/wp\/v2\/media\/1418"}],"wp:attachment":[{"href":"https:\/\/www.apdha.org\/sevilla\/wp-json\/wp\/v2\/media?parent=1416"}],"wp:term":[{"taxonomy":"category","embeddable":true,"href":"https:\/\/www.apdha.org\/sevilla\/wp-json\/wp\/v2\/categories?post=1416"},{"taxonomy":"post_tag","embeddable":true,"href":"https:\/\/www.apdha.org\/sevilla\/wp-json\/wp\/v2\/tags?post=1416"}],"curies":[{"name":"wp","href":"https:\/\/api.w.org\/{rel}","templated":true}]}}