{"id":1420,"date":"2019-02-17T23:53:33","date_gmt":"2019-02-17T21:53:33","guid":{"rendered":"https:\/\/www.apdha.org\/sevilla\/?p=1420"},"modified":"2019-02-17T23:53:33","modified_gmt":"2019-02-17T21:53:33","slug":"de-la-expo-no92-agustin-toranzo","status":"publish","type":"post","link":"https:\/\/www.apdha.org\/sevilla\/de-la-expo-no92-agustin-toranzo\/","title":{"rendered":"De la expo NO92. AGUST\u00cdN TORANZO"},"content":{"rendered":"<p><a href=\"https:\/\/www.apdha.org\/sevilla\/wp-content\/uploads\/Ficha-Agust\u00edn.png\"><img loading=\"lazy\" decoding=\"async\" class=\"alignnone size-large wp-image-1422\" src=\"https:\/\/www.apdha.org\/sevilla\/wp-content\/uploads\/Ficha-Agust\u00edn-1024x730.png\" alt=\"Ficha Agust\u00edn\" width=\"900\" height=\"642\" srcset=\"https:\/\/www.apdha.org\/sevilla\/wp-content\/uploads\/Ficha-Agust\u00edn-1024x730.png 1024w, https:\/\/www.apdha.org\/sevilla\/wp-content\/uploads\/Ficha-Agust\u00edn-300x214.png 300w, https:\/\/www.apdha.org\/sevilla\/wp-content\/uploads\/Ficha-Agust\u00edn-768x547.png 768w, https:\/\/www.apdha.org\/sevilla\/wp-content\/uploads\/Ficha-Agust\u00edn-150x107.png 150w\" sizes=\"auto, (max-width: 900px) 100vw, 900px\" \/><\/a><\/p>\n<p>&nbsp;<\/p>\n<p style=\"text-align: justify;\">Hola, soy Agust\u00edn Toranzo, voy a hacer un recorrido por las protestas que se hicieron el 19-20 abril de 1992 en Sevilla denunciando tanto el expolio del 92 como la celebraci\u00f3n del V Centenario, yo ten\u00eda 22 a\u00f1os. \u00c9ramos muy j\u00f3venes para la represi\u00f3n que nos hicieron: la polic\u00eda hiri\u00f3 con balas de plomo, no de goma, a tres personas en una manifestaci\u00f3n contra la Expo en el casco viejo el d\u00eda antes de su inauguraci\u00f3n. (Ver documental de Intermedia Producciones <a href=\"https:\/\/intermediaproducciones.com\/portfolio\/prohibido-volar-disparan-al-aire\/\">\u201cProhibido volar, disparan al aire\u201d<\/a>. Julio S\u00e1nchez Veiga, Mariano Agudo Blanco, 1997).<\/p>\n<p style=\"text-align: justify;\">El juez Centeno Campoy, del juzgado de instrucci\u00f3n n\u00ba14 de Sevilla, en 1996 rechaz\u00f3 la acusaci\u00f3n de homicidio frustrado contra el inspector Soriano Vidal. Argument\u00f3 falta de intencionalidad porque ni \u201cremat\u00f3 en el suelo a los heridos\u201d ni \u201cdispar\u00f3 contra nadie en concreto, sino al conjunto de la multitud\u201d. \u201cSi se prueba en el acto del juicio la autor\u00eda de los disparos en el denunciado (inspector Soriano Vidal), \u00e9ste en ning\u00fan modo tuvo \u00e1nimo de matar. La persona que efectu\u00f3 los disparos no lo hizo dirigi\u00e9ndolos contra personas concretas y con la intenci\u00f3n de matar. Si el autor hubiera tenido intenci\u00f3n de matar hubiera disparado contra los manifestantes m\u00e1s cercanos a su posici\u00f3n y no contra los m\u00e1s lejanos y si hubieran actuado (los polic\u00edas), como dicen, movidos por las m\u00e1s crueles venganzas, hubiera rematado al herido Ulises Denia Fern\u00e1ndez, la persona primera herida y m\u00e1s cercana a su posici\u00f3n\u201d.<\/p>\n<p style=\"text-align: justify;\">Posteriormente tres magistrados de La Audiencia Provincial, entre ellos el juez Miguel Carmona Ruano, dijeron que los an\u00e1lisis de bal\u00edstica hechos por la Guardia Civil no pod\u00edan demostrar qu\u00e9 armas hab\u00edan sido las que hirieron a la gente. Absolvieron del delito de imprudencia temeraria al \u00fanico polic\u00eda acusado.<\/p>\n<p style=\"text-align: justify;\">Las tres personas heridas en la manifestaci\u00f3n cobraron indemnizaciones. Bea, la chica que hirieron al salir de misa, lleg\u00f3 a un acuerdo antes del juicio. Las otras dos personas heridas cobraron en 2001 por resoluci\u00f3n de la secci\u00f3n primera de lo contencioso administrativo de la Audiencia Nacional. Se han tasado a 6000 pesetas al d\u00eda las jornadas de incapacidad temporal, una tasaci\u00f3n baja.<\/p>\n<p style=\"text-align: justify;\">En esta sentencia de la Audiencia Nacional se dice:<\/p>\n<p style=\"text-align: justify;\">\u201cNo hay ninguna prueba de la que pueda inferirse que las dos personas heridas de bala participasen en la manifestaci\u00f3n. De hecho, en ning\u00fan momento se han dirigido acusaciones contra los mismos. Lo \u00fanico que sabemos es que dichas personas se encontraban en el lugar de los hechos\u201d.<\/p>\n<p style=\"text-align: justify;\">\u201cLos disparos con el ca\u00f1\u00f3n en posici\u00f3n horizontal, con riesgo consciente de lesi\u00f3n a personas que no participaban en la agresi\u00f3n no estaban justificados\u201d.<\/p>\n<p style=\"text-align: justify;\">Esta sentencia de la Audiencia Nacional recuerda que la Audiencia Provincial de Sevilla, 5 de diciembre de 1996, afirm\u00f3: \u201cel inspector Juan Soriano Vidal llev\u00f3 a cabo una acci\u00f3n que ha de calificarse como gravemente imprudente, pues por tal hay que tener la realizaci\u00f3n de disparos en posici\u00f3n tal que puedan alcanzar a las personas, lo cual ten\u00eda que ser conocido por aquel\u201d.<\/p>\n<p style=\"text-align: justify;\">Agust\u00edn Toranzo. Activista.<\/p>\n<p>&nbsp;<\/p>\n","protected":false},"excerpt":{"rendered":"<p>&nbsp; Hola, soy Agust\u00edn Toranzo, voy a hacer un recorrido por las protestas que se hicieron el 19-20 abril de 1992 en Sevilla denunciando tanto el expolio del 92 como la celebraci\u00f3n del V Centenario, yo ten\u00eda 22 a\u00f1os. \u00c9ramos muy j\u00f3venes para la represi\u00f3n que nos hicieron: la polic\u00eda \u2026<\/p>\n<p> <a class=\"continue-reading-link\" href=\"https:\/\/www.apdha.org\/sevilla\/de-la-expo-no92-agustin-toranzo\/\">Seguir Leyendo<i class=\"icon-right-dir\"><\/i><\/a><\/p>\n","protected":false},"author":1,"featured_media":1422,"comment_status":"closed","ping_status":"closed","sticky":false,"template":"","format":"standard","meta":{"footnotes":""},"categories":[173,170],"tags":[23,40],"class_list":["post-1420","post","type-post","status-publish","format-standard","has-post-thumbnail","hentry","category-articulos","category-campana-derechos-y-libertades","tag-derechos-humanos","tag-ley-mordaza"],"_links":{"self":[{"href":"https:\/\/www.apdha.org\/sevilla\/wp-json\/wp\/v2\/posts\/1420","targetHints":{"allow":["GET"]}}],"collection":[{"href":"https:\/\/www.apdha.org\/sevilla\/wp-json\/wp\/v2\/posts"}],"about":[{"href":"https:\/\/www.apdha.org\/sevilla\/wp-json\/wp\/v2\/types\/post"}],"author":[{"embeddable":true,"href":"https:\/\/www.apdha.org\/sevilla\/wp-json\/wp\/v2\/users\/1"}],"replies":[{"embeddable":true,"href":"https:\/\/www.apdha.org\/sevilla\/wp-json\/wp\/v2\/comments?post=1420"}],"version-history":[{"count":1,"href":"https:\/\/www.apdha.org\/sevilla\/wp-json\/wp\/v2\/posts\/1420\/revisions"}],"predecessor-version":[{"id":1423,"href":"https:\/\/www.apdha.org\/sevilla\/wp-json\/wp\/v2\/posts\/1420\/revisions\/1423"}],"wp:featuredmedia":[{"embeddable":true,"href":"https:\/\/www.apdha.org\/sevilla\/wp-json\/wp\/v2\/media\/1422"}],"wp:attachment":[{"href":"https:\/\/www.apdha.org\/sevilla\/wp-json\/wp\/v2\/media?parent=1420"}],"wp:term":[{"taxonomy":"category","embeddable":true,"href":"https:\/\/www.apdha.org\/sevilla\/wp-json\/wp\/v2\/categories?post=1420"},{"taxonomy":"post_tag","embeddable":true,"href":"https:\/\/www.apdha.org\/sevilla\/wp-json\/wp\/v2\/tags?post=1420"}],"curies":[{"name":"wp","href":"https:\/\/api.w.org\/{rel}","templated":true}]}}