{"id":1424,"date":"2019-02-21T00:31:25","date_gmt":"2019-02-20T22:31:25","guid":{"rendered":"https:\/\/www.apdha.org\/sevilla\/?p=1424"},"modified":"2019-03-10T23:27:31","modified_gmt":"2019-03-10T21:27:31","slug":"jugando-al-miedo-jose-gordon-prat","status":"publish","type":"post","link":"https:\/\/www.apdha.org\/sevilla\/jugando-al-miedo-jose-gordon-prat\/","title":{"rendered":"\u00bfJugando al miedo? JOS\u00c9 GORD\u00d3N PRAT"},"content":{"rendered":"<p style=\"text-align: justify;\"><a href=\"https:\/\/www.apdha.org\/sevilla\/wp-content\/uploads\/IMG_20190220_233013.jpg\"><img loading=\"lazy\" decoding=\"async\" class=\"alignnone size-full wp-image-1426\" src=\"https:\/\/www.apdha.org\/sevilla\/wp-content\/uploads\/IMG_20190220_233013.jpg\" alt=\"IMG_20190220_233013\" width=\"900\" height=\"998\" srcset=\"https:\/\/www.apdha.org\/sevilla\/wp-content\/uploads\/IMG_20190220_233013.jpg 900w, https:\/\/www.apdha.org\/sevilla\/wp-content\/uploads\/IMG_20190220_233013-271x300.jpg 271w, https:\/\/www.apdha.org\/sevilla\/wp-content\/uploads\/IMG_20190220_233013-768x852.jpg 768w, https:\/\/www.apdha.org\/sevilla\/wp-content\/uploads\/IMG_20190220_233013-135x150.jpg 135w\" sizes=\"auto, (max-width: 900px) 100vw, 900px\" \/><\/a><\/p>\n<p style=\"text-align: justify;\">Hasta finales de la primera d\u00e9cada del siglo XXI, la arremetida neoliberal hizo que los Estados, serviles a las empresas transnacionales, terminaran de mercantilizar todos los rincones de nuestras vidas y de nuestra naturaleza, como tambi\u00e9n que aumentaran los niveles de explotaci\u00f3n laboral hasta lo indecente. En cambio, el inicio de la presente d\u00e9cada vino marcado por las multitudinarias movilizaciones populares que desde distintas regiones del planeta impugnaban el modelo capitalista imperante. Desde \u00c1frica con las\u00a0 \u201c<em>primaveras \u00e1rabes<\/em>\u201d hasta la mism\u00edsima Wall Street con el movimiento \u201c<em>Occupy<\/em>\u201d, pasando por nuestra pen\u00ednsula el 15 de mayo de 2011 en que las instituciones espa\u00f1olas entraron en <em>shock<\/em> ante la abierta acusaci\u00f3n popular a la mafia instalada en las mismas para beneficio de esas transnacionales, tanto espa\u00f1olas como extranjeras.<\/p>\n<p style=\"text-align: justify;\">\u00a0\u00a0\u00a0\u00a0\u00a0\u00a0\u00a0\u00a0\u00a0\u00a0\u00a0 De manera simplificada, en esos a\u00f1os la poblaci\u00f3n, superando el tel\u00f3n medi\u00e1tico en su contra, hizo constar que la supuesta crisis financiera no era tal y que el rechazo social lo es al modelo dominante en su integridad, revelando que realmente se trata de una crisis sist\u00e9mica o civilizatoria. Sin margen a mucho error, pueden se\u00f1alarse esos momentos como aquellos en los que el miedo entr\u00f3 en las vidas de los grandes accionistas de las transnacionales, les entraba pavor s\u00f3lo de pensar en reducir sus virtuales ganancias. As\u00ed, cual se\u00f1orito de su cortijo globalizado, se niegan a rectificar \u2013quiz\u00e1 por no tratarse de personas muy sabias\u2013 y a dejar de acrecentar sus especulaciones financieras \u2013quiz\u00e1 para no parecer vulgares seres vivos y sociales. El miedo a perder privilegios y la negaci\u00f3n a aceptar cualquier cambio son el motivo de fondo del uso de la violencia estatal en contra de la gente, en forma de leyes, multas, impunidad, golpes y c\u00e1rceles. Las pol\u00edticas estatales han pasado del recorte de derechos sociales y econ\u00f3micos al recorte de derechos civiles y pol\u00edticos, de negarnos una vida decente a negarnos incluso las herramientas para intentar construirla, nuestros derechos pol\u00edticos y civiles, a prohibir la disidencia contra sus privilegios.<\/p>\n<p style=\"text-align: justify;\">\u00a0\u00a0\u00a0\u00a0\u00a0\u00a0\u00a0\u00a0\u00a0\u00a0\u00a0 Si ese relato puede ser generalizable a nivel internacional, atendiendo a nuestra tierra, la simplificaci\u00f3n no es tanta. Y es que en una Andaluc\u00eda con unas condiciones de explotaci\u00f3n y de exclusi\u00f3n social inaceptables, considerando adem\u00e1s los bienes y riqueza de nuestra tierra, tales condiciones constituyen por s\u00ed solas un cuestionamiento radical del vigente modelo econ\u00f3mico-social. Si a ello le sumamos que las instituciones estatales (tribunales, polic\u00edas, etc.) a duras penas pueden presumir de tener escr\u00fapulos democr\u00e1ticos \u2013encontr\u00e1ndose cuestionadas incluso a nivel internacional\u2013 acabamos llegando a perder la cuenta de las personas afectadas por violaciones estatales de sus derechos civiles y pol\u00edticos y, lo m\u00e1s significativo, con base en excusas cada vez m\u00e1s inveros\u00edmiles, como calificar de injuria la cr\u00edtica a instituciones y administraciones o como rebeli\u00f3n lo que no son sino simples manifestaciones.<\/p>\n<p style=\"text-align: justify;\">\u00a0\u00a0\u00a0\u00a0\u00a0\u00a0\u00a0\u00a0\u00a0\u00a0\u00a0 La estrategia de esa \u00e9lite temerosa de perder privilegios es la de introducirnos el miedo mediante la violencia del Estado para disuadirnos de ejercer y reivindicar nuestros derechos. Por esta raz\u00f3n entrar al juego del miedo, es perder, es ceder a su dominaci\u00f3n y perpetuar las\u00a0 trampas e injusticias vigentes. Al com\u00fan de las mortales nos queda una \u00fanica estrategia, la de nuestra solidaridad desde el coraje y la alegr\u00eda, y una \u00fanica arma la del compromiso firme y constante en la defensa de los derechos y libertades de nuestras gentes.<\/p>\n<p>Jos\u00e9 Gord\u00f3n Prat, abogado y activista.<\/p>\n","protected":false},"excerpt":{"rendered":"<p>Hasta finales de la primera d\u00e9cada del siglo XXI, la arremetida neoliberal hizo que los Estados, serviles a las empresas transnacionales, terminaran de mercantilizar todos los rincones de nuestras vidas y de nuestra naturaleza, como tambi\u00e9n que aumentaran los niveles de explotaci\u00f3n laboral hasta lo indecente. En cambio, el inicio \u2026<\/p>\n<p> <a class=\"continue-reading-link\" href=\"https:\/\/www.apdha.org\/sevilla\/jugando-al-miedo-jose-gordon-prat\/\">Seguir Leyendo<i class=\"icon-right-dir\"><\/i><\/a><\/p>\n","protected":false},"author":1,"featured_media":1426,"comment_status":"closed","ping_status":"closed","sticky":false,"template":"","format":"standard","meta":{"footnotes":""},"categories":[173,170],"tags":[41,23,40],"class_list":["post-1424","post","type-post","status-publish","format-standard","has-post-thumbnail","hentry","category-articulos","category-campana-derechos-y-libertades","tag-nosomosdelito","tag-derechos-humanos","tag-ley-mordaza"],"_links":{"self":[{"href":"https:\/\/www.apdha.org\/sevilla\/wp-json\/wp\/v2\/posts\/1424","targetHints":{"allow":["GET"]}}],"collection":[{"href":"https:\/\/www.apdha.org\/sevilla\/wp-json\/wp\/v2\/posts"}],"about":[{"href":"https:\/\/www.apdha.org\/sevilla\/wp-json\/wp\/v2\/types\/post"}],"author":[{"embeddable":true,"href":"https:\/\/www.apdha.org\/sevilla\/wp-json\/wp\/v2\/users\/1"}],"replies":[{"embeddable":true,"href":"https:\/\/www.apdha.org\/sevilla\/wp-json\/wp\/v2\/comments?post=1424"}],"version-history":[{"count":2,"href":"https:\/\/www.apdha.org\/sevilla\/wp-json\/wp\/v2\/posts\/1424\/revisions"}],"predecessor-version":[{"id":1442,"href":"https:\/\/www.apdha.org\/sevilla\/wp-json\/wp\/v2\/posts\/1424\/revisions\/1442"}],"wp:featuredmedia":[{"embeddable":true,"href":"https:\/\/www.apdha.org\/sevilla\/wp-json\/wp\/v2\/media\/1426"}],"wp:attachment":[{"href":"https:\/\/www.apdha.org\/sevilla\/wp-json\/wp\/v2\/media?parent=1424"}],"wp:term":[{"taxonomy":"category","embeddable":true,"href":"https:\/\/www.apdha.org\/sevilla\/wp-json\/wp\/v2\/categories?post=1424"},{"taxonomy":"post_tag","embeddable":true,"href":"https:\/\/www.apdha.org\/sevilla\/wp-json\/wp\/v2\/tags?post=1424"}],"curies":[{"name":"wp","href":"https:\/\/api.w.org\/{rel}","templated":true}]}}