{"id":1432,"date":"2019-03-01T13:41:38","date_gmt":"2019-03-01T11:41:38","guid":{"rendered":"https:\/\/www.apdha.org\/sevilla\/?p=1432"},"modified":"2019-03-01T13:41:38","modified_gmt":"2019-03-01T11:41:38","slug":"denuncia-la-muerte-de-un-enfermo-mental-en-el-hospital-psiquiatrico","status":"publish","type":"post","link":"https:\/\/www.apdha.org\/sevilla\/denuncia-la-muerte-de-un-enfermo-mental-en-el-hospital-psiquiatrico\/","title":{"rendered":"APDHA Sevilla denuncia la muerte de un enfermo mental en el Hospital Psiqui\u00e1trico Penitenciario por falta de recursos"},"content":{"rendered":"<ul>\n<li><strong>El pasado 20 de febrero un interno se quit\u00f3 la vida ahorc\u00e1ndose con la colcha de su cama<\/strong><\/li>\n<li><strong>La falta de medios y recursos en el Hospital Psiqui\u00e1trico Penitenciario es alarmantemente insuficiente<\/strong><\/li>\n<\/ul>\n<p><strong>\u00a0<a href=\"https:\/\/www.apdha.org\/sevilla\/wp-content\/uploads\/hpSevilla.jpg_112093179.jpg\"><img loading=\"lazy\" decoding=\"async\" class=\"size-full wp-image-1433 alignleft\" src=\"https:\/\/www.apdha.org\/sevilla\/wp-content\/uploads\/hpSevilla.jpg_112093179.jpg\" alt=\"hpSevilla.jpg_112093179\" width=\"330\" height=\"330\" srcset=\"https:\/\/www.apdha.org\/sevilla\/wp-content\/uploads\/hpSevilla.jpg_112093179.jpg 330w, https:\/\/www.apdha.org\/sevilla\/wp-content\/uploads\/hpSevilla.jpg_112093179-150x150.jpg 150w, https:\/\/www.apdha.org\/sevilla\/wp-content\/uploads\/hpSevilla.jpg_112093179-300x300.jpg 300w\" sizes=\"auto, (max-width: 330px) 100vw, 330px\" \/><\/a><\/strong><\/p>\n<p><strong>Sevilla, 1 de marzo de 2019-. <\/strong>La Asociaci\u00f3n Pro Derechos Humanos de Andaluc\u00eda denuncia la muerte de un interno en el Hospital Psiqui\u00e1trico Penitenciario de Sevilla al quitarse la vida ahorc\u00e1ndose con la colcha de su cama. El cad\u00e1ver fue hallado durante una de las rondas de vigilancia que se realizan en el centro. Ante estos hechos, la asociaci\u00f3n estudia una posible demanda patrimonial por la falta de recursos y aplicaci\u00f3n de protocolo de protecci\u00f3n, que ha desencadenado en este terrible suceso.<\/p>\n<p>La Delegaci\u00f3n de Sevilla de la APDHA recuerda al Gobierno la responsabilidad de velar por la salud, la integridad y la vida de las personas presas, as\u00ed como de dotar de medios suficientes para que hechos como este no se vuelvan a repetir. \u201cNo hablamos de un mero deber de control o de vigilancia, sino de la obligaci\u00f3n espec\u00edfica de preservar la vida de las personas internas, en todo momento.\u201d<\/p>\n<p>Desde hace a\u00f1os, la APDHA lleva denunciando que las personas enfermas mentales siguen siendo las grandes olvidadas de la sociedad. Tras la desaparici\u00f3n de los manicomios en los a\u00f1os 80, los y las pacientes con enfermedad mental han ido engrosando las estad\u00edsticas penitenciarias, convirti\u00e9ndose las c\u00e1rceles en nuevos \u201calmacenes de enfermos mentales\u201d.<\/p>\n<p>Estas personas malviven hacinadas en los centros penitenciarios de forma indefensa, en un lugar que no les corresponde y que no est\u00e1 preparado para albergarlas. Dentro de prisi\u00f3n no existe un adecuado tratamiento ni se cuenta con personal suficiente, puesto que faltan la mitad de profesionales, como psiquiatras, celadores y auxiliares de enfermer\u00eda.<\/p>\n<p>En Espa\u00f1a solo existen dos hospitales psiqui\u00e1tricos penitenciarios, uno en Sevilla y otro en Valencia. El Hospital Psiqui\u00e1trico Penitenciario de Sevilla cuenta con 76 celdas y una ocupaci\u00f3n media de 174 personas. La realidad es que hay celdas que deber\u00edan ocuparse por un solo enfermo, pero albergan hasta tres o cuatro camas.<\/p>\n<p>Asimismo, la APDHA apunta que la mayor\u00eda de personas enfermas mentales ingresa en estos centros por orden judicial, ya que actualmente no existen alternativas suficientes al internamiento que posibiliten la integraci\u00f3n en la sociedad.<\/p>\n","protected":false},"excerpt":{"rendered":"<p>El pasado 20 de febrero un interno se quit\u00f3 la vida ahorc\u00e1ndose con la colcha de su cama La falta de medios y recursos en el Hospital Psiqui\u00e1trico Penitenciario es alarmantemente insuficiente \u00a0 Sevilla, 1 de marzo de 2019-. La Asociaci\u00f3n Pro Derechos Humanos de Andaluc\u00eda denuncia la muerte de \u2026<\/p>\n<p> <a class=\"continue-reading-link\" href=\"https:\/\/www.apdha.org\/sevilla\/denuncia-la-muerte-de-un-enfermo-mental-en-el-hospital-psiquiatrico\/\">Seguir Leyendo<i class=\"icon-right-dir\"><\/i><\/a><\/p>\n","protected":false},"author":1,"featured_media":1433,"comment_status":"closed","ping_status":"closed","sticky":false,"template":"","format":"standard","meta":{"footnotes":""},"categories":[1],"tags":[10,178,36],"class_list":["post-1432","post","type-post","status-publish","format-standard","has-post-thumbnail","hentry","category-comunicados","tag-carceles","tag-enfermedad-mental","tag-personas-presas"],"_links":{"self":[{"href":"https:\/\/www.apdha.org\/sevilla\/wp-json\/wp\/v2\/posts\/1432","targetHints":{"allow":["GET"]}}],"collection":[{"href":"https:\/\/www.apdha.org\/sevilla\/wp-json\/wp\/v2\/posts"}],"about":[{"href":"https:\/\/www.apdha.org\/sevilla\/wp-json\/wp\/v2\/types\/post"}],"author":[{"embeddable":true,"href":"https:\/\/www.apdha.org\/sevilla\/wp-json\/wp\/v2\/users\/1"}],"replies":[{"embeddable":true,"href":"https:\/\/www.apdha.org\/sevilla\/wp-json\/wp\/v2\/comments?post=1432"}],"version-history":[{"count":1,"href":"https:\/\/www.apdha.org\/sevilla\/wp-json\/wp\/v2\/posts\/1432\/revisions"}],"predecessor-version":[{"id":1434,"href":"https:\/\/www.apdha.org\/sevilla\/wp-json\/wp\/v2\/posts\/1432\/revisions\/1434"}],"wp:featuredmedia":[{"embeddable":true,"href":"https:\/\/www.apdha.org\/sevilla\/wp-json\/wp\/v2\/media\/1433"}],"wp:attachment":[{"href":"https:\/\/www.apdha.org\/sevilla\/wp-json\/wp\/v2\/media?parent=1432"}],"wp:term":[{"taxonomy":"category","embeddable":true,"href":"https:\/\/www.apdha.org\/sevilla\/wp-json\/wp\/v2\/categories?post=1432"},{"taxonomy":"post_tag","embeddable":true,"href":"https:\/\/www.apdha.org\/sevilla\/wp-json\/wp\/v2\/tags?post=1432"}],"curies":[{"name":"wp","href":"https:\/\/api.w.org\/{rel}","templated":true}]}}