{"id":1435,"date":"2019-03-03T23:57:42","date_gmt":"2019-03-03T21:57:42","guid":{"rendered":"https:\/\/www.apdha.org\/sevilla\/?p=1435"},"modified":"2019-03-03T23:58:35","modified_gmt":"2019-03-03T21:58:35","slug":"el-aniquilador-daniel-fernandez-rodriguez","status":"publish","type":"post","link":"https:\/\/www.apdha.org\/sevilla\/el-aniquilador-daniel-fernandez-rodriguez\/","title":{"rendered":"El aniquilador. DANIEL FERN\u00c1NDEZ RODR\u00cdGUEZ"},"content":{"rendered":"<p style=\"text-align: justify;\"><a href=\"https:\/\/www.apdha.org\/sevilla\/wp-content\/uploads\/Daniel-Fern\u00e1ndez.jpg\"><img loading=\"lazy\" decoding=\"async\" class=\"alignnone size-large wp-image-1436\" src=\"https:\/\/www.apdha.org\/sevilla\/wp-content\/uploads\/Daniel-Fern\u00e1ndez-1024x842.jpg\" alt=\"Daniel Fern\u00e1ndez\" width=\"900\" height=\"740\" srcset=\"https:\/\/www.apdha.org\/sevilla\/wp-content\/uploads\/Daniel-Fern\u00e1ndez-1024x842.jpg 1024w, https:\/\/www.apdha.org\/sevilla\/wp-content\/uploads\/Daniel-Fern\u00e1ndez-300x247.jpg 300w, https:\/\/www.apdha.org\/sevilla\/wp-content\/uploads\/Daniel-Fern\u00e1ndez-768x632.jpg 768w, https:\/\/www.apdha.org\/sevilla\/wp-content\/uploads\/Daniel-Fern\u00e1ndez-150x123.jpg 150w, https:\/\/www.apdha.org\/sevilla\/wp-content\/uploads\/Daniel-Fern\u00e1ndez.jpg 1600w\" sizes=\"auto, (max-width: 900px) 100vw, 900px\" \/><\/a><\/p>\n<p style=\"text-align: justify;\">Este poema se lee como si fuera un anuncio del tapicero. Lo que en verano de 2016, cuando lo escrib\u00ed, incluso hace unos meses (antes de las elecciones andaluzas), pod\u00eda tomarse como cr\u00edtica m\u00e1s o menos \u00e1cida contra la represi\u00f3n y los recortes de libertades (en febrero de 2016 hab\u00eda sido la detenci\u00f3n de los titiriteros de Granada, casi a la vez que declaraban las tres mujeres imputadas por la procesi\u00f3n del Co\u00f1o Insumiso\u00a0\u2014dos compa\u00f1eros de CGT lo hab\u00edan hecho en septiembre de 2015\u2014; en diciembre de 2014 fue la Operaci\u00f3n Pandora, etc.) hoy puede parecer una amenaza cada vez m\u00e1s palpable. Sabemos que no es nada nuevo.<\/p>\n<p>&nbsp;<\/p>\n<p>EL ANIQUILADOR<\/p>\n<p>&nbsp;<\/p>\n<p>El aniquilador.<\/p>\n<p>Ha llegado a su localidad el aniquilador.<\/p>\n<p>&nbsp;<\/p>\n<p>Se aniquilan<\/p>\n<p>ecologistas<\/p>\n<p>anarquistas<\/p>\n<p>feministas<\/p>\n<p>&nbsp;<\/p>\n<p>independentistas<\/p>\n<p>troskistas<\/p>\n<p>cooperativistas<\/p>\n<p>&nbsp;<\/p>\n<p>antimilitaristas<\/p>\n<p>ocupas<\/p>\n<p>darwinistas<\/p>\n<p>&nbsp;<\/p>\n<p>Se aniquilan en la calle<\/p>\n<p>locales y a domicilio.<\/p>\n<p>&nbsp;<\/p>\n<p>Se aniquilan<\/p>\n<p>marxistas<\/p>\n<p>asamblearios<\/p>\n<p>nudistas<\/p>\n<p>&nbsp;<\/p>\n<p>lesbianas<\/p>\n<p>inmigrantes<\/p>\n<p>decrecentistas<\/p>\n<p>&nbsp;<\/p>\n<p>estudiantes<\/p>\n<p>enfermos<\/p>\n<p>pensionistas<\/p>\n<p>&nbsp;<\/p>\n<p>y toda clase de gente<\/p>\n<p>que venga mal al Estado.<\/p>\n<p>&nbsp;<\/p>\n<p>El aniquilador.<\/p>\n<p>Ha llegado a su localidad el aniquilador.<\/p>\n<p>&nbsp;<\/p>\n<p>Daniel Fern\u00e1ndez Rodr\u00edguez.\u00a0 Profesor y sindicalista.<\/p>\n","protected":false},"excerpt":{"rendered":"<p>Este poema se lee como si fuera un anuncio del tapicero. Lo que en verano de 2016, cuando lo escrib\u00ed, incluso hace unos meses (antes de las elecciones andaluzas), pod\u00eda tomarse como cr\u00edtica m\u00e1s o menos \u00e1cida contra la represi\u00f3n y los recortes de libertades (en febrero de 2016 hab\u00eda \u2026<\/p>\n<p> <a class=\"continue-reading-link\" href=\"https:\/\/www.apdha.org\/sevilla\/el-aniquilador-daniel-fernandez-rodriguez\/\">Seguir Leyendo<i class=\"icon-right-dir\"><\/i><\/a><\/p>\n","protected":false},"author":1,"featured_media":1436,"comment_status":"closed","ping_status":"closed","sticky":false,"template":"","format":"standard","meta":{"footnotes":""},"categories":[173,170],"tags":[174,41,23],"class_list":["post-1435","post","type-post","status-publish","format-standard","has-post-thumbnail","hentry","category-articulos","category-campana-derechos-y-libertades","tag-dejatefichar","tag-nosomosdelito","tag-derechos-humanos"],"_links":{"self":[{"href":"https:\/\/www.apdha.org\/sevilla\/wp-json\/wp\/v2\/posts\/1435","targetHints":{"allow":["GET"]}}],"collection":[{"href":"https:\/\/www.apdha.org\/sevilla\/wp-json\/wp\/v2\/posts"}],"about":[{"href":"https:\/\/www.apdha.org\/sevilla\/wp-json\/wp\/v2\/types\/post"}],"author":[{"embeddable":true,"href":"https:\/\/www.apdha.org\/sevilla\/wp-json\/wp\/v2\/users\/1"}],"replies":[{"embeddable":true,"href":"https:\/\/www.apdha.org\/sevilla\/wp-json\/wp\/v2\/comments?post=1435"}],"version-history":[{"count":2,"href":"https:\/\/www.apdha.org\/sevilla\/wp-json\/wp\/v2\/posts\/1435\/revisions"}],"predecessor-version":[{"id":1440,"href":"https:\/\/www.apdha.org\/sevilla\/wp-json\/wp\/v2\/posts\/1435\/revisions\/1440"}],"wp:featuredmedia":[{"embeddable":true,"href":"https:\/\/www.apdha.org\/sevilla\/wp-json\/wp\/v2\/media\/1436"}],"wp:attachment":[{"href":"https:\/\/www.apdha.org\/sevilla\/wp-json\/wp\/v2\/media?parent=1435"}],"wp:term":[{"taxonomy":"category","embeddable":true,"href":"https:\/\/www.apdha.org\/sevilla\/wp-json\/wp\/v2\/categories?post=1435"},{"taxonomy":"post_tag","embeddable":true,"href":"https:\/\/www.apdha.org\/sevilla\/wp-json\/wp\/v2\/tags?post=1435"}],"curies":[{"name":"wp","href":"https:\/\/api.w.org\/{rel}","templated":true}]}}