{"id":1471,"date":"2019-03-24T21:56:13","date_gmt":"2019-03-24T19:56:13","guid":{"rendered":"https:\/\/www.apdha.org\/sevilla\/?p=1471"},"modified":"2019-03-24T21:56:45","modified_gmt":"2019-03-24T19:56:45","slug":"ellxs-no-son-nuestrxs-presxs-macarena-olid","status":"publish","type":"post","link":"https:\/\/www.apdha.org\/sevilla\/ellxs-no-son-nuestrxs-presxs-macarena-olid\/","title":{"rendered":"Ellxs no son nuestrxs presxs. MACARENA OLID"},"content":{"rendered":"<p style=\"text-align: justify;\"><a href=\"https:\/\/www.apdha.org\/sevilla\/wp-content\/uploads\/Maca.png\"><img loading=\"lazy\" decoding=\"async\" class=\"alignnone size-full wp-image-1472\" src=\"https:\/\/www.apdha.org\/sevilla\/wp-content\/uploads\/Maca.png\" alt=\"Maca\" width=\"3120\" height=\"2303\" srcset=\"https:\/\/www.apdha.org\/sevilla\/wp-content\/uploads\/Maca.png 3120w, https:\/\/www.apdha.org\/sevilla\/wp-content\/uploads\/Maca-300x221.png 300w, https:\/\/www.apdha.org\/sevilla\/wp-content\/uploads\/Maca-768x567.png 768w, https:\/\/www.apdha.org\/sevilla\/wp-content\/uploads\/Maca-1024x756.png 1024w, https:\/\/www.apdha.org\/sevilla\/wp-content\/uploads\/Maca-150x111.png 150w\" sizes=\"auto, (max-width: 3120px) 100vw, 3120px\" \/><\/a><\/p>\n<p style=\"text-align: justify;\">Se me viene a la cabeza una de las versiones del famoso poema, que me record\u00f3 hace poco un buen amigo: <strong>\u201cEllos vinieron\u201d<\/strong>, por Martin Niem\u00f6ller<\/p>\n<p>\u201c<em>Cuando los nazis vinieron a buscar a los comunistas, guard\u00e9 silencio,<\/em><em><br \/>\nporque yo no era comunista,<br \/>\nCuando encarcelaron a los socialdem\u00f3cratas,<br \/>\nguard\u00e9 silencio,<br \/>\nporque yo no era socialdem\u00f3crata<br \/>\nCuando vinieron a buscar a los sindicalistas,<br \/>\nno protest\u00e9,<br \/>\nporque yo no era sindicalista,<br \/>\nCuando vinieron a buscar a los jud\u00edos,<br \/>\nno pronunci\u00e9 palabra,<br \/>\nporque yo no era jud\u00edo,<br \/>\nCuando finalmente vinieron a buscarme a m\u00ed,<br \/>\nno hab\u00eda nadie m\u00e1s que pudiera protestar.\u201d<\/em><\/p>\n<p style=\"text-align: justify;\"><strong><em>Y vinieron, se lxs llevaron y todo el mundo guard\u00f3 silencio<\/em><\/strong><em>.<\/em> Nadie se atrevi\u00f3 a abrir la boca, como si eso no hubiese sucedido, como si nadie se conociera de nada, de la nada aparecen y con la nada se van. S\u00f3lo queda el vac\u00edo, el vac\u00edo del resto, de los dem\u00e1s que si est\u00e1n. Ellxs llenan su espacio, de supervivencia que no sabe a derrota, llenan de vida espacios muertos. Mientras, fuera saboreamos la desgana de aquellxs que no se hacen parte.<\/p>\n<p style=\"text-align: justify;\"><strong><em>\u00bfQui\u00e9nes est\u00e1n m\u00e1s presxs, nosotrxs o ellxs?<\/em><\/strong> Nos relamemos las heridas, como si eso fuera suficiente justificaci\u00f3n para no hacer nada, para quedarnos paradxs, impasibles e inm\u00f3viles ante el muro que nos mantiene fuera. Entiendo el cansancio, el agotamiento y el peso de seguir luchando contracorriente, pero esta situaci\u00f3n desborda el sinsentido. \u00a0El silencio hace fuerte al que practica el miedo, para detener, para paralizar, para no sentir. Pero el silencio te posiciona, te coloca en un lugar que hace que formes parte.<\/p>\n<p style=\"text-align: justify;\"><strong><em>Y si vienen a por m\u00ed<\/em><\/strong><em>. <\/em>Estaremos indefensxs, d\u00e9biles y perdidxs en las excusas que nos mantiene en una posici\u00f3n as\u00e9ptica. Justificamos para mantener la distancia y no enturbiar m\u00e1s nuestra situaci\u00f3n. Ma\u00f1ana vendr\u00e1n y me llevar\u00e1, porque no me quiero rendir al miedo, porque tambi\u00e9n soy como ellxs, porque tambi\u00e9n creo, pienso y act\u00fao con vehemencia, porque tambi\u00e9n pens\u00e9 que se pod\u00edan y se pueden cambiar las cosas, porque digo y expreso lo que siento, porque tambi\u00e9n tuve 20 a\u00f1os, porque tambi\u00e9n estoy desesperada.<\/p>\n<p style=\"text-align: justify;\"><strong><em>\u00bfQui\u00e9nes son lxs nuestrxs? <\/em><\/strong>Las luchas se encuentran segmentadas, divididas y parceladas. \u201cCada unx a lo suyo\u201d y \u201cmarrones los justos\u201d son los mantras del momento, como si todo lo que se ha hecho en los \u00faltimos a\u00f1os, ha sido un acierto y nadie ha corrido riesgos. Las evaluaciones de c\u00f3mo se han hecho las cosas vendr\u00e1n despu\u00e9s, ahora urge la LIBERTAD de ellxs.<strong><em>\u00a0\u00a0\u00a0\u00a0\u00a0\u00a0\u00a0\u00a0\u00a0\u00a0 <\/em><\/strong><\/p>\n<p style=\"text-align: justify;\"><strong><em>No estamos todxs faltan lxs presxs. <\/em><\/strong>Faltan ellxs, y muchos m\u00e1s, lo repetiremos d\u00edas tras d\u00eda hasta que salgan. Las c\u00e1rceles est\u00e1n llenas, rebosan \u201cpresxs comunes\u201d, v\u00edctimas de un sistema, pero tambi\u00e9n lo \u201ccom\u00fan\u201d est\u00e1 siendo pensar, hacer, defender, cantar otra realidad. No est\u00e1n solxs, de eso estoy segura, la solidaridad de muchxs compa\u00f1erxs est\u00e1 presente. Estamos ante una situaci\u00f3n aberrante donde las medidas tomadas se hacen a modo de ejemplarizar y castigar, para que cunda el ejemplo. Hago un llamamiento a la gente, a los colectivos, a todas las personas para romper el silencio. Lo conseguiremos, hoy somos pocxs, pero ma\u00f1ana seremos muchxs m\u00e1s.<\/p>\n<p style=\"text-align: justify;\">Este texto lo escrib\u00ed hace ahora un a\u00f1o, cuando 6 personas entraron en prisi\u00f3n provisional en el contexto de una ocupaci\u00f3n en el barrio de la Macarena. Actualizaci\u00f3n del texto en 2019: \u201cPor lxs j\u00f3venes de Altsasua, Fran Molero, independentistas catalanes, y por aquellas personas que se encuentran en prisi\u00f3n o con procesos judiciales abiertos con petici\u00f3n de c\u00e1rcel por sus ideas\u201d.<\/p>\n<p style=\"text-align: justify;\"><strong>NO TODO EST\u00c1 PERDIDO<\/strong>. Pel\u00edcula Caballos Salvajes (Marcelo Pineyro, 1995)<\/p>\n<p style=\"text-align: justify;\">\u201cHabitamos un mundo gobernado por el miedo, <strong>el miedo manda<\/strong>, el poder come miedo, \u00bfqu\u00e9 ser\u00eda del poder sin el miedo? Sin el miedo que el propio poder genera para perpetuarse\u201d. (Eduardo Galeano)<\/p>\n<p style=\"text-align: justify;\">Macarena Olid, activista por los Derechos Humanos.<\/p>\n","protected":false},"excerpt":{"rendered":"<p>Se me viene a la cabeza una de las versiones del famoso poema, que me record\u00f3 hace poco un buen amigo: \u201cEllos vinieron\u201d, por Martin Niem\u00f6ller \u201cCuando los nazis vinieron a buscar a los comunistas, guard\u00e9 silencio, porque yo no era comunista, Cuando encarcelaron a los socialdem\u00f3cratas, guard\u00e9 silencio, porque \u2026<\/p>\n<p> <a class=\"continue-reading-link\" href=\"https:\/\/www.apdha.org\/sevilla\/ellxs-no-son-nuestrxs-presxs-macarena-olid\/\">Seguir Leyendo<i class=\"icon-right-dir\"><\/i><\/a><\/p>\n","protected":false},"author":1,"featured_media":1472,"comment_status":"closed","ping_status":"closed","sticky":false,"template":"","format":"standard","meta":{"footnotes":""},"categories":[173,170],"tags":[174,41,33,23],"class_list":["post-1471","post","type-post","status-publish","format-standard","has-post-thumbnail","hentry","category-articulos","category-campana-derechos-y-libertades","tag-dejatefichar","tag-nosomosdelito","tag-apdhasevilla","tag-derechos-humanos"],"_links":{"self":[{"href":"https:\/\/www.apdha.org\/sevilla\/wp-json\/wp\/v2\/posts\/1471","targetHints":{"allow":["GET"]}}],"collection":[{"href":"https:\/\/www.apdha.org\/sevilla\/wp-json\/wp\/v2\/posts"}],"about":[{"href":"https:\/\/www.apdha.org\/sevilla\/wp-json\/wp\/v2\/types\/post"}],"author":[{"embeddable":true,"href":"https:\/\/www.apdha.org\/sevilla\/wp-json\/wp\/v2\/users\/1"}],"replies":[{"embeddable":true,"href":"https:\/\/www.apdha.org\/sevilla\/wp-json\/wp\/v2\/comments?post=1471"}],"version-history":[{"count":1,"href":"https:\/\/www.apdha.org\/sevilla\/wp-json\/wp\/v2\/posts\/1471\/revisions"}],"predecessor-version":[{"id":1473,"href":"https:\/\/www.apdha.org\/sevilla\/wp-json\/wp\/v2\/posts\/1471\/revisions\/1473"}],"wp:featuredmedia":[{"embeddable":true,"href":"https:\/\/www.apdha.org\/sevilla\/wp-json\/wp\/v2\/media\/1472"}],"wp:attachment":[{"href":"https:\/\/www.apdha.org\/sevilla\/wp-json\/wp\/v2\/media?parent=1471"}],"wp:term":[{"taxonomy":"category","embeddable":true,"href":"https:\/\/www.apdha.org\/sevilla\/wp-json\/wp\/v2\/categories?post=1471"},{"taxonomy":"post_tag","embeddable":true,"href":"https:\/\/www.apdha.org\/sevilla\/wp-json\/wp\/v2\/tags?post=1471"}],"curies":[{"name":"wp","href":"https:\/\/api.w.org\/{rel}","templated":true}]}}