{"id":1474,"date":"2019-03-27T22:00:13","date_gmt":"2019-03-27T20:00:13","guid":{"rendered":"https:\/\/www.apdha.org\/sevilla\/?p=1474"},"modified":"2019-03-27T22:00:13","modified_gmt":"2019-03-27T20:00:13","slug":"la-huelga-es-un-derecho-no-un-delito-elisabeth-garcia-fernandez","status":"publish","type":"post","link":"https:\/\/www.apdha.org\/sevilla\/la-huelga-es-un-derecho-no-un-delito-elisabeth-garcia-fernandez\/","title":{"rendered":"La huelga es un derecho, no un delito. ELISABETH GARC\u00cdA FERN\u00c1NDEZ"},"content":{"rendered":"<p><a href=\"https:\/\/www.apdha.org\/sevilla\/wp-content\/uploads\/Elisabeth-Garc\u00eda.png\"><img loading=\"lazy\" decoding=\"async\" class=\"alignnone size-full wp-image-1475\" src=\"https:\/\/www.apdha.org\/sevilla\/wp-content\/uploads\/Elisabeth-Garc\u00eda.png\" alt=\"Elisabeth Garc\u00eda\" width=\"3120\" height=\"2251\" srcset=\"https:\/\/www.apdha.org\/sevilla\/wp-content\/uploads\/Elisabeth-Garc\u00eda.png 3120w, https:\/\/www.apdha.org\/sevilla\/wp-content\/uploads\/Elisabeth-Garc\u00eda-300x216.png 300w, https:\/\/www.apdha.org\/sevilla\/wp-content\/uploads\/Elisabeth-Garc\u00eda-768x554.png 768w, https:\/\/www.apdha.org\/sevilla\/wp-content\/uploads\/Elisabeth-Garc\u00eda-1024x739.png 1024w, https:\/\/www.apdha.org\/sevilla\/wp-content\/uploads\/Elisabeth-Garc\u00eda-150x108.png 150w\" sizes=\"auto, (max-width: 3120px) 100vw, 3120px\" \/><\/a><\/p>\n<p style=\"text-align: justify;\">Hace m\u00e1s de 40 a\u00f1os que en Espa\u00f1a vivimos en Democracia. Esto deber\u00eda ser suficiente garant\u00eda de que podemos ejercer nuestros derechos, sin embargo, \u201cla cosa\u201d no funciona as\u00ed en nuestro pa\u00eds donde la defensa de los intereses de los trabajadores y trabajadoras, se ve limitada aun siendo un derecho constitucional de primer orden.<\/p>\n<p style=\"text-align: justify;\">Ocurre as\u00ed con el derecho de huelga. De hecho, m\u00e1s de 300 sindicalistas del pa\u00eds se han tenido que enfrentar en la \u00faltima d\u00e9cada a penas de prisi\u00f3n de entre 2 y 8 a\u00f1os por ejercer, de una forma l\u00edcita, su derecho a la Huelga.<\/p>\n<p style=\"text-align: justify;\">Esta es una agresi\u00f3n m\u00e1s propia de una dictadura, pero claro, que una persona que trabaja, exija sus derechos laborales siempre es una incomodidad para las empresas, es mejor acallarlas. Y para ello, hab\u00eda que atacar al coraz\u00f3n del problema, los sindicatos. As\u00ed al gobierno popular se le ocurri\u00f3 reformar el art\u00edculo 315.3 del C\u00f3digo Penal con su Ley Mordaza, criminalizando a los y las sindicalistas y atacando directamente el ejercicio del derecho a huelga. Quer\u00edan volver as\u00ed a una \u00e9poca pasada en la que las huelgas eran ilegales y quienes sal\u00edan a reclamar derechos sufr\u00edan c\u00e1rcel y tortura.<\/p>\n<p style=\"text-align: justify;\">Pero en ese entonces no pudieron hacer callar a la fuerza colectiva del trabajo, a quienes a pesar de la represi\u00f3n y con altura de miras, fueron desde los a\u00f1os 50 peleando derechos en las calles a trav\u00e9s de huelgas ilegales, alcanzando s\u00f3lo en los tres primeros meses de 1976 la cifra de 17.731 huelgas en defensa del salario, del convenio, etc. hasta alcanzar poco a poco la democracia, los derechos de ciudadan\u00eda y laborales, y en ellos, el derecho a la libertad sindical, la negociaci\u00f3n colectiva y la huelga que recogen la Constituci\u00f3n Espa\u00f1ola. Porque ning\u00fan derecho es regalado, todos se conquistan.<\/p>\n<p style=\"text-align: justify;\">Sin embargo, esto que se debi\u00f3 haber ense\u00f1ado a quienes nacimos en democracia, ha sido obviado, y se ha vendido que hacer huelga es una inutilidad o un acto de vandalismo y que encima, pierdes el salario. Y como no cal\u00f3 del todo el mensaje y en plena crisis econ\u00f3mica (2009-2013) soportaron m\u00e1s de 6.000 huelgas, tuvieron que reformar ese art\u00edculo 315.3 para hacer creer adem\u00e1s que la acci\u00f3n sindical es un delito para evitar que la sociedad digamos BASTA YA a la precariedad, a las discriminaciones salariales, a la desigualdad o incluso a las muertes en el trabajo.<\/p>\n<p style=\"text-align: justify;\">Pero lo que no dicen es que las empresas pierden los beneficios que les da la fuerza de nuestro trabajo, que se computa en horas no trabajadas, en productos que no venden, en servicios que no prestan y en ganancias que no obtienen. Una cuant\u00eda que supera con creces el salario que no cobramos. Eso lo saben. Por ello, no perdamos de vista que la huelga es un derecho individual que al ejercerlo de forma colectiva, conquista derechos, refuerza la democracia y la igualdad.<\/p>\n<p style=\"text-align: justify;\">Por eso, hoy mucho m\u00e1s que antes debemos decir alto y claro que Huelga No Es Delito.<\/p>\n<p>Elisabeth Garc\u00eda Fern\u00e1ndez, sindicalista.<\/p>\n","protected":false},"excerpt":{"rendered":"<p>Hace m\u00e1s de 40 a\u00f1os que en Espa\u00f1a vivimos en Democracia. Esto deber\u00eda ser suficiente garant\u00eda de que podemos ejercer nuestros derechos, sin embargo, \u201cla cosa\u201d no funciona as\u00ed en nuestro pa\u00eds donde la defensa de los intereses de los trabajadores y trabajadoras, se ve limitada aun siendo un derecho \u2026<\/p>\n<p> <a class=\"continue-reading-link\" href=\"https:\/\/www.apdha.org\/sevilla\/la-huelga-es-un-derecho-no-un-delito-elisabeth-garcia-fernandez\/\">Seguir Leyendo<i class=\"icon-right-dir\"><\/i><\/a><\/p>\n","protected":false},"author":1,"featured_media":1475,"comment_status":"closed","ping_status":"closed","sticky":false,"template":"","format":"standard","meta":{"footnotes":""},"categories":[173,170],"tags":[174,41,23,161],"class_list":["post-1474","post","type-post","status-publish","format-standard","has-post-thumbnail","hentry","category-articulos","category-campana-derechos-y-libertades","tag-dejatefichar","tag-nosomosdelito","tag-derechos-humanos","tag-huelga"],"_links":{"self":[{"href":"https:\/\/www.apdha.org\/sevilla\/wp-json\/wp\/v2\/posts\/1474","targetHints":{"allow":["GET"]}}],"collection":[{"href":"https:\/\/www.apdha.org\/sevilla\/wp-json\/wp\/v2\/posts"}],"about":[{"href":"https:\/\/www.apdha.org\/sevilla\/wp-json\/wp\/v2\/types\/post"}],"author":[{"embeddable":true,"href":"https:\/\/www.apdha.org\/sevilla\/wp-json\/wp\/v2\/users\/1"}],"replies":[{"embeddable":true,"href":"https:\/\/www.apdha.org\/sevilla\/wp-json\/wp\/v2\/comments?post=1474"}],"version-history":[{"count":1,"href":"https:\/\/www.apdha.org\/sevilla\/wp-json\/wp\/v2\/posts\/1474\/revisions"}],"predecessor-version":[{"id":1476,"href":"https:\/\/www.apdha.org\/sevilla\/wp-json\/wp\/v2\/posts\/1474\/revisions\/1476"}],"wp:featuredmedia":[{"embeddable":true,"href":"https:\/\/www.apdha.org\/sevilla\/wp-json\/wp\/v2\/media\/1475"}],"wp:attachment":[{"href":"https:\/\/www.apdha.org\/sevilla\/wp-json\/wp\/v2\/media?parent=1474"}],"wp:term":[{"taxonomy":"category","embeddable":true,"href":"https:\/\/www.apdha.org\/sevilla\/wp-json\/wp\/v2\/categories?post=1474"},{"taxonomy":"post_tag","embeddable":true,"href":"https:\/\/www.apdha.org\/sevilla\/wp-json\/wp\/v2\/tags?post=1474"}],"curies":[{"name":"wp","href":"https:\/\/api.w.org\/{rel}","templated":true}]}}