{"id":1486,"date":"2019-04-03T23:51:25","date_gmt":"2019-04-03T21:51:25","guid":{"rendered":"https:\/\/www.apdha.org\/sevilla\/?p=1486"},"modified":"2019-04-03T23:52:51","modified_gmt":"2019-04-03T21:52:51","slug":"derecho-a-una-vida-para-todos-rosario-garcia","status":"publish","type":"post","link":"https:\/\/www.apdha.org\/sevilla\/derecho-a-una-vida-para-todos-rosario-garcia\/","title":{"rendered":"Derecho a una vida digna para todos. ROSARIO GARC\u00cdA."},"content":{"rendered":"<p><a href=\"https:\/\/www.apdha.org\/sevilla\/wp-content\/uploads\/Rosario_1.jpg\"><img loading=\"lazy\" decoding=\"async\" class=\"alignnone size-full wp-image-1487\" src=\"https:\/\/www.apdha.org\/sevilla\/wp-content\/uploads\/Rosario_1.jpg\" alt=\"Rosario_1\" width=\"3120\" height=\"2359\" srcset=\"https:\/\/www.apdha.org\/sevilla\/wp-content\/uploads\/Rosario_1.jpg 3120w, https:\/\/www.apdha.org\/sevilla\/wp-content\/uploads\/Rosario_1-300x227.jpg 300w, https:\/\/www.apdha.org\/sevilla\/wp-content\/uploads\/Rosario_1-768x581.jpg 768w, https:\/\/www.apdha.org\/sevilla\/wp-content\/uploads\/Rosario_1-1024x774.jpg 1024w, https:\/\/www.apdha.org\/sevilla\/wp-content\/uploads\/Rosario_1-150x113.jpg 150w\" sizes=\"auto, (max-width: 3120px) 100vw, 3120px\" \/><\/a><\/p>\n<p>Os dejamos la entrevista a Rosario Garc\u00eda, portavoz de la Plataforma \u201cNosotros tambi\u00e9n somos Sevilla\u201d<\/p>\n<p style=\"text-align: justify;\"><strong>Pregunta (P):\u00a0 <\/strong>\u00a0<strong>La APDHA est\u00e1 llevando a cabo la Campa\u00f1a por <em>la defensa de los derechos y libertades, \u00bf<\/em>c\u00f3mo se defiende en el Pol\u00edgono Sur, en concreto, qu\u00e9 hace la Plataforma para defender los derechos y libertades en esta zona de Sevilla?<\/strong><\/p>\n<p style=\"text-align: justify;\">Respuesta (R): Entendemos que todas las personas tienen derecho a una vida digna, todos tienen que tener unos medios que les permitan vivir con dignidad sin tener que acudir a C\u00e1ritas, a los servicios sociales para pedir. \u00a0Nosotros le pedimos a la administraci\u00f3n que proporcione viviendas, una renta para que las personas no tengan que hacer cola para que les den un vale de comida que les obliga a ir a tiendas concretas, pedimos que tengan libertad de elegir d\u00f3nde comprar, igual que los dem\u00e1s. Reivindicamos esta renta para que la gente no dependa de ninguna administraci\u00f3n para vivir. Es un derecho. Queremos que desaparezcan las colas para pedir ayuda.<\/p>\n<p style=\"text-align: justify;\"><strong>P. \u00bfQu\u00e9 problemas se encuentra la Plataforma frente a las administraciones?<\/strong><\/p>\n<p style=\"text-align: justify;\">R. Hacen o\u00eddo sordo. En el tema de la renta m\u00ednima que la Junta de Andaluc\u00eda prometi\u00f3 hemos pedido tanto a la Junta como al Ayuntamiento datos de cu\u00e1ntas personas del Pol\u00edgono Sur la han solicitado, a cu\u00e1ntas se la han concedido y en qu\u00e9 cuant\u00eda. No nos han respondido. Nos encontramos con un muro. Ellos todo lo arreglan con el ladrillo pero no sacan a las personas de la marginaci\u00f3n. En 2015 detectamos 2748 familias con dificultades extremas. A la administraci\u00f3n le pareci\u00f3 que era un dato exagerado. Hoy reconocen que hay alrededor de 2900 familias que lo est\u00e1n pasando mal. La situaci\u00f3n empeora. No hay di\u00e1logo.<\/p>\n<p style=\"text-align: justify;\"><strong>P. \u00bfQu\u00e9 papel crees que tiene la movilizaci\u00f3n ciudadana en la defensa de los derechos?<\/strong><\/p>\n<p style=\"text-align: justify;\">R. La historia demuestra que todo lo que se ha conseguido ha sido porque las personas nos hemos tirado a la calle. En el Pol\u00edgono Sur nos movilizamos por los colegios, por los centros de salud por el centro de servicios sociales, el Esqueleto, todo se ha conseguido porque la gente se ha tirado a la calle. Ahora, es verdad, que hay menos gente que se moviliza.<\/p>\n<p style=\"text-align: justify;\"><strong>P. \u00bfC\u00f3mo te sientes ante el futuro? \u00bfCrees que la democracia, la libertad est\u00e1 en alg\u00fan sentido amenazada?<\/strong><\/p>\n<p style=\"text-align: justify;\">R .Despu\u00e9s de las \u00faltimas elecciones tenemos miedo porque cosas conquistadas, convenios de trabajadores por ejemplo, puedan tener un retroceso.\u00a0\u00a0 Yo creo que hab\u00eda gente que se tapaba en una m\u00e1scara de democracia pero que ahora se est\u00e1n destapando.\u00a0 Yo he luchado mucho cuando joven contra el fascismo y ahora siento que puede haber retroceso en la democracia. Hemos luchado por la amnist\u00eda, por los Derechos Humanos,\u00a0 y tenemos que seguir para que nuestros nietos no se encuentren en una situaci\u00f3n de falta de libertad. Tenemos que reflexionar, el fascismo est\u00e1\u00a0 la vuelta de la esquina, hay que argumentar en su contra, tenemos que estar organizados.<\/p>\n<p style=\"text-align: justify;\">La juventud es muy importante. Nosotros en la Plataforma, \u00a0aunque no son muchos, tenemos gente joven que va cogiendo el relevo, se van comprometiendo, llevando el tim\u00f3n. Y <strong>esperamos que puedan seguir conquistando el derecho a una vida digna para todos. Creo firmemente que esto puede conseguirse.\u00a0\u00a0<\/strong><\/p>\n<p style=\"text-align: justify;\">Rosario Garc\u00eda, portavoz de la Plataforma &#8220;Nosotros tambi\u00e9n somos Sevilla&#8221;<\/p>\n","protected":false},"excerpt":{"rendered":"<p>Os dejamos la entrevista a Rosario Garc\u00eda, portavoz de la Plataforma \u201cNosotros tambi\u00e9n somos Sevilla\u201d Pregunta (P):\u00a0 \u00a0La APDHA est\u00e1 llevando a cabo la Campa\u00f1a por la defensa de los derechos y libertades, \u00bfc\u00f3mo se defiende en el Pol\u00edgono Sur, en concreto, qu\u00e9 hace la Plataforma para defender los derechos \u2026<\/p>\n<p> <a class=\"continue-reading-link\" href=\"https:\/\/www.apdha.org\/sevilla\/derecho-a-una-vida-para-todos-rosario-garcia\/\">Seguir Leyendo<i class=\"icon-right-dir\"><\/i><\/a><\/p>\n","protected":false},"author":1,"featured_media":1487,"comment_status":"closed","ping_status":"closed","sticky":false,"template":"","format":"standard","meta":{"footnotes":""},"categories":[173,170],"tags":[174,23,51,17,130],"class_list":["post-1486","post","type-post","status-publish","format-standard","has-post-thumbnail","hentry","category-articulos","category-campana-derechos-y-libertades","tag-dejatefichar","tag-derechos-humanos","tag-emergencia-social","tag-exclusion-social","tag-plataforma-nosotros-tambien-somos-sevilla"],"_links":{"self":[{"href":"https:\/\/www.apdha.org\/sevilla\/wp-json\/wp\/v2\/posts\/1486","targetHints":{"allow":["GET"]}}],"collection":[{"href":"https:\/\/www.apdha.org\/sevilla\/wp-json\/wp\/v2\/posts"}],"about":[{"href":"https:\/\/www.apdha.org\/sevilla\/wp-json\/wp\/v2\/types\/post"}],"author":[{"embeddable":true,"href":"https:\/\/www.apdha.org\/sevilla\/wp-json\/wp\/v2\/users\/1"}],"replies":[{"embeddable":true,"href":"https:\/\/www.apdha.org\/sevilla\/wp-json\/wp\/v2\/comments?post=1486"}],"version-history":[{"count":3,"href":"https:\/\/www.apdha.org\/sevilla\/wp-json\/wp\/v2\/posts\/1486\/revisions"}],"predecessor-version":[{"id":1490,"href":"https:\/\/www.apdha.org\/sevilla\/wp-json\/wp\/v2\/posts\/1486\/revisions\/1490"}],"wp:featuredmedia":[{"embeddable":true,"href":"https:\/\/www.apdha.org\/sevilla\/wp-json\/wp\/v2\/media\/1487"}],"wp:attachment":[{"href":"https:\/\/www.apdha.org\/sevilla\/wp-json\/wp\/v2\/media?parent=1486"}],"wp:term":[{"taxonomy":"category","embeddable":true,"href":"https:\/\/www.apdha.org\/sevilla\/wp-json\/wp\/v2\/categories?post=1486"},{"taxonomy":"post_tag","embeddable":true,"href":"https:\/\/www.apdha.org\/sevilla\/wp-json\/wp\/v2\/tags?post=1486"}],"curies":[{"name":"wp","href":"https:\/\/api.w.org\/{rel}","templated":true}]}}