{"id":1492,"date":"2019-04-07T22:39:03","date_gmt":"2019-04-07T20:39:03","guid":{"rendered":"https:\/\/www.apdha.org\/sevilla\/?p=1492"},"modified":"2019-04-07T22:39:03","modified_gmt":"2019-04-07T20:39:03","slug":"la-represion-del-movimiento-ecologista-juan-clavero","status":"publish","type":"post","link":"https:\/\/www.apdha.org\/sevilla\/la-represion-del-movimiento-ecologista-juan-clavero\/","title":{"rendered":"La represi\u00f3n del movimiento ecologista. JUAN CLAVERO"},"content":{"rendered":"<p style=\"text-align: justify;\"><a href=\"https:\/\/www.apdha.org\/sevilla\/wp-content\/uploads\/Juan-Clavero_1.jpg\"><img loading=\"lazy\" decoding=\"async\" class=\"alignnone size-full wp-image-1493\" src=\"https:\/\/www.apdha.org\/sevilla\/wp-content\/uploads\/Juan-Clavero_1.jpg\" alt=\"Juan Clavero_1\" width=\"3120\" height=\"2773\" srcset=\"https:\/\/www.apdha.org\/sevilla\/wp-content\/uploads\/Juan-Clavero_1.jpg 3120w, https:\/\/www.apdha.org\/sevilla\/wp-content\/uploads\/Juan-Clavero_1-300x267.jpg 300w, https:\/\/www.apdha.org\/sevilla\/wp-content\/uploads\/Juan-Clavero_1-768x683.jpg 768w, https:\/\/www.apdha.org\/sevilla\/wp-content\/uploads\/Juan-Clavero_1-1024x910.jpg 1024w, https:\/\/www.apdha.org\/sevilla\/wp-content\/uploads\/Juan-Clavero_1-150x133.jpg 150w\" sizes=\"auto, (max-width: 3120px) 100vw, 3120px\" \/><\/a><\/p>\n<p style=\"text-align: justify;\">Enfrentarse a los poderes pol\u00edticos y econ\u00f3micos tiene sus riesgos y consecuencias; tambi\u00e9n sus satisfacciones. El ecologismo social, el que no s\u00f3lo se plantea la conservaci\u00f3n de nuestra naturaleza, sino que pone en cuesti\u00f3n el modelo socioecon\u00f3mico capitalista, causa del saqueo y de la apropiaci\u00f3n de los recursos de la Tierra por una \u00ednfima minor\u00eda, se ha tenido que enfrentar a planes, proyectos y pol\u00edticas fomentadas por las \u00e9lites pol\u00edticas y econ\u00f3micas. Algunos no estaban dispuestos a permitirlo.<\/p>\n<p style=\"text-align: justify;\">Ser\u00eda prolijo relatar al c\u00famulo de acciones represivas a las que nos hemos tenido que enfrentar las personas que hemos hecho de la defensa de nuestra Tierra y de sus gentes un objetivo por el que luchar, y arriesgar. Muchas son comunes a otros movimientos sociales, pero quiz\u00e1s lo que ha caracterizado esta represi\u00f3n es que ha venido no s\u00f3lo de estamentos pol\u00edticos y administrativos, sino directamente de mafias empresariales que no han escatimado medios para frenar las denuncias de las entidades ecologistas.<\/p>\n<p style=\"text-align: justify;\">El ecologismo social fue uno de los escasos movimientos sociales que se enfrent\u00f3 a\u00a0 la burbuja inmobiliaria. Cuando el dinero flu\u00eda a raudales por despachos de empresas, administraciones y partidos pol\u00edticos, y las migajas llegaban a muchos estratos de la poblaci\u00f3n, enfrentarse a esa vor\u00e1gine que destru\u00eda nuestro suelo, agua, espacios naturales, paisajes\u2026 no era f\u00e1cil. Pero lo hicimos. A las consabidas denuncias por encadenamientos a m\u00e1quinas, bloqueo de obras\u2026 se unieron las agresiones y los atentados. Los sufr\u00ed en primera persona. Quiz\u00e1s los m\u00e1s miserables y cobardes fueron los que se dirigieron contra nuestras familias. Dos ejemplos. Cuando denunciamos la construcci\u00f3n de una urbanizaci\u00f3n ilegal en un pinar de El Puerto protegido y destinado a parque p\u00fablico, llenaron la ciudad con fotos de mi casa amenazando con quemarla. Tuve que tener protecci\u00f3n policial hasta que identificamos a los agresores, la mayor\u00eda eran polic\u00edas nacionales y locales. Cuando los ecologistas destapamos una trama de corrupci\u00f3n urban\u00edstica en Grazalema, el entonces alcalde (PSOE) no envi\u00f3 a la polic\u00eda municipal a inspeccionar las obras ilegales, sino a mi casa en Benamahoma. No encontraron nada ilegal, pero firm\u00f3 una orden de demolici\u00f3n, con multas mensuales de 1.800 \u20ac. Ante nuestras denuncias judiciales, recul\u00f3, y al final termin\u00f3 imputado, el arquitecto municipal encarcelado, y los promotores urban\u00edsticos est\u00e1n pendientes de juicio.<\/p>\n<p style=\"text-align: justify;\">Pero quiz\u00e1s lo m\u00e1s alarmante y medi\u00e1tico ha sido la burda trama para implicarme en un delito de tr\u00e1fico de drogas. Trama urdida presuntamente por cuatro personas, hoy imputadas, tres eran responsables de una sociedad dedicada a la compra de grandes fincas de caza en el Parque Natural Sierra de Grazalema; el cuarto, un sicario. La compra de fincas forestales ha sido uno de los refugios de blanqueo de dinero de la especulaci\u00f3n urban\u00edstica\u2026 y de otros or\u00edgenes menos l\u00edcitos a\u00fan. Mafias peligrosas, como se ha demostrado.<\/p>\n<p style=\"text-align: justify;\">En todos estos casos ha sido la difusi\u00f3n medi\u00e1tica, hoy en redes sociales, de estas tramas represivas y la reacci\u00f3n social las que han impedido la consumaci\u00f3n de amenazas, represalias o confabulaciones, que en este \u00faltimo caso hubiera terminado con un conocido ecologista en la c\u00e1rcel \u2013estuve en el calabozo- por tr\u00e1fico de drogas. Tras mi detenci\u00f3n por haber transitado por un camino p\u00fablico usurpado por esta sociedad, m\u00e1s de 600 personas se manifestaron por dicho camino, rompiendo vallas y cadenas; no nos pudieron parar. Actualmente, todos los caminos p\u00fablicos de Grazalema est\u00e1n en proceso de recuperaci\u00f3n por parte de un ayuntamiento que, hasta entonces, demostr\u00f3 una incompresible pasividad.<\/p>\n<p style=\"text-align: justify;\">El enorme impacto que tuvo en un primer momento esta detenci\u00f3n, se volvi\u00f3 en contra de sus urdidores. El intento de desprestigiar a un movimiento social y destruir la honestidad \u2013nuestro principal aval- de un ecologista, ha fracasado. Aviso para navegantes que debe, y as\u00ed ha sido en la Sierra de C\u00e1diz, blindar a asociaciones y activistas de las mafias pol\u00edticas y econ\u00f3micas, y permitir el libre ejercicio de sus derechos democr\u00e1ticos sin riesgos para ellos y ellas, ni para sus familias.<\/p>\n<p>Juan Clavero, Ecologistas en Acci\u00f3n<\/p>\n<p>&nbsp;<\/p>\n","protected":false},"excerpt":{"rendered":"<p>Enfrentarse a los poderes pol\u00edticos y econ\u00f3micos tiene sus riesgos y consecuencias; tambi\u00e9n sus satisfacciones. El ecologismo social, el que no s\u00f3lo se plantea la conservaci\u00f3n de nuestra naturaleza, sino que pone en cuesti\u00f3n el modelo socioecon\u00f3mico capitalista, causa del saqueo y de la apropiaci\u00f3n de los recursos de la \u2026<\/p>\n<p> <a class=\"continue-reading-link\" href=\"https:\/\/www.apdha.org\/sevilla\/la-represion-del-movimiento-ecologista-juan-clavero\/\">Seguir Leyendo<i class=\"icon-right-dir\"><\/i><\/a><\/p>\n","protected":false},"author":1,"featured_media":1493,"comment_status":"closed","ping_status":"closed","sticky":false,"template":"","format":"standard","meta":{"footnotes":""},"categories":[173,170],"tags":[174,41,183],"class_list":["post-1492","post","type-post","status-publish","format-standard","has-post-thumbnail","hentry","category-articulos","category-campana-derechos-y-libertades","tag-dejatefichar","tag-nosomosdelito","tag-ecologistas-en-accion"],"_links":{"self":[{"href":"https:\/\/www.apdha.org\/sevilla\/wp-json\/wp\/v2\/posts\/1492","targetHints":{"allow":["GET"]}}],"collection":[{"href":"https:\/\/www.apdha.org\/sevilla\/wp-json\/wp\/v2\/posts"}],"about":[{"href":"https:\/\/www.apdha.org\/sevilla\/wp-json\/wp\/v2\/types\/post"}],"author":[{"embeddable":true,"href":"https:\/\/www.apdha.org\/sevilla\/wp-json\/wp\/v2\/users\/1"}],"replies":[{"embeddable":true,"href":"https:\/\/www.apdha.org\/sevilla\/wp-json\/wp\/v2\/comments?post=1492"}],"version-history":[{"count":1,"href":"https:\/\/www.apdha.org\/sevilla\/wp-json\/wp\/v2\/posts\/1492\/revisions"}],"predecessor-version":[{"id":1494,"href":"https:\/\/www.apdha.org\/sevilla\/wp-json\/wp\/v2\/posts\/1492\/revisions\/1494"}],"wp:featuredmedia":[{"embeddable":true,"href":"https:\/\/www.apdha.org\/sevilla\/wp-json\/wp\/v2\/media\/1493"}],"wp:attachment":[{"href":"https:\/\/www.apdha.org\/sevilla\/wp-json\/wp\/v2\/media?parent=1492"}],"wp:term":[{"taxonomy":"category","embeddable":true,"href":"https:\/\/www.apdha.org\/sevilla\/wp-json\/wp\/v2\/categories?post=1492"},{"taxonomy":"post_tag","embeddable":true,"href":"https:\/\/www.apdha.org\/sevilla\/wp-json\/wp\/v2\/tags?post=1492"}],"curies":[{"name":"wp","href":"https:\/\/api.w.org\/{rel}","templated":true}]}}