{"id":1495,"date":"2019-04-10T22:26:01","date_gmt":"2019-04-10T20:26:01","guid":{"rendered":"https:\/\/www.apdha.org\/sevilla\/?p=1495"},"modified":"2019-04-10T22:50:23","modified_gmt":"2019-04-10T20:50:23","slug":"el-imperio-contraataca-miguel-rodriguez","status":"publish","type":"post","link":"https:\/\/www.apdha.org\/sevilla\/el-imperio-contraataca-miguel-rodriguez\/","title":{"rendered":"El Imperio contraataca: persuade, controla y reprime. MIGUEL RODR\u00cdGUEZ"},"content":{"rendered":"<p style=\"text-align: justify;\"><a href=\"https:\/\/www.apdha.org\/sevilla\/wp-content\/uploads\/Miguel-Rodr\u00edguez.jpg\"><img loading=\"lazy\" decoding=\"async\" class=\"alignnone size-full wp-image-1496\" src=\"https:\/\/www.apdha.org\/sevilla\/wp-content\/uploads\/Miguel-Rodr\u00edguez.jpg\" alt=\"Miguel Rodr\u00edguez\" width=\"540\" height=\"462\" srcset=\"https:\/\/www.apdha.org\/sevilla\/wp-content\/uploads\/Miguel-Rodr\u00edguez.jpg 540w, https:\/\/www.apdha.org\/sevilla\/wp-content\/uploads\/Miguel-Rodr\u00edguez-300x257.jpg 300w, https:\/\/www.apdha.org\/sevilla\/wp-content\/uploads\/Miguel-Rodr\u00edguez-150x128.jpg 150w\" sizes=\"auto, (max-width: 540px) 100vw, 540px\" \/><\/a><\/p>\n<p style=\"text-align: justify;\">No, este breve texto no trata sobre una segunda parte de la m\u00edtica pel\u00edcula de la saga primigenia de Star Wars, sino de nuestro mundo globalizado y nuestras realidades locales m\u00e1s concretas.<\/p>\n<p style=\"text-align: justify;\">Dicen que los tiempos del imperialismo quedaron atr\u00e1s, que son cosa del pasado, que tras el fin de la 2\u00aa Guerra Mundial, la descolonizaci\u00f3n y, sobretodo, tras la disoluci\u00f3n de la URSS (Uni\u00f3n de Rep\u00fablicas Socialistas Sovi\u00e9ticas) en 1991 dimos paso hacia la extensi\u00f3n de las democracias liberales alrededor del mundo para confirmar la garant\u00eda del cumplimiento de las libertades de la poblaci\u00f3n en favor del desarrollo. El <em>fin de la historia<\/em>, como lo llam\u00f3 Francis Fukuyama, o el <em>fin de las ideolog\u00edas<\/em> seg\u00fan Daniel Bell.<\/p>\n<p style=\"text-align: justify;\">La profundidad y difusi\u00f3n de este relato alcanza hasta nuestros d\u00edas, construyendo un consciente o realidad predeterminada hacia el alcance de los objetivos del poder dominante. Pero\u2026 \u00bfverdaderamente ha acabado el imperialismo?, \u00bfno existe ideolog\u00eda m\u00e1s all\u00e1 de la capitalista?, \u00bfvivimos en un mundo donde predominan las libertades?<\/p>\n<p style=\"text-align: justify;\">Escribieron Michael Hardt y Antonio Negri en su reconocido tratado <em>Imperio<\/em>, que en nuestras sociedades postmodernas nos hemos trasladado desde el <em>Imperialismo<\/em> al <em>Imperio<\/em>. Es decir, de la conquista del poder por medio de la invasi\u00f3n, destrucci\u00f3n y absorci\u00f3n cultural de los pa\u00edses sobre la soberan\u00eda de los conquistadores, al modelo del <em>Imperio<\/em> donde se establece un poder de dominio en red, abierto, donde no se destruyen las diversidades culturales pero se las introduce en el derecho internacional, el mercado global y su consumismo continuado.\u00a0 \u00a0<em>\u00a0<\/em><\/p>\n<p style=\"text-align: justify;\">Este tipo de poder, reprime, controla y difumina cualquier enemigo que se presente como alternativa, utilizando como herramientas principales la seducci\u00f3n y la persuasi\u00f3n. Lo simb\u00f3lico frente a lo f\u00edsico. Enti\u00e9ndase bien, no se trata de obviar la maquinaria b\u00e9lica y las guerras o represi\u00f3n f\u00edsica que se siguen generando, pero s\u00ed de reconocer su subordinaci\u00f3n, como herramienta secundaria, frente a la importancia que supone construir y difundir relatos de comprensi\u00f3n de la realidad.<\/p>\n<p style=\"text-align: justify;\">En este \u2018juego\u2019 de construcci\u00f3n de realidades, el papel de los movimientos sociales ha sido y es (salvo excepcionalidades) el de cuestionar los l\u00edmites de lo establecido o del status quo en b\u00fasqueda de la transformaci\u00f3n social, con diferentes objetivos. Este rol de contrapoder es fundamental en cualquier sociedad que titulemos de democr\u00e1tica para dar voz a los excluidos y olvidados, para ofrecer garant\u00edas de que las sociedades pueden solventar los desequilibrios existentes. Sin embargo, las estructuras de poder emplean diversos mecanismos para controlar que nada sobrepase los l\u00edmites impuestos y castigar, de diversa manera, a los responsables del mismo.<\/p>\n<p style=\"text-align: justify;\">Un ejemplo claro, es la criminalizaci\u00f3n que est\u00e1n sufriendo los movimientos sociales por parte de los medios de comunicaci\u00f3n de masas en connivencia con las grandes empresas y las estructuras del Estado. La receta es clara, cuando un movimiento social cuestiona intereses mercantiles o de distribuci\u00f3n del poder se le asocia a la violencia, con im\u00e1genes, reportajes, entrevistas, uso de lenguaje condenatorio y toda una estructura de desestabilizaci\u00f3n que promueva su reprobaci\u00f3n entre la opini\u00f3n p\u00fablica. Este proceso va derivando lentamente hacia el poder pol\u00edtico y, por supuesto, el legislativo, con la aprobaci\u00f3n de leyes que repriman las nuevas modalidades de protesta. El parlamento franc\u00e9s, por ejemplo, viendo la popularidad que est\u00e1n alcanzando las protestas por los \u201cchalecos amarillos\u201d ha tardado bien poco en aprobar una ley para encarcelar a aquellos que oculten sus caras en manifestaciones, aceptar el registro de bolsos y veh\u00edculos donde se realicen las movilizaciones e incluso prohibir manifestaciones en diversos barrios que consideran peligrosos. El Estado espa\u00f1ol, como sabemos, tampoco se ha quedado atr\u00e1s y aprob\u00f3, junto a una mayor reforma del c\u00f3digo penal, la Ley Org\u00e1nica 4\/2015, de 30 de marzo, de protecci\u00f3n de la seguridad ciudadana o tambi\u00e9n llamada \u201cLey mordaza\u201d donde lo que antes se consideraba como delito o falta y que contaba con las garant\u00edas de un proceso penal para el acusado, ahora pasa por un proceso administrativo con menos garant\u00edas de defensa. Y adem\u00e1s, entre otras cosas, sanciona nuevas modalidades de protesta propias de los movimientos sociales m\u00e1s actuales como los escraches, sentadas pac\u00edficas (15M), parar un desahucio (PAH) o colgar pancartas de edificios (Greenpeace).<\/p>\n<p style=\"text-align: justify;\">Recuerden: frente a nuevas formas de protesta e intento de transformaci\u00f3n social, el <em>Imperio<\/em> contraataca. Pero tambi\u00e9n recuerden: frente a lo impuesto siempre cabe la rebeld\u00eda, la imaginaci\u00f3n y la fuerza de lo colectivo. En este sentido, los movimientos sociales adem\u00e1s de continuar con sus luchas sociales en las calles est\u00e1n comenzando a utilizar medios de comunicaci\u00f3n social y sus nuevas tecnolog\u00edas de la informaci\u00f3n y la comunicaci\u00f3n para arrebatar la apropiaci\u00f3n del lenguaje por parte del poder dominante y construir nuevos relatos, discursos y narrativas contrahegem\u00f3nicas que sit\u00faen en el centro de la opini\u00f3n p\u00fablica las problem\u00e1ticas de desigualdad que sufren los excluidos, los <em>nadie<\/em>, como dir\u00eda el gran Eduardo Galeano.<\/p>\n<p style=\"text-align: justify;\"><em>\u00a0<\/em><em>\u201cLa utop\u00eda est\u00e1 en el horizonte. Me acerco dos pasos, ella se aleja dos pasos. Camino diez pasos y el horizonte se desplaza diez pasos m\u00e1s all\u00e1. Por mucho que camine, nunca la alcanzar\u00e9. Entonces, \u00bfpara qu\u00e9 sirve la utop\u00eda? Para eso: sirve para caminar\u201d.\u00a0\u00a0<\/em>Eduardo Galeano<\/p>\n<p style=\"text-align: justify;\">Miguel Rodr\u00edguez, activista por los Derechos Humanos.<\/p>\n","protected":false},"excerpt":{"rendered":"<p>No, este breve texto no trata sobre una segunda parte de la m\u00edtica pel\u00edcula de la saga primigenia de Star Wars, sino de nuestro mundo globalizado y nuestras realidades locales m\u00e1s concretas. Dicen que los tiempos del imperialismo quedaron atr\u00e1s, que son cosa del pasado, que tras el fin de \u2026<\/p>\n<p> <a class=\"continue-reading-link\" href=\"https:\/\/www.apdha.org\/sevilla\/el-imperio-contraataca-miguel-rodriguez\/\">Seguir Leyendo<i class=\"icon-right-dir\"><\/i><\/a><\/p>\n","protected":false},"author":1,"featured_media":1496,"comment_status":"closed","ping_status":"closed","sticky":false,"template":"","format":"standard","meta":{"footnotes":""},"categories":[173,170],"tags":[174,41,33,10],"class_list":["post-1495","post","type-post","status-publish","format-standard","has-post-thumbnail","hentry","category-articulos","category-campana-derechos-y-libertades","tag-dejatefichar","tag-nosomosdelito","tag-apdhasevilla","tag-carceles"],"_links":{"self":[{"href":"https:\/\/www.apdha.org\/sevilla\/wp-json\/wp\/v2\/posts\/1495","targetHints":{"allow":["GET"]}}],"collection":[{"href":"https:\/\/www.apdha.org\/sevilla\/wp-json\/wp\/v2\/posts"}],"about":[{"href":"https:\/\/www.apdha.org\/sevilla\/wp-json\/wp\/v2\/types\/post"}],"author":[{"embeddable":true,"href":"https:\/\/www.apdha.org\/sevilla\/wp-json\/wp\/v2\/users\/1"}],"replies":[{"embeddable":true,"href":"https:\/\/www.apdha.org\/sevilla\/wp-json\/wp\/v2\/comments?post=1495"}],"version-history":[{"count":2,"href":"https:\/\/www.apdha.org\/sevilla\/wp-json\/wp\/v2\/posts\/1495\/revisions"}],"predecessor-version":[{"id":1498,"href":"https:\/\/www.apdha.org\/sevilla\/wp-json\/wp\/v2\/posts\/1495\/revisions\/1498"}],"wp:featuredmedia":[{"embeddable":true,"href":"https:\/\/www.apdha.org\/sevilla\/wp-json\/wp\/v2\/media\/1496"}],"wp:attachment":[{"href":"https:\/\/www.apdha.org\/sevilla\/wp-json\/wp\/v2\/media?parent=1495"}],"wp:term":[{"taxonomy":"category","embeddable":true,"href":"https:\/\/www.apdha.org\/sevilla\/wp-json\/wp\/v2\/categories?post=1495"},{"taxonomy":"post_tag","embeddable":true,"href":"https:\/\/www.apdha.org\/sevilla\/wp-json\/wp\/v2\/tags?post=1495"}],"curies":[{"name":"wp","href":"https:\/\/api.w.org\/{rel}","templated":true}]}}