{"id":1500,"date":"2019-04-29T00:12:00","date_gmt":"2019-04-28T22:12:00","guid":{"rendered":"https:\/\/www.apdha.org\/sevilla\/?p=1500"},"modified":"2019-04-29T00:12:00","modified_gmt":"2019-04-28T22:12:00","slug":"migracion-llamada-a-la-subversion-jesus-roiz-corcuera","status":"publish","type":"post","link":"https:\/\/www.apdha.org\/sevilla\/migracion-llamada-a-la-subversion-jesus-roiz-corcuera\/","title":{"rendered":"Migraci\u00f3n, llamada a la subversi\u00f3n. JES\u00daS ROIZ CORCUERA"},"content":{"rendered":"<p style=\"text-align: justify;\"><a href=\"https:\/\/www.apdha.org\/sevilla\/wp-content\/uploads\/Jes\u00fas.jpg\"><img loading=\"lazy\" decoding=\"async\" class=\"alignnone size-full wp-image-1501\" src=\"https:\/\/www.apdha.org\/sevilla\/wp-content\/uploads\/Jes\u00fas.jpg\" alt=\"Jes\u00fas\" width=\"588\" height=\"497\" srcset=\"https:\/\/www.apdha.org\/sevilla\/wp-content\/uploads\/Jes\u00fas.jpg 588w, https:\/\/www.apdha.org\/sevilla\/wp-content\/uploads\/Jes\u00fas-300x254.jpg 300w, https:\/\/www.apdha.org\/sevilla\/wp-content\/uploads\/Jes\u00fas-150x127.jpg 150w\" sizes=\"auto, (max-width: 588px) 100vw, 588px\" \/><\/a><\/p>\n<p style=\"text-align: justify;\">No se trata de una arenga ni su sentido debe ser atendido como una llamada a la violencia. Y no son las personas migrantes las llamadas a responder. La llamada es el clamor que se levanta a ambos lados de las fronteras pidiendo que se reconozca la verdad de la migraci\u00f3n.<\/p>\n<p style=\"text-align: justify;\">Corresponde dar audiencia y compromiso a esa llamada, a los pol\u00edticos de marca o teledirigidos que dicen ser solidarios con las personas migrantes, mientras niegan la salvaci\u00f3n de sus vidas; a los que dicen estar por los migrantes pero solo cuando \u00e9stos sean \u201clegales\u201d, mientras les niegan la documentaci\u00f3n que les acredite la condici\u00f3n de igualdad ante la ley; y a esos pol\u00edticos que dicen estar por la integraci\u00f3n de los migrantes, mientras exhiben toda una arquitectura de minoraci\u00f3n, rechazo y exclusi\u00f3n.<\/p>\n<p style=\"text-align: justify;\">Es el clamor de esas vidas hundidas en la migraci\u00f3n forzada, el desarraigo y la negaci\u00f3n de unas v\u00edas seguras por donde puedan salvar su existencia. Un clamor que se levanta desde lo hondo de la dignidad humana y del instinto de supervivencia. Desde la verdad de los hechos brota la urgencia de justicia y es la justicia la que exige subversi\u00f3n y reparaci\u00f3n. La verdad de los hechos denuncia el desorden establecido en las pol\u00edticas migratorias y la urgencia de subvertirlo.<\/p>\n<p style=\"text-align: justify;\">Es hora de que quienes verbalizan deseos contradictorios y pol\u00edticas migratorias negativas, contrasten su coherencia con el bien com\u00fan que pregonan como objetivo de la pol\u00edtica. Todo un reto. Est\u00e1 en juego la suerte y la vida de muchas personas. Adorno puede estar acertado cuando dice: \u201cdejarse interpelar por el sufrimiento de los otros, es condici\u00f3n de toda verdad\u201d. Y el itinerario lo marca Antonio Machado cuando dice: \u201c\u00bfTu vedad? No, la verdad y ven conmigo a buscarla.\u201d<\/p>\n<p style=\"text-align: justify;\">En consecuencia, es cuesti\u00f3n de acercarse a las v\u00edctimas y en posici\u00f3n de empat\u00eda entrar en su vida. Previamente cada uno, ha debido despojarse de verdades particulares, estereotipos, prejuicios, justificaciones de dominio, presiones del poder, servidumbres, prepotencia, fake news, leyes de Extranjer\u00eda y Mordaza, la consideraci\u00f3n de la solidaridad como objeto de represi\u00f3n y toda una constelaci\u00f3n de elementos que, tomados en su conjunto, componen la nebulosa de la posverdad.<\/p>\n<p style=\"text-align: justify;\">Si los pol\u00edticos anteriormente aludidos hicieran este esfuerzo, podr\u00edan entender la verdad que la migraci\u00f3n entra\u00f1a: las causas y causantes de la emigraci\u00f3n; la presencia de la colonizaci\u00f3n y neocolonizaci\u00f3n en sus vidas; la existencia de un sistema depredador de todos los elementos de la naturaleza incluidas las personas; la mentira de la soberan\u00eda de los estados en perjuicio de la soberan\u00eda de las personas y de los pueblos; la connivencia y servidumbre de los estados con los poderes econ\u00f3micos al dictar y ejecutar las pol\u00edticas migratorias; la comprobaci\u00f3n de que los intereses econ\u00f3micos est\u00e1n por encima de la vida y la dignidad de las personas; la evidencia de que las fronteras son muro para las personas y v\u00eda libre para el capital; la experiencia de que las fronteras son un instrumento del sistema econ\u00f3mico para rechazar a las personas, herirlas en su dignidad, ocasionar su muerte o anularlas tild\u00e1ndolas de \u201csin papeles\u201d y la convicci\u00f3n de que la pol\u00edtica de fronteras viene a generar un gran negocio para mafias, grandes empresas y estados c\u00f3mplices.<\/p>\n<p style=\"text-align: justify;\">\u00bfLas verdades vividas y sufridas por las v\u00edctimas de las pol\u00edticas migratorias, no se acercan m\u00e1s a la verdad que esos embrollos que se crean para justificarlas y lustrarlas con la enga\u00f1osa posverdad? \u00bfUnas pol\u00edticas basadas en la negaci\u00f3n de la libertad y la represi\u00f3n de la solidaridad, no son la negaci\u00f3n de la justicia, la igualdad y los derechos inherentes a toda persona?<\/p>\n<p style=\"text-align: justify;\">Tanto sufrimiento, tanta indignidad y tanta muerte no son asumibles por la humanidad. Lo hundido y aplastado ha de dar la vuelta. Lo valores tienen su lugar encima de los contravalores. La subversi\u00f3n es necesaria y urgente. Sin ella no ser\u00e1n posibles, ni una justicia \u00fanica, ni una solidaridad compartida por todos los seres humanos.<\/p>\n<p style=\"text-align: justify;\">Jes\u00fas Roiz Corcuera<\/p>\n<p style=\"text-align: justify;\">Miembro de la Asociaci\u00f3n Pro Derechos Humanos de Andaluc\u00eda. APDHA<\/p>\n","protected":false},"excerpt":{"rendered":"<p>No se trata de una arenga ni su sentido debe ser atendido como una llamada a la violencia. Y no son las personas migrantes las llamadas a responder. La llamada es el clamor que se levanta a ambos lados de las fronteras pidiendo que se reconozca la verdad de la \u2026<\/p>\n<p> <a class=\"continue-reading-link\" href=\"https:\/\/www.apdha.org\/sevilla\/migracion-llamada-a-la-subversion-jesus-roiz-corcuera\/\">Seguir Leyendo<i class=\"icon-right-dir\"><\/i><\/a><\/p>\n","protected":false},"author":1,"featured_media":1501,"comment_status":"closed","ping_status":"closed","sticky":false,"template":"","format":"standard","meta":{"footnotes":""},"categories":[173,170],"tags":[174,23,59],"class_list":["post-1500","post","type-post","status-publish","format-standard","has-post-thumbnail","hentry","category-articulos","category-campana-derechos-y-libertades","tag-dejatefichar","tag-derechos-humanos","tag-somos-migrantes"],"_links":{"self":[{"href":"https:\/\/www.apdha.org\/sevilla\/wp-json\/wp\/v2\/posts\/1500","targetHints":{"allow":["GET"]}}],"collection":[{"href":"https:\/\/www.apdha.org\/sevilla\/wp-json\/wp\/v2\/posts"}],"about":[{"href":"https:\/\/www.apdha.org\/sevilla\/wp-json\/wp\/v2\/types\/post"}],"author":[{"embeddable":true,"href":"https:\/\/www.apdha.org\/sevilla\/wp-json\/wp\/v2\/users\/1"}],"replies":[{"embeddable":true,"href":"https:\/\/www.apdha.org\/sevilla\/wp-json\/wp\/v2\/comments?post=1500"}],"version-history":[{"count":1,"href":"https:\/\/www.apdha.org\/sevilla\/wp-json\/wp\/v2\/posts\/1500\/revisions"}],"predecessor-version":[{"id":1502,"href":"https:\/\/www.apdha.org\/sevilla\/wp-json\/wp\/v2\/posts\/1500\/revisions\/1502"}],"wp:featuredmedia":[{"embeddable":true,"href":"https:\/\/www.apdha.org\/sevilla\/wp-json\/wp\/v2\/media\/1501"}],"wp:attachment":[{"href":"https:\/\/www.apdha.org\/sevilla\/wp-json\/wp\/v2\/media?parent=1500"}],"wp:term":[{"taxonomy":"category","embeddable":true,"href":"https:\/\/www.apdha.org\/sevilla\/wp-json\/wp\/v2\/categories?post=1500"},{"taxonomy":"post_tag","embeddable":true,"href":"https:\/\/www.apdha.org\/sevilla\/wp-json\/wp\/v2\/tags?post=1500"}],"curies":[{"name":"wp","href":"https:\/\/api.w.org\/{rel}","templated":true}]}}