{"id":1522,"date":"2019-06-02T12:12:52","date_gmt":"2019-06-02T10:12:52","guid":{"rendered":"https:\/\/www.apdha.org\/sevilla\/?p=1522"},"modified":"2019-06-02T12:12:52","modified_gmt":"2019-06-02T10:12:52","slug":"ix-vela-por-los-derechos-humanos","status":"publish","type":"post","link":"https:\/\/www.apdha.org\/sevilla\/ix-vela-por-los-derechos-humanos\/","title":{"rendered":"IX Vel\u00e1 por los Derechos Humanos"},"content":{"rendered":"<p><a href=\"https:\/\/www.apdha.org\/sevilla\/wp-content\/uploads\/VEL\u00c1-2019.jpg\"><img loading=\"lazy\" decoding=\"async\" class=\"wp-image-1523 alignleft\" src=\"https:\/\/www.apdha.org\/sevilla\/wp-content\/uploads\/VEL\u00c1-2019-724x1024.jpg\" alt=\"VEL\u00c1-2019\" width=\"353\" height=\"500\" srcset=\"https:\/\/www.apdha.org\/sevilla\/wp-content\/uploads\/VEL\u00c1-2019-724x1024.jpg 724w, https:\/\/www.apdha.org\/sevilla\/wp-content\/uploads\/VEL\u00c1-2019-212x300.jpg 212w, https:\/\/www.apdha.org\/sevilla\/wp-content\/uploads\/VEL\u00c1-2019-768x1086.jpg 768w, https:\/\/www.apdha.org\/sevilla\/wp-content\/uploads\/VEL\u00c1-2019-106x150.jpg 106w\" sizes=\"auto, (max-width: 353px) 100vw, 353px\" \/><\/a>La Delegaci\u00f3n de Sevilla de la Asociaci\u00f3n Pro Derechos Humanos de Andaluc\u00eda, por noveno a\u00f1o te invita a participar en la VEL\u00c1 POR LOS DERECHOS HUMANOS el viernes\u00a014 de junio a las 20:00h.<\/p>\n<p>Nuestra delegaci\u00f3n trabaja por la defensa de los derechos humanos de los colectivos m\u00e1s desfavorecidos (personas en exclusi\u00f3n social, sin hogar, migrantes, presas, trabajadoras del sexo\u2026) y seguimos denunciamos los recortes en libertades y derechos de la poblaci\u00f3n: ya sea por expresarlo en las urnas, en una canci\u00f3n o en una manifestaci\u00f3n.<\/p>\n<p>Nuestra intenci\u00f3n es pasar un buen rato con gente que compartimos este camino y recaudar fondos para seguir defendiendo una vida digna para todas las personas<\/p>\n<p>\u00a1\u00a1Vente con nosotr@s a la 9\u00aa Vel\u00e1 por los Derechos Humanos!!<\/p>\n<p>Habr\u00e1 tapas, bebidas, buen rollo y contaremos con la m\u00fasica en directo.<\/p>\n<p>\u00a1Te esperamos!<\/p>\n<p><a href=\"https:\/\/www.facebook.com\/events\/2463179713706601\/\">Evento en FACEBOOK<\/a><\/p>\n","protected":false},"excerpt":{"rendered":"<p>La Delegaci\u00f3n de Sevilla de la Asociaci\u00f3n Pro Derechos Humanos de Andaluc\u00eda, por noveno a\u00f1o te invita a participar en la VEL\u00c1 POR LOS DERECHOS HUMANOS el viernes\u00a014 de junio a las 20:00h. Nuestra delegaci\u00f3n trabaja por la defensa de los derechos humanos de los colectivos m\u00e1s desfavorecidos (personas en \u2026<\/p>\n<p> <a class=\"continue-reading-link\" href=\"https:\/\/www.apdha.org\/sevilla\/ix-vela-por-los-derechos-humanos\/\">Seguir Leyendo<i class=\"icon-right-dir\"><\/i><\/a><\/p>\n","protected":false},"author":1,"featured_media":1523,"comment_status":"closed","ping_status":"closed","sticky":false,"template":"","format":"standard","meta":{"footnotes":""},"categories":[3],"tags":[42],"class_list":["post-1522","post","type-post","status-publish","format-standard","has-post-thumbnail","hentry","category-actividades","tag-vela"],"_links":{"self":[{"href":"https:\/\/www.apdha.org\/sevilla\/wp-json\/wp\/v2\/posts\/1522","targetHints":{"allow":["GET"]}}],"collection":[{"href":"https:\/\/www.apdha.org\/sevilla\/wp-json\/wp\/v2\/posts"}],"about":[{"href":"https:\/\/www.apdha.org\/sevilla\/wp-json\/wp\/v2\/types\/post"}],"author":[{"embeddable":true,"href":"https:\/\/www.apdha.org\/sevilla\/wp-json\/wp\/v2\/users\/1"}],"replies":[{"embeddable":true,"href":"https:\/\/www.apdha.org\/sevilla\/wp-json\/wp\/v2\/comments?post=1522"}],"version-history":[{"count":3,"href":"https:\/\/www.apdha.org\/sevilla\/wp-json\/wp\/v2\/posts\/1522\/revisions"}],"predecessor-version":[{"id":1526,"href":"https:\/\/www.apdha.org\/sevilla\/wp-json\/wp\/v2\/posts\/1522\/revisions\/1526"}],"wp:featuredmedia":[{"embeddable":true,"href":"https:\/\/www.apdha.org\/sevilla\/wp-json\/wp\/v2\/media\/1523"}],"wp:attachment":[{"href":"https:\/\/www.apdha.org\/sevilla\/wp-json\/wp\/v2\/media?parent=1522"}],"wp:term":[{"taxonomy":"category","embeddable":true,"href":"https:\/\/www.apdha.org\/sevilla\/wp-json\/wp\/v2\/categories?post=1522"},{"taxonomy":"post_tag","embeddable":true,"href":"https:\/\/www.apdha.org\/sevilla\/wp-json\/wp\/v2\/tags?post=1522"}],"curies":[{"name":"wp","href":"https:\/\/api.w.org\/{rel}","templated":true}]}}