{"id":1528,"date":"2019-06-16T20:51:48","date_gmt":"2019-06-16T18:51:48","guid":{"rendered":"https:\/\/www.apdha.org\/sevilla\/?p=1528"},"modified":"2019-06-16T20:51:48","modified_gmt":"2019-06-16T18:51:48","slug":"para-que-sirve-la-utopia-francisco-javier-ruiz-gonzalez","status":"publish","type":"post","link":"https:\/\/www.apdha.org\/sevilla\/para-que-sirve-la-utopia-francisco-javier-ruiz-gonzalez\/","title":{"rendered":"\u00bfPara qu\u00e9 sirve la utop\u00eda? FRANCISCO JAVIER RUIZ GONZ\u00c1LEZ"},"content":{"rendered":"<p style=\"text-align: justify;\"><a href=\"https:\/\/www.apdha.org\/sevilla\/wp-content\/uploads\/Javier-Ruiz.png\"><img loading=\"lazy\" decoding=\"async\" class=\"alignnone size-large wp-image-1529\" src=\"https:\/\/www.apdha.org\/sevilla\/wp-content\/uploads\/Javier-Ruiz-1024x676.png\" alt=\"Javier Ruiz\" width=\"900\" height=\"594\" srcset=\"https:\/\/www.apdha.org\/sevilla\/wp-content\/uploads\/Javier-Ruiz-1024x676.png 1024w, https:\/\/www.apdha.org\/sevilla\/wp-content\/uploads\/Javier-Ruiz-300x198.png 300w, https:\/\/www.apdha.org\/sevilla\/wp-content\/uploads\/Javier-Ruiz-768x507.png 768w, https:\/\/www.apdha.org\/sevilla\/wp-content\/uploads\/Javier-Ruiz-150x99.png 150w\" sizes=\"auto, (max-width: 900px) 100vw, 900px\" \/><\/a><\/p>\n<p style=\"text-align: justify;\"><strong>Los derechos se conquistan y se defienden.<\/strong><\/p>\n<p style=\"text-align: justify;\">Dos de los mayores avances en la historia de la humanidad han sido la Declaraci\u00f3n de los Derechos del\u00a0 hombre y del ciudadano\u00a0 durante\u00a0 la Revoluci\u00f3n Francesa y posteriormente La Declaraci\u00f3n Universal de los Derechos Humanos despu\u00e9s de la Segunda Guerra Mundial, ambos hechos tuvieron ocasi\u00f3n tras acontecimientos trascendentales para la humanidad. Tal vez, la\u00a0 gravedad de esos sucesos sirvieron de acicate para la aprobaci\u00f3n de tan importantes documentos.<\/p>\n<p style=\"text-align: justify;\">Actualmente no cabe duda del car\u00e1cter de progreso, de avance y de extensi\u00f3n de derechos que ambas declaraciones otorgaron al ser humano. Sin embargo, la firma y aprobaci\u00f3n por parte de numerosos pa\u00edses de la Declaraci\u00f3n Universal de los Derechos Humanos no significa que la implantaci\u00f3n de esos derechos est\u00e9n asimilados, es m\u00e1s, en muchos lugares, hoy, est\u00e1n m\u00e1s en peligro que nunca y nuestro pa\u00eds es un ejemplo de ello.<\/p>\n<p style=\"text-align: justify;\">Soy docente de Geograf\u00eda \u2013 Historia, esta perspectiva y experiencia me ayuda\u00a0 a comprender la importancia de estos mensajes actualmente, especialmente, para las generaciones m\u00e1s j\u00f3venes.<\/p>\n<p style=\"text-align: justify;\">\u00bfC\u00f3mo hacer ver en nuestro mundo de hoy la importancia de la libertad de expresi\u00f3n,\u00a0 de pensamiento, de la necesidad de la participaci\u00f3n como camino fundamental para la construcci\u00f3n de una sociedad m\u00e1s justa y solidaria cuando estamos acostumbrados a la pasividad\u00a0 y a la desmovilizaci\u00f3n?<\/p>\n<p style=\"text-align: justify;\">\u00bfC\u00f3mo activar la movilizaci\u00f3n social cu\u00e1ndo tenemos a nuestro alcance grandes cantidades de productos de consumo, diversos y dise\u00f1ados para\u00a0 acomodar conciencias, dormir\u00a0 reflexiones y camuflar an\u00e1lisis?<\/p>\n<p style=\"text-align: justify;\">\u00bfC\u00f3mo hacer valer la empat\u00eda y la solidaridad cuando la comprensi\u00f3n ante situaciones complejas se zanja con la descalificaci\u00f3n, con la manipulaci\u00f3n de la informaci\u00f3n y con campa\u00f1as cada vez m\u00e1s feroces, m\u00e1s deshumanizadas?<\/p>\n<p style=\"text-align: justify;\">\u00bfC\u00f3mo evitar mirar para otro lado ante tanta campa\u00f1a de bombardeo medi\u00e1tico que expande confusi\u00f3n, odio y ceguera y que atentan contra la dignidad humana?<\/p>\n<p style=\"text-align: justify;\">Paulatinamente se nos ha ido colando en el sustrato social una carencia que ha ido fagocitando <strong>nuestro sentido cr\u00edtico<\/strong>.<\/p>\n<p style=\"text-align: justify;\">No hay mejor manera de reivindicar el recorte de libertades y derechos que con sentido cr\u00edtico, no hay mejor forma de frenar la represi\u00f3n que con sentido cr\u00edtico, no hay mejor v\u00eda para la movilizaci\u00f3n social que el sentido cr\u00edtico.<\/p>\n<p style=\"text-align: justify;\">El adormecimiento del sentido cr\u00edtico, especialmente en las generaciones j\u00f3venes, as\u00ed como la absorci\u00f3n de altas dosis de consumo descontrolado es la mejor forma de tener ciudadanos d\u00f3ciles, sumisos, dependientes y f\u00e1cilmente manipulables. Mucho est\u00e1 en juego<\/p>\n<p style=\"text-align: justify;\">Nunca antes ni en tan diversas formas, maneras y formatos se nos ha ido inoculando el miedo en sus distintas variantes y f\u00f3rmulas.<\/p>\n<p style=\"text-align: justify;\">Miedo al otro por ser diferente para excluirlo, miedo al futuro por desconocido, miedo a la vida por las mil y una posibles enfermedades y dolores, miedo a la p\u00e9rdida del trabajo, miedo a pensar la construcci\u00f3n de soluciones complejas.<\/p>\n<p style=\"text-align: justify;\">De esos miedos surgen la simplificaci\u00f3n de los an\u00e1lisis, la banalizaci\u00f3n de las respuestas cada vez m\u00e1s agresivas y simplistas, la manipulaci\u00f3n torticera de datos y fuentes. Y como soluci\u00f3n y b\u00e1lsamo, el autoritarismo disfrazado de f\u00f3rmula y soluci\u00f3n certera y segura, tan irracional como monol\u00edtico.<\/p>\n<p style=\"text-align: justify;\">Con el miedo desaparece el sentido cr\u00edtico, disfrazado de necesaria p\u00e9rdida de valores y libertades en aras de la seguridad, con el miedo desaparece la fuerza de la raz\u00f3n por la raz\u00f3n de la fuerza<\/p>\n<p style=\"text-align: justify;\">El sentido cr\u00edtico es uno de los instrumentos m\u00e1s eficaces y racionales que tenemos a nuestro alcance para trabajar por una sociedad m\u00e1s justa, participativa, solidaria, comprensiva, amable y compasiva. Consciente y defensora de nuestros derechos, aquellos que desde la Declaraci\u00f3n de los Derechos Humanos en 1948, hoy se hacen cada vez m\u00e1s patentes, urgentes y vitales. Nada tan importante como esta reivindicaci\u00f3n del <strong>sentido cr\u00edtico<\/strong> en nuestras sociedades y en nuestras vidas, nada tan necesario como esta tit\u00e1nica tarea.<\/p>\n<p style=\"text-align: justify;\">En una entrevista en la universidad a Eduardo Galeano le preguntaron, \u00bfPara qu\u00e9 sirve la utop\u00eda? Y respondi\u00f3 con las siguientes palabras: \u201cLa utop\u00eda est\u00e1 en el horizonte. Yo s\u00e9 que nunca la alcanzar\u00e9. Yo me acerco dos pasos, ella se aleja dos pasos y el horizonte se aleja diez pasos m\u00e1s. Cuanto m\u00e1s la busque, menos la encontrar\u00e9, porque ella se va alejando a medida que yo me acerco. \u00bfPara qu\u00e9 sirve la utop\u00eda? Para eso sirve, para caminar\u201d.<\/p>\n<p style=\"text-align: justify;\">Trabajar hoy por mejorar el sentido cr\u00edtico en nuestra sociedad es el mejor ant\u00eddoto para acabar con la represi\u00f3n y el recorte de derechos y libertades, para impulsar la necesidad de la movilizaci\u00f3n social, para formar conciencias c\u00edvicas y concienciar sobre la importancia trascendental de la fuerza que tiene la participaci\u00f3n y la libertad de expresi\u00f3n de cada ser humano, para exigir estos derechos que desde la Revoluci\u00f3n Francesa y la Segunda Guerra Mundial son hoy m\u00e1s necesarios que nunca.<\/p>\n<p style=\"text-align: justify;\">Los derechos se conquistan y se defienden. \u00c9ste es el valor de la utop\u00eda hoy.<\/p>\n<p style=\"text-align: justify;\">Gracias por animar e impulsar campa\u00f1as como \u00e9sta.<\/p>\n<p style=\"text-align: justify;\">Francisco Javier Ruiz Gonz\u00e1lez. Docente.<\/p>\n","protected":false},"excerpt":{"rendered":"<p>Los derechos se conquistan y se defienden. Dos de los mayores avances en la historia de la humanidad han sido la Declaraci\u00f3n de los Derechos del\u00a0 hombre y del ciudadano\u00a0 durante\u00a0 la Revoluci\u00f3n Francesa y posteriormente La Declaraci\u00f3n Universal de los Derechos Humanos despu\u00e9s de la Segunda Guerra Mundial, ambos \u2026<\/p>\n<p> <a class=\"continue-reading-link\" href=\"https:\/\/www.apdha.org\/sevilla\/para-que-sirve-la-utopia-francisco-javier-ruiz-gonzalez\/\">Seguir Leyendo<i class=\"icon-right-dir\"><\/i><\/a><\/p>\n","protected":false},"author":1,"featured_media":1529,"comment_status":"closed","ping_status":"closed","sticky":false,"template":"","format":"standard","meta":{"footnotes":""},"categories":[173,170],"tags":[174,41,23],"class_list":["post-1528","post","type-post","status-publish","format-standard","has-post-thumbnail","hentry","category-articulos","category-campana-derechos-y-libertades","tag-dejatefichar","tag-nosomosdelito","tag-derechos-humanos"],"_links":{"self":[{"href":"https:\/\/www.apdha.org\/sevilla\/wp-json\/wp\/v2\/posts\/1528","targetHints":{"allow":["GET"]}}],"collection":[{"href":"https:\/\/www.apdha.org\/sevilla\/wp-json\/wp\/v2\/posts"}],"about":[{"href":"https:\/\/www.apdha.org\/sevilla\/wp-json\/wp\/v2\/types\/post"}],"author":[{"embeddable":true,"href":"https:\/\/www.apdha.org\/sevilla\/wp-json\/wp\/v2\/users\/1"}],"replies":[{"embeddable":true,"href":"https:\/\/www.apdha.org\/sevilla\/wp-json\/wp\/v2\/comments?post=1528"}],"version-history":[{"count":1,"href":"https:\/\/www.apdha.org\/sevilla\/wp-json\/wp\/v2\/posts\/1528\/revisions"}],"predecessor-version":[{"id":1530,"href":"https:\/\/www.apdha.org\/sevilla\/wp-json\/wp\/v2\/posts\/1528\/revisions\/1530"}],"wp:featuredmedia":[{"embeddable":true,"href":"https:\/\/www.apdha.org\/sevilla\/wp-json\/wp\/v2\/media\/1529"}],"wp:attachment":[{"href":"https:\/\/www.apdha.org\/sevilla\/wp-json\/wp\/v2\/media?parent=1528"}],"wp:term":[{"taxonomy":"category","embeddable":true,"href":"https:\/\/www.apdha.org\/sevilla\/wp-json\/wp\/v2\/categories?post=1528"},{"taxonomy":"post_tag","embeddable":true,"href":"https:\/\/www.apdha.org\/sevilla\/wp-json\/wp\/v2\/tags?post=1528"}],"curies":[{"name":"wp","href":"https:\/\/api.w.org\/{rel}","templated":true}]}}