{"id":1535,"date":"2019-06-18T10:39:57","date_gmt":"2019-06-18T08:39:57","guid":{"rendered":"https:\/\/www.apdha.org\/sevilla\/?p=1535"},"modified":"2019-06-18T10:39:57","modified_gmt":"2019-06-18T08:39:57","slug":"apdha-exige-a-la-junta-de-andalucia-que-cumpla-con-su-obligacion-de-tutela-con-los-menas","status":"publish","type":"post","link":"https:\/\/www.apdha.org\/sevilla\/apdha-exige-a-la-junta-de-andalucia-que-cumpla-con-su-obligacion-de-tutela-con-los-menas\/","title":{"rendered":"APDHA exige a la Junta de Andaluc\u00eda que cumpla con su obligaci\u00f3n de tutela con los MENAS"},"content":{"rendered":"<ul>\n<li><strong>La asociaci\u00f3n presenta queja ante el Defensor del Menor para que investigue la incitaci\u00f3n al odio y racismo que se est\u00e1n dando en la Macarena<\/strong><\/li>\n<\/ul>\n<p><a href=\"https:\/\/www.apdha.org\/sevilla\/wp-content\/uploads\/20190617_210347.jpg\"><img loading=\"lazy\" decoding=\"async\" class=\"alignleft wp-image-1532\" src=\"https:\/\/www.apdha.org\/sevilla\/wp-content\/uploads\/20190617_210347-1024x768.jpg\" alt=\"20190617_210347\" width=\"500\" height=\"375\" srcset=\"https:\/\/www.apdha.org\/sevilla\/wp-content\/uploads\/20190617_210347-1024x768.jpg 1024w, https:\/\/www.apdha.org\/sevilla\/wp-content\/uploads\/20190617_210347-300x225.jpg 300w, https:\/\/www.apdha.org\/sevilla\/wp-content\/uploads\/20190617_210347-768x576.jpg 768w, https:\/\/www.apdha.org\/sevilla\/wp-content\/uploads\/20190617_210347-150x113.jpg 150w, https:\/\/www.apdha.org\/sevilla\/wp-content\/uploads\/20190617_210347.jpg 1100w\" sizes=\"auto, (max-width: 500px) 100vw, 500px\" \/><\/a><\/p>\n<p><strong>Sevilla, 18 de junio de 2019-<\/strong><em>. <\/em>La Delegaci\u00f3n de Sevilla de la Asociaci\u00f3n Pro Derechos Humanos de Andaluc\u00eda (APDHA), ha presentado una queja ante el Defensor del Menor de Andaluc\u00eda y la Consejer\u00eda de Igualdad, Pol\u00edticas Sociales y Conciliaci\u00f3n.<\/p>\n<p>El motivo se debe a los graves incidentes que se est\u00e1n dando en una amplia zona de Sevilla (Macarena) que han podido vulnerar los derechos de menores no acompa\u00f1ados que ser\u00e1n acogidos pr\u00f3ximamente, a trav\u00e9s de una fundaci\u00f3n conveniada, por parte de la Junta de Andaluc\u00eda.<\/p>\n<p>El detonante de los incidentes ha sido la noticia de la aprobaci\u00f3n por parte de la Junta de Andaluc\u00eda, instalaci\u00f3n de un centro de acogida de reinserci\u00f3n socio-laboral de menores no acompa\u00f1ados, en el barrio de la Macarena.<\/p>\n<p>Se han realizado, por parte de algunas asociaciones, campa\u00f1a para impedir la instalaci\u00f3n del centro\u00a0 de acogida de menores extranjeros no acompa\u00f1ados y se ha se\u00f1alado donde residir\u00e1n los menores y su ubicaci\u00f3n exacta.<\/p>\n<p>Asimismo, dichas organizaciones han esgrimido como motivo, la\u00a0 existencia de abundantes\u00a0 centros de acogida social en el distrito. Sin embargo son\u00a0 muchas las indicaciones que apuntan a estimar el rechazo a los menores migrantes como el aut\u00e9ntico motivo. Sin conocer a los posibles acogidos se les ha despreciado como \u201cmanojo de inmigrantes\u201d, se ha advertido sobre su peligrosidad, reconoci\u00e9ndoles como delincuentes y se han difundido en todos los tonos las socorridas expresiones cargadas de racismo y xenofobia. Incluyendo la afirmaci\u00f3n de llevar m\u00e1s delincuencia la barrio, o que el centro de acogida se pueda convertir en \u201cun nido de prostituci\u00f3n o delincuencia, ocupas y trata de blancas\u201d.<\/p>\n<p>Ninguna valoraci\u00f3n positiva se ha reconocido a los menores, el trabajo de acogida o reinserci\u00f3n laboral que se realizar\u00e1 con ellos,\u00a0 y ninguna reivindicaci\u00f3n se ha hecho en orden a evitar los abundantes problemas de convivencia social que dicen sufrir los barrios que mencionan.<\/p>\n<p>Tambi\u00e9n ha habido numerosos vecinos que\u00a0 han mostrado la\u00a0 necesidad de acogida y adem\u00e1s de ofrecer su solidaridad con los menores migrantes, les han propuesto como merecedores del reconocimiento de todos los derechos que ampara la tutela de la Junta.<\/p>\n<p>Desde al APDHA-Sevilla, hemos recordado a la consejera de Igualdad, Pol\u00edticas Sociales y Conciliaci\u00f3n que la Junta de Andaluc\u00eda <strong>\u201c<\/strong>debe prestar la debida atenci\u00f3n a todos los <strong>menores extranjeros no acompa\u00f1ados que se localicen en territorio andaluz<\/strong>. Esta responsabilidad deriva del art\u00edculo 172 del C\u00f3digo Civil, del art\u00edculo 14 de la Ley Org\u00e1nica de Protecci\u00f3n Jur\u00eddica del Menor y el art\u00edculo 35 de la Ley Org\u00e1nica 4\/2000, de 11 de enero, sobre derechos y libertades de los extranjeros en Espa\u00f1a y su integraci\u00f3n social; y dentro de la Junta de Andaluc\u00eda, corresponde a la Direcci\u00f3n General de Infancia y Conciliaci\u00f3n, en virtud de lo establecido en el art\u00edculo 10 del Decreto 106\/2019, de 12 de febrero, por el que se establece la estructura org\u00e1nica de la Consejer\u00eda de Igualdad, Pol\u00edticas Sociales y Conciliaci\u00f3n, el ejercicio de las competencias que tiene atribuidas la Junta de Andaluc\u00eda en materia de desamparo, tutela, acogimiento, adopci\u00f3n y cualquier otra forma de protecci\u00f3n de la infancia, as\u00ed como la ordenaci\u00f3n, gesti\u00f3n y coordinaci\u00f3n de los recursos destinados a la infancia.\u201d<\/p>\n<p>Asimismo, al Defensor del Menor se le ha requerido que tome las medidas necesarias para el cese de las acciones que violentan la seguridad de los menores referidos, investigue y denuncie,\u00a0\u00a0 derivando a los \u00f3rganos judiciales competentes si corresponde, a los instigadores de las mismas, as\u00ed s\u00ed como ponga todas las medidas a su alcance para que el ambiente vecinal donde van a residir sea positivo para ellos.<\/p>\n","protected":false},"excerpt":{"rendered":"<p>La asociaci\u00f3n presenta queja ante el Defensor del Menor para que investigue la incitaci\u00f3n al odio y racismo que se est\u00e1n dando en la Macarena Sevilla, 18 de junio de 2019-. La Delegaci\u00f3n de Sevilla de la Asociaci\u00f3n Pro Derechos Humanos de Andaluc\u00eda (APDHA), ha presentado una queja ante el \u2026<\/p>\n<p> <a class=\"continue-reading-link\" href=\"https:\/\/www.apdha.org\/sevilla\/apdha-exige-a-la-junta-de-andalucia-que-cumpla-con-su-obligacion-de-tutela-con-los-menas\/\">Seguir Leyendo<i class=\"icon-right-dir\"><\/i><\/a><\/p>\n","protected":false},"author":1,"featured_media":1532,"comment_status":"closed","ping_status":"closed","sticky":false,"template":"","format":"standard","meta":{"footnotes":""},"categories":[1],"tags":[],"class_list":["post-1535","post","type-post","status-publish","format-standard","has-post-thumbnail","hentry","category-comunicados"],"_links":{"self":[{"href":"https:\/\/www.apdha.org\/sevilla\/wp-json\/wp\/v2\/posts\/1535","targetHints":{"allow":["GET"]}}],"collection":[{"href":"https:\/\/www.apdha.org\/sevilla\/wp-json\/wp\/v2\/posts"}],"about":[{"href":"https:\/\/www.apdha.org\/sevilla\/wp-json\/wp\/v2\/types\/post"}],"author":[{"embeddable":true,"href":"https:\/\/www.apdha.org\/sevilla\/wp-json\/wp\/v2\/users\/1"}],"replies":[{"embeddable":true,"href":"https:\/\/www.apdha.org\/sevilla\/wp-json\/wp\/v2\/comments?post=1535"}],"version-history":[{"count":2,"href":"https:\/\/www.apdha.org\/sevilla\/wp-json\/wp\/v2\/posts\/1535\/revisions"}],"predecessor-version":[{"id":1537,"href":"https:\/\/www.apdha.org\/sevilla\/wp-json\/wp\/v2\/posts\/1535\/revisions\/1537"}],"wp:featuredmedia":[{"embeddable":true,"href":"https:\/\/www.apdha.org\/sevilla\/wp-json\/wp\/v2\/media\/1532"}],"wp:attachment":[{"href":"https:\/\/www.apdha.org\/sevilla\/wp-json\/wp\/v2\/media?parent=1535"}],"wp:term":[{"taxonomy":"category","embeddable":true,"href":"https:\/\/www.apdha.org\/sevilla\/wp-json\/wp\/v2\/categories?post=1535"},{"taxonomy":"post_tag","embeddable":true,"href":"https:\/\/www.apdha.org\/sevilla\/wp-json\/wp\/v2\/tags?post=1535"}],"curies":[{"name":"wp","href":"https:\/\/api.w.org\/{rel}","templated":true}]}}