{"id":1543,"date":"2019-06-20T11:19:37","date_gmt":"2019-06-20T09:19:37","guid":{"rendered":"https:\/\/www.apdha.org\/sevilla\/?p=1543"},"modified":"2019-06-20T11:19:37","modified_gmt":"2019-06-20T09:19:37","slug":"un-juicio-justo-para-las-presas-y-presos-catalanes-ana-almiron-mengibar","status":"publish","type":"post","link":"https:\/\/www.apdha.org\/sevilla\/un-juicio-justo-para-las-presas-y-presos-catalanes-ana-almiron-mengibar\/","title":{"rendered":"Un juicio justo para las presas y presos catalanes. ANA ALMIR\u00d3N MENGIBAR"},"content":{"rendered":"<p><a href=\"https:\/\/www.apdha.org\/sevilla\/wp-content\/uploads\/IMG_20190307_204732.jpg\"><img loading=\"lazy\" decoding=\"async\" class=\"alignleft size-large wp-image-1544\" src=\"https:\/\/www.apdha.org\/sevilla\/wp-content\/uploads\/IMG_20190307_204732-1024x768.jpg\" alt=\"IMG_20190307_204732\" width=\"900\" height=\"675\" srcset=\"https:\/\/www.apdha.org\/sevilla\/wp-content\/uploads\/IMG_20190307_204732-1024x768.jpg 1024w, https:\/\/www.apdha.org\/sevilla\/wp-content\/uploads\/IMG_20190307_204732-300x225.jpg 300w, https:\/\/www.apdha.org\/sevilla\/wp-content\/uploads\/IMG_20190307_204732-768x576.jpg 768w, https:\/\/www.apdha.org\/sevilla\/wp-content\/uploads\/IMG_20190307_204732-150x113.jpg 150w\" sizes=\"auto, (max-width: 900px) 100vw, 900px\" \/><\/a><\/p>\n<p style=\"text-align: justify;\">El 27 de abril se aprob\u00f3 en la Junta Directiva de la APDHA, una <a href=\"https:\/\/apdha.org\/media\/declaracion-proces-APDHA.pdf\">declaraci\u00f3n en relaci\u00f3n al juicio del llamado <em>Proc\u00e9s<\/em><\/a>, que decidimos hacer p\u00fablica el 4 de junio, acompa\u00f1ada de los apoyos de 130 personas significativas y 24 colectivos, del \u00e1mbito de los derechos humanos, la judicatura, la universidad, la comunicaci\u00f3n y la cultura, entre otros. Apoyos que en tan solo unos d\u00edas se quintuplicaron, mayoritariamente de Andaluc\u00eda, pero tambi\u00e9n del conjunto del Estado.<\/p>\n<p style=\"text-align: justify;\">\u00bfPor qu\u00e9 una asociaci\u00f3n pro derechos humanos y de Andaluc\u00eda decide y est\u00e1 dispuesta a encabezar una iniciativa como \u00e9sta? Muy sencillo, porque somos una asociaci\u00f3n cuya raz\u00f3n de ser es, precisamente, la defensa de los derechos y libertades de las personas, independientemente de su ideolog\u00eda pol\u00edtica, origen, sexo, o cualquier otra circunstancia. As\u00ed lo manifiesta la declaraci\u00f3n universal y lo establece nuestra Constituci\u00f3n. Esa es nuestra perspectiva, desde la que defendemos por ejemplo el derecho a migrar, que nos lleva a criticar las pol\u00edticas europeas y las actuaciones de nuestro propio Estado aqu\u00ed, en nuestra Frontera Sur, con tan tremendas consecuencias de inhumanidad. O el derecho a la vivienda, la salud y la educaci\u00f3n, en defensa de las personas m\u00e1s pobres y excluidas de todo ello. Los derechos de las mujeres, la libertad y diversidad sexual, etc. O los derechos de las personas presas, frente a posibles abusos o merma de sus derechos de ciudadan\u00eda.<\/p>\n<p style=\"text-align: justify;\">Coherentemente con todo ello, aunque sus actuaciones en el proceso puedan ser discutibles, tampoco hemos querido mirar para otro lado al observar las irregularidades del juicio a los presos catalanes, se\u00f1aladas tanto por organizaciones estatales e internacionales, como por numerosos expertos en derecho constitucional y procesal, y que se centraban en nuestra declaraci\u00f3n en cinco puntos: el derecho al juez natural, la calificaci\u00f3n del delito como de rebeli\u00f3n, impedir el ejercicio de los derechos de participaci\u00f3n pol\u00edtica activa y pasiva, el abuso en la aplicaci\u00f3n de la prisi\u00f3n preventiva, as\u00ed como la exigencia en los autos procesales a renunciar a sus ideas independentistas. Todo ello nos llevar\u00eda a cuestionar que se trate de un proceso judicial realmente justo, independientemente de su ideolog\u00eda y del delito probadamente contemplado y cometido seg\u00fan nuestro ordenamiento jur\u00eddico, socavando gravemente los cimientos del Estado democr\u00e1tico y de la propia Constituci\u00f3n. Y no s\u00f3lo afectar\u00eda a quienes lo padecen, sino al conjunto de la sociedad.<\/p>\n<p style=\"text-align: justify;\">Desde nuestra perspectiva, en unos momentos en los que constatamos un cuestionamiento de la convivencia democr\u00e1tica por fuerzas pol\u00edticas que alardean de sus ra\u00edces autoritarias y franquistas, nos preocupan unas actuaciones judiciales que validen un tratamiento absolutamente inaceptable en materia de derechos civiles y pol\u00edticos, sent\u00e1ndose un grave precedente que menoscabe seriamente las garant\u00edas correspondientes a los procesos de participaci\u00f3n y reacci\u00f3n frente al descontento social, no s\u00f3lo en Catalu\u00f1a, sino en la totalidad del Estado espa\u00f1ol. Y en este contexto, la mirada de la APDHA, quiere ser claramente, una mirada cr\u00edtica y progresista, independiente de los poderes establecidos, y propia, desde nuestra raz\u00f3n de ser, experiencia e idiosincrasia, social y cultural, en defensa de los derechos humanos individuales y colectivos.<\/p>\n<p style=\"text-align: justify;\">La APDHA considera de gran importancia la actuaci\u00f3n colectiva frente a la vulneraci\u00f3n de derechos y libertades. As\u00ed lo venimos haciendo en defensa de las personas migrantes, pobres y excluidas, mujeres, menores o presas, y por eso tambi\u00e9n hemos decidido lanzar una iniciativa como \u00e9sta, exigiendo un juicio justo para los presos catalanes. Creemos imprescindible una reacci\u00f3n social a la vulneraci\u00f3n de derechos y libertades. La desproporci\u00f3n y subjetividad judicial, que ha llevado a la Fiscal\u00eda hasta tildar de golpe de Estado lo ocurrido en Catalu\u00f1a, es inadmisible, afectando gravemente a la convivencia del conjunto de la sociedad espa\u00f1ola. Exigimos, por tanto, una sentencia justa, que consolide el Estado de derecho y la calidad de nuestra democracia, como forma de contribuir de manera positiva desde el \u00e1mbito judicial, a la mejora de la convivencia de la sociedad espa\u00f1ola.<\/p>\n<p>&nbsp;<\/p>\n<p>Ana Almir\u00f3n Mengibar, militante APDHA.<\/p>\n","protected":false},"excerpt":{"rendered":"<p>El 27 de abril se aprob\u00f3 en la Junta Directiva de la APDHA, una declaraci\u00f3n en relaci\u00f3n al juicio del llamado Proc\u00e9s, que decidimos hacer p\u00fablica el 4 de junio, acompa\u00f1ada de los apoyos de 130 personas significativas y 24 colectivos, del \u00e1mbito de los derechos humanos, la judicatura, la \u2026<\/p>\n<p> <a class=\"continue-reading-link\" href=\"https:\/\/www.apdha.org\/sevilla\/un-juicio-justo-para-las-presas-y-presos-catalanes-ana-almiron-mengibar\/\">Seguir Leyendo<i class=\"icon-right-dir\"><\/i><\/a><\/p>\n","protected":false},"author":1,"featured_media":1544,"comment_status":"closed","ping_status":"closed","sticky":false,"template":"","format":"standard","meta":{"footnotes":""},"categories":[173,170],"tags":[174,41,23],"class_list":["post-1543","post","type-post","status-publish","format-standard","has-post-thumbnail","hentry","category-articulos","category-campana-derechos-y-libertades","tag-dejatefichar","tag-nosomosdelito","tag-derechos-humanos"],"_links":{"self":[{"href":"https:\/\/www.apdha.org\/sevilla\/wp-json\/wp\/v2\/posts\/1543","targetHints":{"allow":["GET"]}}],"collection":[{"href":"https:\/\/www.apdha.org\/sevilla\/wp-json\/wp\/v2\/posts"}],"about":[{"href":"https:\/\/www.apdha.org\/sevilla\/wp-json\/wp\/v2\/types\/post"}],"author":[{"embeddable":true,"href":"https:\/\/www.apdha.org\/sevilla\/wp-json\/wp\/v2\/users\/1"}],"replies":[{"embeddable":true,"href":"https:\/\/www.apdha.org\/sevilla\/wp-json\/wp\/v2\/comments?post=1543"}],"version-history":[{"count":1,"href":"https:\/\/www.apdha.org\/sevilla\/wp-json\/wp\/v2\/posts\/1543\/revisions"}],"predecessor-version":[{"id":1545,"href":"https:\/\/www.apdha.org\/sevilla\/wp-json\/wp\/v2\/posts\/1543\/revisions\/1545"}],"wp:featuredmedia":[{"embeddable":true,"href":"https:\/\/www.apdha.org\/sevilla\/wp-json\/wp\/v2\/media\/1544"}],"wp:attachment":[{"href":"https:\/\/www.apdha.org\/sevilla\/wp-json\/wp\/v2\/media?parent=1543"}],"wp:term":[{"taxonomy":"category","embeddable":true,"href":"https:\/\/www.apdha.org\/sevilla\/wp-json\/wp\/v2\/categories?post=1543"},{"taxonomy":"post_tag","embeddable":true,"href":"https:\/\/www.apdha.org\/sevilla\/wp-json\/wp\/v2\/tags?post=1543"}],"curies":[{"name":"wp","href":"https:\/\/api.w.org\/{rel}","templated":true}]}}