{"id":1551,"date":"2019-06-20T19:31:08","date_gmt":"2019-06-20T17:31:08","guid":{"rendered":"https:\/\/www.apdha.org\/sevilla\/?p=1551"},"modified":"2019-06-20T19:51:38","modified_gmt":"2019-06-20T17:51:38","slug":"buscaban-refugio-se-lo-denegaron-y-han-perdido-sus-vidas","status":"publish","type":"post","link":"https:\/\/www.apdha.org\/sevilla\/buscaban-refugio-se-lo-denegaron-y-han-perdido-sus-vidas\/","title":{"rendered":"Buscaban refugio, se lo denegaron y han perdido sus vidas."},"content":{"rendered":"<div id=\"attachment_1556\" style=\"width: 910px\" class=\"wp-caption alignleft\"><a href=\"https:\/\/www.apdha.org\/sevilla\/wp-content\/uploads\/15000844_981136895363172_5460001950113988789_o.jpg\"><img loading=\"lazy\" decoding=\"async\" aria-describedby=\"caption-attachment-1556\" class=\"size-large wp-image-1556\" src=\"https:\/\/www.apdha.org\/sevilla\/wp-content\/uploads\/15000844_981136895363172_5460001950113988789_o-1024x682.jpg\" alt=\"Vasco Gargalo\" width=\"900\" height=\"599\" srcset=\"https:\/\/www.apdha.org\/sevilla\/wp-content\/uploads\/15000844_981136895363172_5460001950113988789_o-1024x682.jpg 1024w, https:\/\/www.apdha.org\/sevilla\/wp-content\/uploads\/15000844_981136895363172_5460001950113988789_o-300x200.jpg 300w, https:\/\/www.apdha.org\/sevilla\/wp-content\/uploads\/15000844_981136895363172_5460001950113988789_o-768x512.jpg 768w, https:\/\/www.apdha.org\/sevilla\/wp-content\/uploads\/15000844_981136895363172_5460001950113988789_o-150x100.jpg 150w, https:\/\/www.apdha.org\/sevilla\/wp-content\/uploads\/15000844_981136895363172_5460001950113988789_o.jpg 1064w\" sizes=\"auto, (max-width: 900px) 100vw, 900px\" \/><\/a><p id=\"caption-attachment-1556\" class=\"wp-caption-text\">Vasco Gargalo<\/p><\/div>\n<p style=\"text-align: justify;\">Esta vez han sido 22 personas las que ven\u00edan de m\u00e1s all\u00e1 del Sahara, pretend\u00edan llegar a Espa\u00f1a, se les hab\u00eda negado un tr\u00e1nsito migratorio seguro\u00a0 y han perdido sus vidas en el Mar de Albor\u00e1n. \u00bfM\u00e1s de lo mismo? No. Estamos cansados de contar muertos y son muchos m\u00e1s los migrantes desaparecidos y nos negamos a los n\u00fameros sin nombres y a aceptar noticias que hoy son y ma\u00f1ana ya no son. Estamos doli\u00e9ndonos del hecho de que 22 personas, que tendr\u00edan pareja, padres, hijos, hermanos y amigos, como cualquier ciudadano, hayan perdido la vida y hayan dejado un hueco impregnado de dolor en otras vidas.<\/p>\n<p style=\"text-align: justify;\">Ante la noticia de la tragedia, nos es obligado compartir sentimientos de dolor con\u00a0 las personas allegadas a las v\u00edctimas y compartir tambi\u00e9n sentimientos de indignaci\u00f3n con las personas que reconocen que son muertes que nunca debieron ocurrir y que no deben caer en el olvido, ni en la impunidad. Tambi\u00e9n\u00a0 son de recordar y merecedoras del abrazo solidario, las personas que han logrado salvar la vida y han compartido con\u00a0 las personas fallecidas la angustia de la desesperaci\u00f3n.<\/p>\n<p style=\"text-align: justify;\">En el D\u00eda Mundial de los Refugiados, propuesto por la Asamblea General de las Naciones Unidas, la noticia de la muerte de estas 22 personas debe ser un aldabonazo en las conciencias de los que est\u00e1n elaborando y consintiendo las pol\u00edticas migratorias \u00a0implantadas, y las de aquellos que las dictan desde su situaci\u00f3n de poder.<\/p>\n<p style=\"text-align: justify;\">Sin ceder a elucubraciones tendentes a desviar responsabilidades, hay algo que se debe dar por seguro: las personas que han entregado su vida en la precariedad de una patera ven\u00edan buscando refugio para sus vidas y quiz\u00e1s tambi\u00e9n para las vidas de sus familiares; nadie pone la vida en tanto riesgo de perderla si no est\u00e1 fuertemente impelido a salvarla. No se puede olvidar que el proyecto migratorio, en la mayor\u00eda de los casos, desde sus inicios, tiene en su tr\u00e1nsito el riesgo de perder la vida, Son muchas las personas que pierden sus vidas o las ven destrozadas, antes de llegar al Mediterr\u00e1neo.<\/p>\n<p style=\"text-align: justify;\">Partiendo del inicio de una migraci\u00f3n que suele ser forzada, resulta cruel la negativa a ofrecer v\u00edas seguras para llegar al refugio en el que salvar la vida. No es sostenible en \u00a0consideraciones \u00e9ticas o legales ni menos en razones de justicia. Sin embargo, la respuesta a la mano tendida del migrante pidiendo auxilio es el rechazo poniendo la frontera por medio. Una frontera con multiplicidad de mecanismos que extiende su actuaci\u00f3n violenta desde el inicio del proyecto migratorio hasta la ansiada meta, imaginada como\u00a0 final feliz.<\/p>\n<p style=\"text-align: justify;\">Ante esta nueva tragedia en el Mar de Albor\u00e1n da escalofr\u00edos el ver en Marruecos al presidente\u00a0 andaluz Juan Manuel Moreno, ahondando en la pol\u00edtica de rechazo a los migrantes africanos. Es conocida y rechazada desde la defensa de los derechos humanos, la pol\u00edtica de los Gobiernos Centrales con respecto a los migrantes africanos: que no salgan; si salen que no lleguen a la frontera; si llegan que no pasen y si pasan que sean devueltos. Ah\u00ed se sintetiza la propuesta real de su pol\u00edtica migratoria.<\/p>\n<p style=\"text-align: justify;\">Juan Manuel Moreno Bonilla prometi\u00f3 un cambio en la pol\u00edtica y no deja presumir de cambios, pero su pol\u00edtica migratoria sigue a las anteriores, impregnada de xenofobia. La funci\u00f3n asignada a Marruecos dentro de las pol\u00edtica de fronteras, es la de ser gendarme para, con\u00a0 todos los medios, ejercer la funci\u00f3n de rechazo al migrante. El Sr. Presidente aplaude la gesti\u00f3n llevada hasta ahora y urge a la UE a aumentar los recursos econ\u00f3micos para controlar los flujos migratorios en la Frontera\u00a0 Sur. Es sabido que control equivale a rechazo. \u00a0Tambi\u00e9n ha asegurado que Andaluc\u00eda \u201cva a alzar la voz\u201d y va a hacer valer su \u201cpeso demogr\u00e1fico\u201d para que \u201cde una vez por todas\u201d las autoridades europeas miren al Sur. Eso s\u00ed es de considerar acertado, trabajar para que\u00a0 vengan al Sur las autoridades europeas y espa\u00f1olas y aqu\u00ed comprueben el resultado de sufrimiento y muerte al que llevan sus xen\u00f3fobas pol\u00edticas migratorias. Tambi\u00e9n es de sugerir \u00a0al se\u00f1or Juan Manuel Moreno Bonilla que una vez en Sur de Europa, les cuente lo que quiera pero que no deje de contarles la tragedia sufrida en el Mar de Albor\u00e1n, por personas migrantes, en la proximidad del D\u00eda Mundial de los Refugiados del a\u00f1o 2019.<\/p>\n<p>Jes\u00fas Roiz Corcuera. Miembro de APDHA Sevilla.<\/p>\n","protected":false},"excerpt":{"rendered":"<p>Esta vez han sido 22 personas las que ven\u00edan de m\u00e1s all\u00e1 del Sahara, pretend\u00edan llegar a Espa\u00f1a, se les hab\u00eda negado un tr\u00e1nsito migratorio seguro\u00a0 y han perdido sus vidas en el Mar de Albor\u00e1n. \u00bfM\u00e1s de lo mismo? No. Estamos cansados de contar muertos y son muchos m\u00e1s \u2026<\/p>\n<p> <a class=\"continue-reading-link\" href=\"https:\/\/www.apdha.org\/sevilla\/buscaban-refugio-se-lo-denegaron-y-han-perdido-sus-vidas\/\">Seguir Leyendo<i class=\"icon-right-dir\"><\/i><\/a><\/p>\n","protected":false},"author":1,"featured_media":1553,"comment_status":"closed","ping_status":"closed","sticky":false,"template":"","format":"standard","meta":{"footnotes":""},"categories":[5],"tags":[23,59],"class_list":["post-1551","post","type-post","status-publish","format-standard","has-post-thumbnail","hentry","category-opinion-otros","tag-derechos-humanos","tag-somos-migrantes"],"_links":{"self":[{"href":"https:\/\/www.apdha.org\/sevilla\/wp-json\/wp\/v2\/posts\/1551","targetHints":{"allow":["GET"]}}],"collection":[{"href":"https:\/\/www.apdha.org\/sevilla\/wp-json\/wp\/v2\/posts"}],"about":[{"href":"https:\/\/www.apdha.org\/sevilla\/wp-json\/wp\/v2\/types\/post"}],"author":[{"embeddable":true,"href":"https:\/\/www.apdha.org\/sevilla\/wp-json\/wp\/v2\/users\/1"}],"replies":[{"embeddable":true,"href":"https:\/\/www.apdha.org\/sevilla\/wp-json\/wp\/v2\/comments?post=1551"}],"version-history":[{"count":3,"href":"https:\/\/www.apdha.org\/sevilla\/wp-json\/wp\/v2\/posts\/1551\/revisions"}],"predecessor-version":[{"id":1558,"href":"https:\/\/www.apdha.org\/sevilla\/wp-json\/wp\/v2\/posts\/1551\/revisions\/1558"}],"wp:featuredmedia":[{"embeddable":true,"href":"https:\/\/www.apdha.org\/sevilla\/wp-json\/wp\/v2\/media\/1553"}],"wp:attachment":[{"href":"https:\/\/www.apdha.org\/sevilla\/wp-json\/wp\/v2\/media?parent=1551"}],"wp:term":[{"taxonomy":"category","embeddable":true,"href":"https:\/\/www.apdha.org\/sevilla\/wp-json\/wp\/v2\/categories?post=1551"},{"taxonomy":"post_tag","embeddable":true,"href":"https:\/\/www.apdha.org\/sevilla\/wp-json\/wp\/v2\/tags?post=1551"}],"curies":[{"name":"wp","href":"https:\/\/api.w.org\/{rel}","templated":true}]}}