{"id":1560,"date":"2019-07-02T11:35:47","date_gmt":"2019-07-02T09:35:47","guid":{"rendered":"https:\/\/www.apdha.org\/sevilla\/?p=1560"},"modified":"2019-07-02T11:57:36","modified_gmt":"2019-07-02T09:57:36","slug":"acto-solidario-con-los-menores-migrantes-acogidos-en-la-macarena","status":"publish","type":"post","link":"https:\/\/www.apdha.org\/sevilla\/acto-solidario-con-los-menores-migrantes-acogidos-en-la-macarena\/","title":{"rendered":"Acto solidario con los menores migrantes acogidos en la Macarena"},"content":{"rendered":"<p style=\"text-align: justify;\"><a href=\"https:\/\/www.apdha.org\/sevilla\/wp-content\/uploads\/MACARENA-3_07.jpg\"><img loading=\"lazy\" decoding=\"async\" class=\"alignleft size-large wp-image-1561\" src=\"https:\/\/www.apdha.org\/sevilla\/wp-content\/uploads\/MACARENA-3_07-682x1024.jpg\" alt=\"MACARENA 3_07\" width=\"682\" height=\"1024\" srcset=\"https:\/\/www.apdha.org\/sevilla\/wp-content\/uploads\/MACARENA-3_07.jpg 682w, https:\/\/www.apdha.org\/sevilla\/wp-content\/uploads\/MACARENA-3_07-200x300.jpg 200w, https:\/\/www.apdha.org\/sevilla\/wp-content\/uploads\/MACARENA-3_07-100x150.jpg 100w\" sizes=\"auto, (max-width: 682px) 100vw, 682px\" \/><\/a><\/p>\n<p style=\"text-align: justify;\">Entidades vecinales, ONGs y colectivos sociales organizan un <strong>acto solidario con los menores migrantes acogidos en la Macarena.<\/strong>\u00a0El pr\u00f3ximo 3 de julio las asociaciones convocantes ofrecer\u00e1n \u201cinformaci\u00f3n fiable\u201d a los vecinos y vecinas, \u201cque han sido intoxicados maliciosamente\u201d.<\/p>\n<p style=\"text-align: justify;\"><strong> A las 20:00, el pr\u00f3ximo mi\u00e9rcoles 3 de julio tendr\u00e1 lugar en la Plaza Manuel Garrido<\/strong>, (C\/ Jorge de Montemayor) junto a la sede del Distrito Macarena, un acto en solidaridad con los menores extranjeros acogidos recientemente en el barrio. El acto ha sido organizado por cinco entidades vecinales de la zona (El Tri\u00e1ngulo, La Barzola, El Carmen, La Revuelta y Macarena Para Todas) y por hasta trece ONGs y colectivos sociales (APDHA, Sevilla Acoge, CEAR, Save the Children, Somos Migrantes, FAMPA Sevilla Nueva Escuela, CEPAIM, CODENAF, ODS, Asociaci\u00f3n La Guiosfera, Plataforma Salvemos La F\u00e1brica de Vidrios, Plataforma PLACA y Al Andalusia For Humanity). En el comunicado, que ya se ha repartido entre los vecinos y vecinas de la zona, se se\u00f1ala que \u201cla apertura de un centro para la acogida de ni\u00f1@s y adolescentes migrantes, denominados MENAS\u201d, supone \u201cuna oportunidad para mostrar nuestra hospitalidad, respeto y el compromiso con la defensa de los derechos humanos\u201d. Las entidades organizadoras se\u00f1alan adem\u00e1s que \u201cnos duele el drama y el horror que vemos por la televisi\u00f3n cuando muestran las guerras, los campos de refugiados, las pateras, las muertes en el Mediterr\u00e1neo\u201d.<\/p>\n<p style=\"text-align: justify;\">Los convocantes denuncian tambi\u00e9n que \u201cen este barrio hay carencias, como el Centro para Mayores o la rehabilitaci\u00f3n de la F\u00e1brica de Vidrios\u201d, al tiempo que muestran su solidaridad con \u201clas personas afectadas por la deficiente gesti\u00f3n del Albergue Municipal, un problema que afecta a barrios ubicados a m\u00e1s de un kil\u00f3metro\u201d de donde est\u00e1 el centro de acogida para menores no acompa\u00f1ados. Tal y como el comunicado apunta, sin embargo, \u201chay voces intentando aprovechar estas circunstancias para confundirnos a trav\u00e9s del discurso del miedo y el racismo\u201d. Las organizaciones convocantes concluyen su comunicado invitando a los vecinos y vecinas a asistir al acto \u201cpara poder tener informaci\u00f3n fiable y conocer la experiencia de estos centros\u201d.<\/p>\n<p style=\"text-align: justify;\">El pr\u00f3ximo mi\u00e9rcoles 3 de julio se contar\u00e1 adem\u00e1s \u201ccon la presencia de entidades que trabajan con estos menores y entidades vecinales\u201d de la Macarena. La intenci\u00f3n es, por tanto, proporcionar informaci\u00f3n viable a los vecinos y vecinas de la zona, que durante las \u00faltimas semanas han sido intoxicados maliciosamente\u00a0por quienes pretenden provocar un brote de odio y culpabilizar a unos ni\u00f1os y ni\u00f1as\u201d reci\u00e9n llegados de problemas que afectan a otras zonas del Distrito Macarena.<\/p>\n","protected":false},"excerpt":{"rendered":"<p>Entidades vecinales, ONGs y colectivos sociales organizan un acto solidario con los menores migrantes acogidos en la Macarena.\u00a0El pr\u00f3ximo 3 de julio las asociaciones convocantes ofrecer\u00e1n \u201cinformaci\u00f3n fiable\u201d a los vecinos y vecinas, \u201cque han sido intoxicados maliciosamente\u201d. A las 20:00, el pr\u00f3ximo mi\u00e9rcoles 3 de julio tendr\u00e1 lugar en \u2026<\/p>\n<p> <a class=\"continue-reading-link\" href=\"https:\/\/www.apdha.org\/sevilla\/acto-solidario-con-los-menores-migrantes-acogidos-en-la-macarena\/\">Seguir Leyendo<i class=\"icon-right-dir\"><\/i><\/a><\/p>\n","protected":false},"author":1,"featured_media":1561,"comment_status":"closed","ping_status":"closed","sticky":false,"template":"","format":"standard","meta":{"footnotes":""},"categories":[3],"tags":[27,59],"class_list":["post-1560","post","type-post","status-publish","format-standard","has-post-thumbnail","hentry","category-actividades","tag-plataforma-somos-migrantes","tag-somos-migrantes"],"_links":{"self":[{"href":"https:\/\/www.apdha.org\/sevilla\/wp-json\/wp\/v2\/posts\/1560","targetHints":{"allow":["GET"]}}],"collection":[{"href":"https:\/\/www.apdha.org\/sevilla\/wp-json\/wp\/v2\/posts"}],"about":[{"href":"https:\/\/www.apdha.org\/sevilla\/wp-json\/wp\/v2\/types\/post"}],"author":[{"embeddable":true,"href":"https:\/\/www.apdha.org\/sevilla\/wp-json\/wp\/v2\/users\/1"}],"replies":[{"embeddable":true,"href":"https:\/\/www.apdha.org\/sevilla\/wp-json\/wp\/v2\/comments?post=1560"}],"version-history":[{"count":4,"href":"https:\/\/www.apdha.org\/sevilla\/wp-json\/wp\/v2\/posts\/1560\/revisions"}],"predecessor-version":[{"id":1565,"href":"https:\/\/www.apdha.org\/sevilla\/wp-json\/wp\/v2\/posts\/1560\/revisions\/1565"}],"wp:featuredmedia":[{"embeddable":true,"href":"https:\/\/www.apdha.org\/sevilla\/wp-json\/wp\/v2\/media\/1561"}],"wp:attachment":[{"href":"https:\/\/www.apdha.org\/sevilla\/wp-json\/wp\/v2\/media?parent=1560"}],"wp:term":[{"taxonomy":"category","embeddable":true,"href":"https:\/\/www.apdha.org\/sevilla\/wp-json\/wp\/v2\/categories?post=1560"},{"taxonomy":"post_tag","embeddable":true,"href":"https:\/\/www.apdha.org\/sevilla\/wp-json\/wp\/v2\/tags?post=1560"}],"curies":[{"name":"wp","href":"https:\/\/api.w.org\/{rel}","templated":true}]}}