{"id":1615,"date":"2019-11-05T12:13:36","date_gmt":"2019-11-05T10:13:36","guid":{"rendered":"https:\/\/www.apdha.org\/sevilla\/?p=1615"},"modified":"2019-11-14T12:14:03","modified_gmt":"2019-11-14T10:14:03","slug":"reunion-grupo-derechos-y-libertades","status":"publish","type":"post","link":"https:\/\/www.apdha.org\/sevilla\/reunion-grupo-derechos-y-libertades\/","title":{"rendered":"Reuni\u00f3n grupo &#8220;Derechos y Libertades&#8221;"},"content":{"rendered":"<p><a href=\"https:\/\/www.apdha.org\/sevilla\/wp-content\/uploads\/76602203_1328188893971667_5075334584208457728_n.jpg\"><img loading=\"lazy\" decoding=\"async\" class=\"alignleft size-full wp-image-1616\" src=\"https:\/\/www.apdha.org\/sevilla\/wp-content\/uploads\/76602203_1328188893971667_5075334584208457728_n.jpg\" alt=\"76602203_1328188893971667_5075334584208457728_n\" width=\"960\" height=\"720\" srcset=\"https:\/\/www.apdha.org\/sevilla\/wp-content\/uploads\/76602203_1328188893971667_5075334584208457728_n.jpg 960w, https:\/\/www.apdha.org\/sevilla\/wp-content\/uploads\/76602203_1328188893971667_5075334584208457728_n-300x225.jpg 300w, https:\/\/www.apdha.org\/sevilla\/wp-content\/uploads\/76602203_1328188893971667_5075334584208457728_n-768x576.jpg 768w, https:\/\/www.apdha.org\/sevilla\/wp-content\/uploads\/76602203_1328188893971667_5075334584208457728_n-150x113.jpg 150w\" sizes=\"auto, (max-width: 960px) 100vw, 960px\" \/><\/a><\/p>\n<p>Estamos en un momento de fuerte retroceso de\u00a0<a class=\"_58cn\" href=\"https:\/\/www.facebook.com\/hashtag\/derechos?source=feed_text&amp;epa=HASHTAG&amp;__xts__%5B0%5D=68.ARDoMji471Sc9HiPnpEilRFFQcgb2ucLUrH5pAYUkT995VzxLSM69rEFYNZ6B7sRVRNq0rBqZ5PFdZQuNJOg2ERuZ0ioa9kZJuDOEqMyK9YfQxIM7Ys7eWgJiU9pdJ-JhDwHO5Fj1gMw_CA_FNdA56sxaAbeFHDXW1X7e-Du1OUU5Xjvg_Ed0j7cTs-sqsTXTW4v_IZG7lCZFqDop4SfdsXQfbuXDax8gGsUOBTvlC6f3QZcqGnz5ZnRO1GNimDU7fymETVk971k9W7ZJ-msoDbw64gnDRk0YoGjlV-6P2aVGeJR8lK0Kfp09gXMsZWAFwXdrzfF2TlAxD6FVt0Lu2iYPA&amp;__tn__=%2ANK-R\" data-ft=\"{&quot;type&quot;:104,&quot;tn&quot;:&quot;*N&quot;}\"><span class=\"_5afx\"><span class=\"_58cl _5afz\">#<\/span><span class=\"_58cm\">Derechos<\/span><\/span><\/a>\u00a0y\u00a0<a class=\"_58cn\" href=\"https:\/\/www.facebook.com\/hashtag\/libertades?source=feed_text&amp;epa=HASHTAG&amp;__xts__%5B0%5D=68.ARDoMji471Sc9HiPnpEilRFFQcgb2ucLUrH5pAYUkT995VzxLSM69rEFYNZ6B7sRVRNq0rBqZ5PFdZQuNJOg2ERuZ0ioa9kZJuDOEqMyK9YfQxIM7Ys7eWgJiU9pdJ-JhDwHO5Fj1gMw_CA_FNdA56sxaAbeFHDXW1X7e-Du1OUU5Xjvg_Ed0j7cTs-sqsTXTW4v_IZG7lCZFqDop4SfdsXQfbuXDax8gGsUOBTvlC6f3QZcqGnz5ZnRO1GNimDU7fymETVk971k9W7ZJ-msoDbw64gnDRk0YoGjlV-6P2aVGeJR8lK0Kfp09gXMsZWAFwXdrzfF2TlAxD6FVt0Lu2iYPA&amp;__tn__=%2ANK-R\" data-ft=\"{&quot;type&quot;:104,&quot;tn&quot;:&quot;*N&quot;}\"><span class=\"_5afx\"><span class=\"_58cl _5afz\">#<\/span><span class=\"_58cm\">Libertades<\/span><\/span><\/a>. Se est\u00e1n recortando derechos al tiempo que se est\u00e1 criminalizando la protesta social. Desde APDHA creemos necesario seguir organiz\u00e1ndonos para defender los #Derechos y #Libertades.<br \/>\nTe invitamos a que vengas con nosotr@s a defender los Derechos Humanos.<br \/>\nReuni\u00f3n, jueves 7 de noviembre a las 18:00 horas en el local de Apdha.<\/p>\n","protected":false},"excerpt":{"rendered":"<p>Estamos en un momento de fuerte retroceso de\u00a0#Derechos\u00a0y\u00a0#Libertades. Se est\u00e1n recortando derechos al tiempo que se est\u00e1 criminalizando la protesta social. Desde APDHA creemos necesario seguir organiz\u00e1ndonos para defender los #Derechos y #Libertades. Te invitamos a que vengas con nosotr@s a defender los Derechos Humanos. Reuni\u00f3n, jueves 7 de noviembre \u2026<\/p>\n<p> <a class=\"continue-reading-link\" href=\"https:\/\/www.apdha.org\/sevilla\/reunion-grupo-derechos-y-libertades\/\">Seguir Leyendo<i class=\"icon-right-dir\"><\/i><\/a><\/p>\n","protected":false},"author":1,"featured_media":1616,"comment_status":"closed","ping_status":"closed","sticky":false,"template":"","format":"standard","meta":{"footnotes":""},"categories":[3],"tags":[23,192],"class_list":["post-1615","post","type-post","status-publish","format-standard","has-post-thumbnail","hentry","category-actividades","tag-derechos-humanos","tag-derechos-y-libertades"],"_links":{"self":[{"href":"https:\/\/www.apdha.org\/sevilla\/wp-json\/wp\/v2\/posts\/1615","targetHints":{"allow":["GET"]}}],"collection":[{"href":"https:\/\/www.apdha.org\/sevilla\/wp-json\/wp\/v2\/posts"}],"about":[{"href":"https:\/\/www.apdha.org\/sevilla\/wp-json\/wp\/v2\/types\/post"}],"author":[{"embeddable":true,"href":"https:\/\/www.apdha.org\/sevilla\/wp-json\/wp\/v2\/users\/1"}],"replies":[{"embeddable":true,"href":"https:\/\/www.apdha.org\/sevilla\/wp-json\/wp\/v2\/comments?post=1615"}],"version-history":[{"count":1,"href":"https:\/\/www.apdha.org\/sevilla\/wp-json\/wp\/v2\/posts\/1615\/revisions"}],"predecessor-version":[{"id":1617,"href":"https:\/\/www.apdha.org\/sevilla\/wp-json\/wp\/v2\/posts\/1615\/revisions\/1617"}],"wp:featuredmedia":[{"embeddable":true,"href":"https:\/\/www.apdha.org\/sevilla\/wp-json\/wp\/v2\/media\/1616"}],"wp:attachment":[{"href":"https:\/\/www.apdha.org\/sevilla\/wp-json\/wp\/v2\/media?parent=1615"}],"wp:term":[{"taxonomy":"category","embeddable":true,"href":"https:\/\/www.apdha.org\/sevilla\/wp-json\/wp\/v2\/categories?post=1615"},{"taxonomy":"post_tag","embeddable":true,"href":"https:\/\/www.apdha.org\/sevilla\/wp-json\/wp\/v2\/tags?post=1615"}],"curies":[{"name":"wp","href":"https:\/\/api.w.org\/{rel}","templated":true}]}}