{"id":1642,"date":"2019-11-18T16:20:43","date_gmt":"2019-11-18T14:20:43","guid":{"rendered":"https:\/\/www.apdha.org\/sevilla\/?p=1642"},"modified":"2019-11-18T16:20:43","modified_gmt":"2019-11-18T14:20:43","slug":"19-11-2019-concentracion-somos-migrantes","status":"publish","type":"post","link":"https:\/\/www.apdha.org\/sevilla\/19-11-2019-concentracion-somos-migrantes\/","title":{"rendered":"19-11-2019 Concentraci\u00f3n: \u00a1Plantemos cara a los discursos de odio!"},"content":{"rendered":"<p><strong><a href=\"https:\/\/www.apdha.org\/sevilla\/wp-content\/uploads\/75220788_2509239645961467_9159997612558909440_n.jpg\"><img loading=\"lazy\" decoding=\"async\" class=\"aligncenter size-full wp-image-1643\" src=\"https:\/\/www.apdha.org\/sevilla\/wp-content\/uploads\/75220788_2509239645961467_9159997612558909440_n.jpg\" alt=\"75220788_2509239645961467_9159997612558909440_n\" width=\"720\" height=\"720\" srcset=\"https:\/\/www.apdha.org\/sevilla\/wp-content\/uploads\/75220788_2509239645961467_9159997612558909440_n.jpg 720w, https:\/\/www.apdha.org\/sevilla\/wp-content\/uploads\/75220788_2509239645961467_9159997612558909440_n-150x150.jpg 150w, https:\/\/www.apdha.org\/sevilla\/wp-content\/uploads\/75220788_2509239645961467_9159997612558909440_n-300x300.jpg 300w\" sizes=\"auto, (max-width: 720px) 100vw, 720px\" \/><\/a>Fecha y hora:<\/strong> Martes, 19 de noviembre a las 19 horas.<\/p>\n<p><strong>Lugar:<\/strong> Plaza Esperanza Macarena (frente al Arco).<\/p>\n<p><strong>Convoca:<\/strong> Plataforma Somos Migrantes (de la que forma parte APDHA).<\/p>\n<p><strong>Concentraci\u00f3n \u00a1Plantemos cara al discurso de odio! Ven a defender la convivencia.<\/strong><\/p>\n<p><i> \u00bfAlguien culpar\u00eda a los miles de j\u00f3venes espa\u00f1oles por migrar para buscar un futuro mejor? \u00bfhay algo m\u00e1s inhumano que encender el odio contra ni\u00f1os y ni\u00f1as en vez de protegerlos solo por el hecho de ser inmigrantes?\u00a0<\/i><\/p>\n<p>En Andaluc\u00eda estamos asistiendo a una auge de discursos que buscan criminalizar a las personas migrantes y alimentar el odio. Se est\u00e1n rompiendo l\u00edmites que ponen en peligro la convivencia y la democracia, llamando a la persecuci\u00f3n y rechazo incluso de ni\u00f1os y ni\u00f1as. La sociedad en su conjunto no podemos mirar hacia otro lado y ser complices pasivos. Debemos salir a protegerlos y luchar por la construcci\u00f3n de una sociedad para todas las personas. Si no salimos, si no nos hacemos presentes, parecer\u00e1 que consentimos y respaldamos.<\/p>\n<p>Vente a dar la cara para para el discurso del odio.\u00a0 \u00a1No seas c\u00f3mplice pasiv@!<\/p>\n<p>&nbsp;<\/p>\n","protected":false},"excerpt":{"rendered":"<p>Fecha y hora: Martes, 19 de noviembre a las 19 horas. Lugar: Plaza Esperanza Macarena (frente al Arco). Convoca: Plataforma Somos Migrantes (de la que forma parte APDHA). Concentraci\u00f3n \u00a1Plantemos cara al discurso de odio! Ven a defender la convivencia. \u00bfAlguien culpar\u00eda a los miles de j\u00f3venes espa\u00f1oles por migrar \u2026<\/p>\n<p> <a class=\"continue-reading-link\" href=\"https:\/\/www.apdha.org\/sevilla\/19-11-2019-concentracion-somos-migrantes\/\">Seguir Leyendo<i class=\"icon-right-dir\"><\/i><\/a><\/p>\n","protected":false},"author":1,"featured_media":1643,"comment_status":"closed","ping_status":"closed","sticky":false,"template":"","format":"standard","meta":{"footnotes":""},"categories":[3],"tags":[27,59],"class_list":["post-1642","post","type-post","status-publish","format-standard","has-post-thumbnail","hentry","category-actividades","tag-plataforma-somos-migrantes","tag-somos-migrantes"],"_links":{"self":[{"href":"https:\/\/www.apdha.org\/sevilla\/wp-json\/wp\/v2\/posts\/1642","targetHints":{"allow":["GET"]}}],"collection":[{"href":"https:\/\/www.apdha.org\/sevilla\/wp-json\/wp\/v2\/posts"}],"about":[{"href":"https:\/\/www.apdha.org\/sevilla\/wp-json\/wp\/v2\/types\/post"}],"author":[{"embeddable":true,"href":"https:\/\/www.apdha.org\/sevilla\/wp-json\/wp\/v2\/users\/1"}],"replies":[{"embeddable":true,"href":"https:\/\/www.apdha.org\/sevilla\/wp-json\/wp\/v2\/comments?post=1642"}],"version-history":[{"count":1,"href":"https:\/\/www.apdha.org\/sevilla\/wp-json\/wp\/v2\/posts\/1642\/revisions"}],"predecessor-version":[{"id":1644,"href":"https:\/\/www.apdha.org\/sevilla\/wp-json\/wp\/v2\/posts\/1642\/revisions\/1644"}],"wp:featuredmedia":[{"embeddable":true,"href":"https:\/\/www.apdha.org\/sevilla\/wp-json\/wp\/v2\/media\/1643"}],"wp:attachment":[{"href":"https:\/\/www.apdha.org\/sevilla\/wp-json\/wp\/v2\/media?parent=1642"}],"wp:term":[{"taxonomy":"category","embeddable":true,"href":"https:\/\/www.apdha.org\/sevilla\/wp-json\/wp\/v2\/categories?post=1642"},{"taxonomy":"post_tag","embeddable":true,"href":"https:\/\/www.apdha.org\/sevilla\/wp-json\/wp\/v2\/tags?post=1642"}],"curies":[{"name":"wp","href":"https:\/\/api.w.org\/{rel}","templated":true}]}}