{"id":1649,"date":"2019-11-22T14:04:07","date_gmt":"2019-11-22T12:04:07","guid":{"rendered":"https:\/\/www.apdha.org\/sevilla\/?p=1649"},"modified":"2019-11-22T14:04:07","modified_gmt":"2019-11-22T12:04:07","slug":"25n-dia-contra-las-violencias-machistas","status":"publish","type":"post","link":"https:\/\/www.apdha.org\/sevilla\/25n-dia-contra-las-violencias-machistas\/","title":{"rendered":"25N D\u00eda Contra las Violencias Machistas"},"content":{"rendered":"<p><strong><a href=\"https:\/\/www.apdha.org\/sevilla\/wp-content\/uploads\/WhatsApp-Image-2019-11-19-at-12.12.47.jpeg\"><img loading=\"lazy\" decoding=\"async\" class=\"aligncenter size-large wp-image-1650\" src=\"https:\/\/www.apdha.org\/sevilla\/wp-content\/uploads\/WhatsApp-Image-2019-11-19-at-12.12.47-724x1024.jpeg\" alt=\"WhatsApp Image 2019-11-19 at 12.12.47\" width=\"724\" height=\"1024\" srcset=\"https:\/\/www.apdha.org\/sevilla\/wp-content\/uploads\/WhatsApp-Image-2019-11-19-at-12.12.47-724x1024.jpeg 724w, https:\/\/www.apdha.org\/sevilla\/wp-content\/uploads\/WhatsApp-Image-2019-11-19-at-12.12.47-212x300.jpeg 212w, https:\/\/www.apdha.org\/sevilla\/wp-content\/uploads\/WhatsApp-Image-2019-11-19-at-12.12.47-768x1086.jpeg 768w, https:\/\/www.apdha.org\/sevilla\/wp-content\/uploads\/WhatsApp-Image-2019-11-19-at-12.12.47-106x150.jpeg 106w, https:\/\/www.apdha.org\/sevilla\/wp-content\/uploads\/WhatsApp-Image-2019-11-19-at-12.12.47.jpeg 1448w\" sizes=\"auto, (max-width: 724px) 100vw, 724px\" \/><\/a>Fecha y hora:<\/strong>\u00a0Lunes, 25 de noviembre a las 19:30 horas.<\/p>\n<p><strong>Lugar:<\/strong>\u00a0Juzgados del Prado.<\/p>\n<p><strong>Organiza:<\/strong> Asamblea Feminista Inclusiva.<\/p>\n<p>Actividades participativas en los juzgados, performance y lectura de manifiesto. A las 20 h nos sumamos a la manifestaci\u00f3n para \u00a0que inunde las calles del centro de la ciudad con nuestras reivindicaciones. Por las que est\u00e1n, las que no est\u00e1n, las que peligran, las que vendr\u00e1n. Por las rurales, las neurodiversas, las trans, las bi, las bollo, les queer, las migradas, las racializadas, las precarias, las putas, las con y sin diversidad funcional, las refugiadas, las presas, las cuidadoras, las mayores y las ni\u00f1as. Por todas y cada una de nosotras.<\/p>\n","protected":false},"excerpt":{"rendered":"<p>Fecha y hora:\u00a0Lunes, 25 de noviembre a las 19:30 horas. Lugar:\u00a0Juzgados del Prado. Organiza: Asamblea Feminista Inclusiva. Actividades participativas en los juzgados, performance y lectura de manifiesto. A las 20 h nos sumamos a la manifestaci\u00f3n para \u00a0que inunde las calles del centro de la ciudad con nuestras reivindicaciones. Por \u2026<\/p>\n<p> <a class=\"continue-reading-link\" href=\"https:\/\/www.apdha.org\/sevilla\/25n-dia-contra-las-violencias-machistas\/\">Seguir Leyendo<i class=\"icon-right-dir\"><\/i><\/a><\/p>\n","protected":false},"author":1,"featured_media":1650,"comment_status":"closed","ping_status":"closed","sticky":false,"template":"","format":"standard","meta":{"footnotes":""},"categories":[3],"tags":[196,197,195],"class_list":["post-1649","post","type-post","status-publish","format-standard","has-post-thumbnail","hentry","category-actividades","tag-25n","tag-contra-la-violencia-machista","tag-feminismos"],"_links":{"self":[{"href":"https:\/\/www.apdha.org\/sevilla\/wp-json\/wp\/v2\/posts\/1649","targetHints":{"allow":["GET"]}}],"collection":[{"href":"https:\/\/www.apdha.org\/sevilla\/wp-json\/wp\/v2\/posts"}],"about":[{"href":"https:\/\/www.apdha.org\/sevilla\/wp-json\/wp\/v2\/types\/post"}],"author":[{"embeddable":true,"href":"https:\/\/www.apdha.org\/sevilla\/wp-json\/wp\/v2\/users\/1"}],"replies":[{"embeddable":true,"href":"https:\/\/www.apdha.org\/sevilla\/wp-json\/wp\/v2\/comments?post=1649"}],"version-history":[{"count":1,"href":"https:\/\/www.apdha.org\/sevilla\/wp-json\/wp\/v2\/posts\/1649\/revisions"}],"predecessor-version":[{"id":1651,"href":"https:\/\/www.apdha.org\/sevilla\/wp-json\/wp\/v2\/posts\/1649\/revisions\/1651"}],"wp:featuredmedia":[{"embeddable":true,"href":"https:\/\/www.apdha.org\/sevilla\/wp-json\/wp\/v2\/media\/1650"}],"wp:attachment":[{"href":"https:\/\/www.apdha.org\/sevilla\/wp-json\/wp\/v2\/media?parent=1649"}],"wp:term":[{"taxonomy":"category","embeddable":true,"href":"https:\/\/www.apdha.org\/sevilla\/wp-json\/wp\/v2\/categories?post=1649"},{"taxonomy":"post_tag","embeddable":true,"href":"https:\/\/www.apdha.org\/sevilla\/wp-json\/wp\/v2\/tags?post=1649"}],"curies":[{"name":"wp","href":"https:\/\/api.w.org\/{rel}","templated":true}]}}