{"id":1770,"date":"2020-06-01T23:58:07","date_gmt":"2020-06-01T21:58:07","guid":{"rendered":"https:\/\/www.apdha.org\/sevilla\/?p=1770"},"modified":"2020-06-02T00:00:32","modified_gmt":"2020-06-01T22:00:32","slug":"es-el-derecho-fundamental-de-reunion-y-manifestacion-un-privilegio-de-los-ricos","status":"publish","type":"post","link":"https:\/\/www.apdha.org\/sevilla\/es-el-derecho-fundamental-de-reunion-y-manifestacion-un-privilegio-de-los-ricos\/","title":{"rendered":"\u00bfEs el Derecho Fundamental de reuni\u00f3n y manifestaci\u00f3n un privilegio de los ricos?"},"content":{"rendered":"<p align=\"JUSTIFY\"><a href=\"https:\/\/www.apdha.org\/sevilla\/wp-content\/uploads\/Manifestaci\u00f3n-Vox-23-de-mayo-Foto-David-F-Sabadell.jpg\"><img loading=\"lazy\" decoding=\"async\" class=\"alignleft size-medium wp-image-1771\" src=\"https:\/\/www.apdha.org\/sevilla\/wp-content\/uploads\/Manifestaci\u00f3n-Vox-23-de-mayo-Foto-David-F-Sabadell-300x200.jpg\" alt=\"Manifestaci\u00f3n Vox 23 de mayo - Foto David F Sabadell\" width=\"300\" height=\"200\" srcset=\"https:\/\/www.apdha.org\/sevilla\/wp-content\/uploads\/Manifestaci\u00f3n-Vox-23-de-mayo-Foto-David-F-Sabadell-300x200.jpg 300w, https:\/\/www.apdha.org\/sevilla\/wp-content\/uploads\/Manifestaci\u00f3n-Vox-23-de-mayo-Foto-David-F-Sabadell-768x512.jpg 768w, https:\/\/www.apdha.org\/sevilla\/wp-content\/uploads\/Manifestaci\u00f3n-Vox-23-de-mayo-Foto-David-F-Sabadell-1024x683.jpg 1024w, https:\/\/www.apdha.org\/sevilla\/wp-content\/uploads\/Manifestaci\u00f3n-Vox-23-de-mayo-Foto-David-F-Sabadell-150x100.jpg 150w, https:\/\/www.apdha.org\/sevilla\/wp-content\/uploads\/Manifestaci\u00f3n-Vox-23-de-mayo-Foto-David-F-Sabadell.jpg 1500w\" sizes=\"auto, (max-width: 300px) 100vw, 300px\" \/><\/a><\/p>\n<p align=\"JUSTIFY\">Ante los recientes acontecimientos relacionados con el Derecho Fundamental de Reuni\u00f3n y Manifestaci\u00f3n, resulta absolutamente necesario hacer una reflexi\u00f3n sobre lo que est\u00e1 ocurriendo en estos momentos de crisis sanitaria, econ\u00f3mica y social, y recordar a su vez lo que suced\u00eda antes de la declaraci\u00f3n del estado de alarma.<\/p>\n<p align=\"JUSTIFY\">En primer lugar, afirmamos de manera taxativa nuestra <strong>firme apuesta por que el Derecho Fundamental de Reuni\u00f3n y Manifestaci\u00f3n pueda desarrollarse de la manera m\u00e1s amplia y flexible posible<\/strong>; y ello es as\u00ed porque, en cualquier sociedad (m\u00e1s a\u00fan en estos tiempos de desinformaci\u00f3n, en el que tanto los medios de comunicaci\u00f3n, como incluso las redes sociales, se encuentran cada vez m\u00e1s controladas por intereses econ\u00f3micos) constituye una de las principales, sino la m\u00e1s importante, forma en que sus integrantes pueden expresar sus ideas, converger con iguales para abordar objetivos comunes y difundir ideas y pensamientos por sus propios medios, sin depender de instrumentos que escapan a la ciudadan\u00eda de a pie. Y ello implica que debemos tolerar las expresiones de los dem\u00e1s, de la misma manera que exigimos que se toleren las propias, con los \u00fanicos l\u00edmites que puede exigirse a cualquier ideolog\u00eda o pensamiento, que no son otros que los que lindan con el respeto a los Derechos Humanos.<\/p>\n<p align=\"JUSTIFY\">Sin embargo, con la misma firmeza debemos <strong>denunciar el terrible agravio comparativo que se est\u00e1 produciendo en estos d\u00edas con la autorizaci\u00f3n o denegaci\u00f3n de seg\u00fan qu\u00e9 manifestaciones<\/strong>, y la represi\u00f3n estatal que se ceba, una vez m\u00e1s, de diferente forma en funci\u00f3n del barrio que se trate; desde la propia experiencia podemos asegurar que el control que la administraci\u00f3n p\u00fablica puede imponer sobre el Derecho de Reuni\u00f3n, en base a la Ley Org\u00e1nica 9\/1983, se constituye en multitud de ocasiones en un instrumento con el que arbitrariamente se cercena el ejercicio de ese Derecho. Y todos esos l\u00edmites se amparan en un t\u00e9rmino que se constituye en verdadero caj\u00f3n de sastre con el que se camuflan estos abusos; se trata de un \u201cconcepto jur\u00eddico indeterminado\u201d contra el que grupos y asociaciones de defensa de colectivos vulnerables debemos luchar continuamente, incluso en los Tribunales, sin encontrar amparo en la mayor\u00eda de ocasiones.<\/p>\n<p align=\"JUSTIFY\">As\u00ed vimos como en recientes fechas el <strong>TSJA de Sevilla dio la raz\u00f3n a esta asociaci\u00f3n en el recurso que formul\u00f3 frente a la denegaci\u00f3n que recibimos de la Subdelegaci\u00f3n del Gobierno de Sevilla para celebrar una concentraci\u00f3n el pasado mes de noviembre<\/strong>, en solidaridad y recuerdo de una persona sin hogar que falleci\u00f3 en la calle en nuestra ciudad, afirmando literalmente que <strong>\u201cla administraci\u00f3n, en este caso, no ha actuado con la debida diligencia para la salvaguarda del ejercicio de un derecho fundamental como el de reuni\u00f3n\u201d.\u00a0<\/strong><\/p>\n<p align=\"JUSTIFY\"><strong>En estos momentos de grave crisis de Salud P\u00fablica<\/strong>, el concepto de Orden P\u00fablico adquiere una verdadera dimensi\u00f3n, y sin embargo, <strong>asistimos con estupor e incredulidad a ver grupos de personas que salen a manifestarse sin respetar las normas sanitarias vigentes, sin comunicar a las correspondientes Subdelegaciones de Gobierno, e incluso muchas de ellas enarbolando grav\u00edsimos mensajes de odio, todo ello sin que las autoridades hayan procedido a tomar medidas al respecto<\/strong>. Tambi\u00e9n hemos visto<a href=\"https:\/\/www.elsaltodiario.com\/laboral\/cut-querelase-contra-marlaska-permitir-manifestacions-ultradereita-prohibir-primeiro-maio\" target=\"_blank\">\u00a0c\u00f3mo se denegaban manifestaciones en veh\u00edculos para la celebraci\u00f3n del 1 de mayo<\/a>, y se autoriza otra del mismo tipo convocada por la ultraderecha. Y tambi\u00e9n hemos asistido a ver c\u00f3mo las sanciones administrativas impuestas en este estado de alarma se ha cebado con barrios de renta baja, mientras la desobediencia colectiva de barrios de rentas altas no s\u00f3lo no es penalizada de la misma manera, sino que incluso en multitud de ocasiones cuenta con la complacencia de los cuerpos y fuerzas de seguridad del estado. <strong>Nos parece deplorable que un gobierno que aboga por la derogaci\u00f3n o modificaci\u00f3n de la restrictiva Ley Mordaza, la haya utilizado a discreci\u00f3n.<\/strong><\/p>\n<p align=\"JUSTIFY\">En ning\u00fan caso abogamos por el fomento de las sanciones o denuncias; la cuesti\u00f3n es que si la hipocres\u00eda antes era evidente, en estos momentos no se sostiene. Y el mayor problema es el mensaje que parece que se est\u00e1 lanzando, en el que <strong>se ve con claridad una arbitrariedad en el trato a seg\u00fan qu\u00e9 personas o ideas<\/strong>, o a seg\u00fan a c\u00f3mo se realicen, en un momento en el que millones de ciudadanos en nuestro pa\u00eds se encuentran en exclusi\u00f3n social o en riesgo de estarlo. \u00bfQu\u00e9 ocurrir\u00eda si este grupo mayoritario en nuestra sociedad decidiera salir a manifestarse por estos motivos violando las normas sanitarias vigentes? Mucho nos tenemos que no habr\u00eda demasiadas concesiones a su protesta.<\/p>\n<p align=\"JUSTIFY\">Afortunadamente, la mayor\u00eda de la sociedad est\u00e1 embarcada en un gran esfuerzo colectivo como podemos comprobar con las m\u00faltiples redes de apoyo solidario creadas, y los encomiables esfuerzos que la gente hace para sostener a sus iguales, como ya ocurriera con la anterior crisis.<\/p>\n<p align=\"JUSTIFY\">Y es a esto a lo que deben volcarse todos los esfuerzos, para lo cual exigimos a la administraci\u00f3n que ponga todos los medios para que esta nueva crisis econ\u00f3mica, que era anterior a la pandemia y que \u00e9sta ha agravado, no la vuelvan a pagar los mismos.<\/p>\n<p align=\"JUSTIFY\">Pero igualmente <strong>exigimos que el Estado deje de actuar de manera arbitraria<\/strong> en el ejercicio del Derecho de Reuni\u00f3n y Manifestaci\u00f3n, con un grave sesgo ideol\u00f3gico hacia determinados grupos y afinidades pol\u00edticas, m\u00e1s acordes con un sistema econ\u00f3mico que privilegia los intereses de los de arriba, y que garantice que se pueda ejercer en condiciones de igualdad y seguridad para todas las personas, las que disienten y las que no lo hacen.<\/p>\n<p align=\"JUSTIFY\">Delegaci\u00f3n APDHA-Sevilla<\/p>\n<p>Art\u00edculo publicado el 28 de mayo de 2020 en:<\/p>\n<p><a href=\"https:\/\/www.elsaltodiario.com\/algarabias\/apdha-derecho-fundamental-reunion-manifestacion-privilegio-ricos-agravio\">https:\/\/www.elsaltodiario.com\/algarabias\/apdha-derecho-fundamental-reunion-manifestacion-privilegio-ricos-agravio<\/a><\/p>\n<p>&nbsp;<\/p>\n","protected":false},"excerpt":{"rendered":"<p>Ante los recientes acontecimientos relacionados con el Derecho Fundamental de Reuni\u00f3n y Manifestaci\u00f3n, resulta absolutamente necesario hacer una reflexi\u00f3n sobre lo que est\u00e1 ocurriendo en estos momentos de crisis sanitaria, econ\u00f3mica y social, y recordar a su vez lo que suced\u00eda antes de la declaraci\u00f3n del estado de alarma. En \u2026<\/p>\n<p> <a class=\"continue-reading-link\" href=\"https:\/\/www.apdha.org\/sevilla\/es-el-derecho-fundamental-de-reunion-y-manifestacion-un-privilegio-de-los-ricos\/\">Seguir Leyendo<i class=\"icon-right-dir\"><\/i><\/a><\/p>\n","protected":false},"author":1,"featured_media":1771,"comment_status":"closed","ping_status":"closed","sticky":false,"template":"","format":"standard","meta":{"footnotes":""},"categories":[5],"tags":[174,41,33,23,40],"class_list":["post-1770","post","type-post","status-publish","format-standard","has-post-thumbnail","hentry","category-opinion-otros","tag-dejatefichar","tag-nosomosdelito","tag-apdhasevilla","tag-derechos-humanos","tag-ley-mordaza"],"_links":{"self":[{"href":"https:\/\/www.apdha.org\/sevilla\/wp-json\/wp\/v2\/posts\/1770","targetHints":{"allow":["GET"]}}],"collection":[{"href":"https:\/\/www.apdha.org\/sevilla\/wp-json\/wp\/v2\/posts"}],"about":[{"href":"https:\/\/www.apdha.org\/sevilla\/wp-json\/wp\/v2\/types\/post"}],"author":[{"embeddable":true,"href":"https:\/\/www.apdha.org\/sevilla\/wp-json\/wp\/v2\/users\/1"}],"replies":[{"embeddable":true,"href":"https:\/\/www.apdha.org\/sevilla\/wp-json\/wp\/v2\/comments?post=1770"}],"version-history":[{"count":1,"href":"https:\/\/www.apdha.org\/sevilla\/wp-json\/wp\/v2\/posts\/1770\/revisions"}],"predecessor-version":[{"id":1772,"href":"https:\/\/www.apdha.org\/sevilla\/wp-json\/wp\/v2\/posts\/1770\/revisions\/1772"}],"wp:featuredmedia":[{"embeddable":true,"href":"https:\/\/www.apdha.org\/sevilla\/wp-json\/wp\/v2\/media\/1771"}],"wp:attachment":[{"href":"https:\/\/www.apdha.org\/sevilla\/wp-json\/wp\/v2\/media?parent=1770"}],"wp:term":[{"taxonomy":"category","embeddable":true,"href":"https:\/\/www.apdha.org\/sevilla\/wp-json\/wp\/v2\/categories?post=1770"},{"taxonomy":"post_tag","embeddable":true,"href":"https:\/\/www.apdha.org\/sevilla\/wp-json\/wp\/v2\/tags?post=1770"}],"curies":[{"name":"wp","href":"https:\/\/api.w.org\/{rel}","templated":true}]}}