{"id":1777,"date":"2020-06-23T12:43:24","date_gmt":"2020-06-23T10:43:24","guid":{"rendered":"https:\/\/www.apdha.org\/sevilla\/?p=1777"},"modified":"2020-06-23T12:43:24","modified_gmt":"2020-06-23T10:43:24","slug":"llamamiento-sevilla-sin-exclusion-y-segura-post-covid-19","status":"publish","type":"post","link":"https:\/\/www.apdha.org\/sevilla\/llamamiento-sevilla-sin-exclusion-y-segura-post-covid-19\/","title":{"rendered":"LLAMAMIENTO: Sevilla sin exclusi\u00f3n y segura post Covid -19"},"content":{"rendered":"<header class=\"entry-header\">\n<h1 class=\"entry-title\" style=\"text-align: justify;\"><a href=\"https:\/\/www.apdha.org\/sevilla\/wp-content\/uploads\/30-junio-2020.jpeg\"><img loading=\"lazy\" decoding=\"async\" class=\"alignleft size-medium wp-image-1778\" src=\"https:\/\/www.apdha.org\/sevilla\/wp-content\/uploads\/30-junio-2020-300x186.jpeg\" alt=\"30 junio 2020\" width=\"300\" height=\"186\" srcset=\"https:\/\/www.apdha.org\/sevilla\/wp-content\/uploads\/30-junio-2020-300x186.jpeg 300w, https:\/\/www.apdha.org\/sevilla\/wp-content\/uploads\/30-junio-2020-768x477.jpeg 768w, https:\/\/www.apdha.org\/sevilla\/wp-content\/uploads\/30-junio-2020-1024x636.jpeg 1024w, https:\/\/www.apdha.org\/sevilla\/wp-content\/uploads\/30-junio-2020-150x93.jpeg 150w, https:\/\/www.apdha.org\/sevilla\/wp-content\/uploads\/30-junio-2020.jpeg 1253w\" sizes=\"auto, (max-width: 300px) 100vw, 300px\" \/><\/a>LLAMAMIENTO A LA POBLACI\u00d3N DE SEVILLA Y A COLECTIVOS, ASOCIACIONES Y PLATAFORMAS QUE QUIEREN UNA SEVILLA SIN EXCLUSI\u00d3N Y SEGURA POST COVID-19<\/h1>\n<\/header>\n<div class=\"entry-content\">\n<p style=\"text-align: justify;\">Sevilla arrastra secularmente una situaci\u00f3n de desigualdad y exclusi\u00f3n que es, por desgracia, una de las se\u00f1as reconocible de la ciudad. Tres de los cuatro barrios m\u00e1s pobres, y seis de los 15, del Estado est\u00e1n en la capital andaluza. Con esta situaci\u00f3n de pobreza y exclusi\u00f3n se enfrenta a la crisis sanitaria, econ\u00f3mica y social\u00a0 provocada por el Covid-19.<\/p>\n<p style=\"text-align: justify;\">Ha tenido que ser, principalmente, la sociedad organizada la que atendiera las situaciones de emergencia humanitaria y las necesidades b\u00e1sicas de la poblaci\u00f3n: bienes de primera necesidad. Hemos visto c\u00f3mo las administraciones no han sido capaces de afrontar la emergencia social con unos servicios sociales ya saturados antes de la pandemia y que la intensidad de la crisis sanitaria, social y econ\u00f3mica ha dejado, a\u00fan m\u00e1s, al descubierto el modelo econ\u00f3mico, pol\u00edtico e institucional fr\u00e1gil y vulnerable.<\/p>\n<p style=\"text-align: justify;\">No queremos volver a la normalidad anterior a la crisis: servicios p\u00fablicos debilitados por a\u00f1os de privatizaci\u00f3n, desigualdades inasumibles para una ciudad en el siglo XXI, unos barrios degradados por un modelo econ\u00f3mico obsoleto que produce miseria y exclusi\u00f3n. Mucha gente sin\u00a0 expectativas de futuro, ansiedad por no saber si se va a poder comer ma\u00f1ana, miedo de que algunos peques queden para siempre marcados debido a un sistema de educaci\u00f3n desbordado.<\/p>\n<p style=\"text-align: justify;\">Hacemos un llamamiento a la gente de bien de nuestra ciudad para que lo por venir merezca la pena ser vivido.\u00a0 Para que mantenga la organizaci\u00f3n social existente y se coordine con m\u00e1s gente y colectivos que defiende una ciudad sin pobreza, una ciudad\u00a0 inclusiva y respetuosa con las dignidad de nuestras vecinas y vecinos.<\/p>\n<p style=\"text-align: justify;\">Entendemos que las demandas deben ser, entre otras, las siguientes:<\/p>\n<ol style=\"text-align: justify;\">\n<li>Reforzar los Servicios Sociales p\u00fablicos de gesti\u00f3n municipal, no externalizados.<\/li>\n<li>Terminar con la burocracia administrativa que imposibilita las actuaciones sociales.<\/li>\n<li>Posibilitar un empadronamiento sencillo.<\/li>\n<li>Garantizar el acceso a la vivienda para toda la poblaci\u00f3n.<\/li>\n<li>Ayuda de ingreso m\u00ednimo a nivel local para aquellas personas sin documentaci\u00f3n que no pueden acceder a las otras a trav\u00e9s del carnet de vecindad.<\/li>\n<li>Mediar para hacer realidad el derecho a la educaci\u00f3n en tiempos de pandemias.<\/li>\n<li>Centros C\u00edvicos p\u00fablicos al servicio de la poblaci\u00f3n.<\/li>\n<li>Presi\u00f3n a la Junta de Andaluc\u00eda para que se aprueben y abonen los expedientes de\u00a0<em>RMISA<\/em>\u00a0pendientes y abrir un tr\u00e1mite extraordinario de urgencia eliminando todos los requisitos burocr\u00e1ticos absurdos y excluyentes.<\/li>\n<li>Presi\u00f3n al Gobierno Central para que el\u00a0<em>Ingreso M\u00ednimo Vital<\/em>\u00a0llegue a toda la poblaci\u00f3n que lo necesita.<\/li>\n<\/ol>\n<p style=\"text-align: justify;\">Promueve esta iniciativa una alianza de colectivos sociales de la ciudad de Sevilla:<\/p>\n<p style=\"text-align: justify;\">Asociaci\u00f3n Pro Derechos Humanos de Andaluc\u00eda (APDHA-Sevilla)<\/p>\n<p style=\"text-align: justify;\">Plataforma &#8220;SOMOS MIGRANTES&#8221;<\/p>\n<p style=\"text-align: justify;\">Redes de Apoyo Mutuo de Sevilla (RAMUCA)<\/p>\n<p style=\"text-align: justify;\">Oficina de Derechos Sociales (ODS)<\/p>\n<p style=\"text-align: justify;\">MACARENA PARA TODAS<\/p>\n<\/div>\n<p style=\"text-align: justify;\"><a href=\"https:\/\/ramuca.net\/firma\/llamamiento\/\">FIRMAR EL LLAMAMIENTO<\/a><\/p>\n","protected":false},"excerpt":{"rendered":"<p>LLAMAMIENTO A LA POBLACI\u00d3N DE SEVILLA Y A COLECTIVOS, ASOCIACIONES Y PLATAFORMAS QUE QUIEREN UNA SEVILLA SIN EXCLUSI\u00d3N Y SEGURA POST COVID-19 Sevilla arrastra secularmente una situaci\u00f3n de desigualdad y exclusi\u00f3n que es, por desgracia, una de las se\u00f1as reconocible de la ciudad. Tres de los cuatro barrios m\u00e1s pobres, \u2026<\/p>\n<p> <a class=\"continue-reading-link\" href=\"https:\/\/www.apdha.org\/sevilla\/llamamiento-sevilla-sin-exclusion-y-segura-post-covid-19\/\">Seguir Leyendo<i class=\"icon-right-dir\"><\/i><\/a><\/p>\n","protected":false},"author":1,"featured_media":1778,"comment_status":"closed","ping_status":"closed","sticky":false,"template":"","format":"standard","meta":{"footnotes":""},"categories":[3,74],"tags":[33,51,17,190,219,27,218],"class_list":["post-1777","post","type-post","status-publish","format-standard","has-post-thumbnail","hentry","category-actividades","category-movimientos-sociales-sevilla","tag-apdhasevilla","tag-emergencia-social","tag-exclusion-social","tag-macarena-para-todas","tag-ods","tag-plataforma-somos-migrantes","tag-ramuca"],"_links":{"self":[{"href":"https:\/\/www.apdha.org\/sevilla\/wp-json\/wp\/v2\/posts\/1777","targetHints":{"allow":["GET"]}}],"collection":[{"href":"https:\/\/www.apdha.org\/sevilla\/wp-json\/wp\/v2\/posts"}],"about":[{"href":"https:\/\/www.apdha.org\/sevilla\/wp-json\/wp\/v2\/types\/post"}],"author":[{"embeddable":true,"href":"https:\/\/www.apdha.org\/sevilla\/wp-json\/wp\/v2\/users\/1"}],"replies":[{"embeddable":true,"href":"https:\/\/www.apdha.org\/sevilla\/wp-json\/wp\/v2\/comments?post=1777"}],"version-history":[{"count":1,"href":"https:\/\/www.apdha.org\/sevilla\/wp-json\/wp\/v2\/posts\/1777\/revisions"}],"predecessor-version":[{"id":1779,"href":"https:\/\/www.apdha.org\/sevilla\/wp-json\/wp\/v2\/posts\/1777\/revisions\/1779"}],"wp:featuredmedia":[{"embeddable":true,"href":"https:\/\/www.apdha.org\/sevilla\/wp-json\/wp\/v2\/media\/1778"}],"wp:attachment":[{"href":"https:\/\/www.apdha.org\/sevilla\/wp-json\/wp\/v2\/media?parent=1777"}],"wp:term":[{"taxonomy":"category","embeddable":true,"href":"https:\/\/www.apdha.org\/sevilla\/wp-json\/wp\/v2\/categories?post=1777"},{"taxonomy":"post_tag","embeddable":true,"href":"https:\/\/www.apdha.org\/sevilla\/wp-json\/wp\/v2\/tags?post=1777"}],"curies":[{"name":"wp","href":"https:\/\/api.w.org\/{rel}","templated":true}]}}