{"id":1849,"date":"2020-10-18T19:49:54","date_gmt":"2020-10-18T17:49:54","guid":{"rendered":"https:\/\/www.apdha.org\/sevilla\/?p=1849"},"modified":"2020-10-26T15:02:24","modified_gmt":"2020-10-26T13:02:24","slug":"asamblea-apdha-delegacion-de-sevilla-29-de-octubre-2020","status":"publish","type":"post","link":"https:\/\/www.apdha.org\/sevilla\/asamblea-apdha-delegacion-de-sevilla-29-de-octubre-2020\/","title":{"rendered":"Asamblea APDHA Delegaci\u00f3n de Sevilla. 29 de octubre 2020."},"content":{"rendered":"<p style=\"text-align: justify;\"><a href=\"https:\/\/www.apdha.org\/sevilla\/wp-content\/uploads\/IMG_20201018_194650-1.jpg\"><img loading=\"lazy\" decoding=\"async\" class=\"alignleft size-large wp-image-1853\" src=\"https:\/\/www.apdha.org\/sevilla\/wp-content\/uploads\/IMG_20201018_194650-1-888x1024.jpg\" alt=\"IMG_20201018_194650\" width=\"888\" height=\"1024\" srcset=\"https:\/\/www.apdha.org\/sevilla\/wp-content\/uploads\/IMG_20201018_194650-1-888x1024.jpg 888w, https:\/\/www.apdha.org\/sevilla\/wp-content\/uploads\/IMG_20201018_194650-1-260x300.jpg 260w, https:\/\/www.apdha.org\/sevilla\/wp-content\/uploads\/IMG_20201018_194650-1-768x886.jpg 768w, https:\/\/www.apdha.org\/sevilla\/wp-content\/uploads\/IMG_20201018_194650-1-130x150.jpg 130w\" sizes=\"auto, (max-width: 888px) 100vw, 888px\" \/><\/a><\/p>\n<p style=\"text-align: justify;\">\n<p style=\"text-align: justify;\">\n<p style=\"text-align: justify;\">\n<p style=\"text-align: justify;\">\n<p style=\"text-align: justify;\">\n<p style=\"text-align: justify;\"><strong>\u00a0<\/strong><\/p>\n<p style=\"text-align: justify;\"><span style=\"color: #ff0000;\"><strong>Aviso importante: Ante las nuevas medidas de prevenci\u00f3n frente al COVID-19 aplicadas por el Gobierno desde el 25 de octubre, nos vemos en la obligaci\u00f3n de suspender la Asamblea de Sevilla prevista para el jueves, 29 de octubre. Desde la APDHA Sevilla trabajaremos en el modo para seguir contando con todas aquellas personas interesadas en participar en la misma. Informaremos a la mayor brevedad.<\/strong><\/span><\/p>\n<p style=\"text-align: justify;\"><strong>Estimad@ soci@: <\/strong><\/p>\n<p style=\"text-align: justify;\">Comenzamos este<strong> nuevo curso con la firme convicci\u00f3n de seguir defendiendo<\/strong>, desde nuestra modestia y constancia, <strong>los Derechos Humanos<\/strong>. Sabemos que son tiempos dif\u00edciles, nunca fueron f\u00e1ciles. Las consecuencias de la\u00a0 pandemia no afectan a todas las personas por igual porque no todas las personas se enfrentan\u00a0 desde las mismas condiciones previas. Hoy se hace urgente seguir defendiendo <strong>una vida digna para todas las personas<\/strong>, especialmente para quienes nada tienen.<\/p>\n<p style=\"text-align: justify;\"><strong>Nuestra Asociaci\u00f3n est\u00e1 siempre necesitada de personas que quieran comprometerse de forma activa<\/strong>. <strong>Os invitamos a que particip\u00e9is en los grupos<\/strong> de trabajo que tenemos activos: <strong>\u201cMarginaci\u00f3n y Vivienda\u201d, \u201cMigraciones\u201d, \u201cDerechos y Libertades\u201d, \u201cFeminismos\u201d y \u201cC\u00e1rceles\u201d.<\/strong> Os animamos, de igual forma, a que <strong>invit\u00e9is a gente<\/strong> que pueda estar interesada en participar con nosotros\/as en la defensa activa de los Derechos Humanos.<\/p>\n<p style=\"text-align: justify;\">Tambi\u00e9n necesitamos personas socias que den continuidad en sus entornos vitales a nuestras demandas y denuncias. <strong>Es importante que aumentemos, en la medida de lo posible, el n\u00famero de personas socias<\/strong> y lo es por varios motivos: a) Acompa\u00f1a nuestro trabajo saber que tenemos gente que nos respalda, b) Ayuda a difundir nuestro trabajo como militantes y c) Las cuotas son importante porque favorecen una mayor autonom\u00eda para seguir fieles a nuestros principios. (Para hacerse socio\/a: <a href=\"https:\/\/www.apdha.org\/hazte-socioa\/\">https:\/\/www.apdha.org\/hazte-socioa\/<\/a> )<\/p>\n<p style=\"text-align: justify;\">Os convocamos para el pr\u00f3ximo <strong>jueves 29 de octubre<\/strong>, a las 6 de la tarde, en el local de nuestra Asociaci\u00f3n (C\/Blanco White, 5)\u00a0 a la <strong>Asamblea Anual de la Delegaci\u00f3n de Sevilla<\/strong>, con el siguiente orden del d\u00eda:<\/p>\n<ol style=\"text-align: justify;\">\n<li>Balance del curso anterior.<\/li>\n<li>Preparaci\u00f3n Asamblea Anual andaluza que ser\u00e1 el 14 de noviembre y en la que se renovaran los cargos de la Junta Directiva.<\/li>\n<li>Plan de trabajo para este curso.<\/li>\n<li>Varios.<\/li>\n<\/ol>\n<p style=\"text-align: justify;\">Por motivos de seguridad sanitaria es necesaria la inscripci\u00f3n (aforo limitado a 25 personas). Pod\u00e9is confirmarlo a trav\u00e9s del correo electr\u00f3nico <a href=\"mailto:sevilla@apdha.org\">sevilla@apdha.org<\/a> o por tel\u00e9fono 954537965.<\/p>\n<p style=\"text-align: justify;\">Ahora m\u00e1s que nunca te necesitamos y esperamos poder contar con tu presencia.<\/p>\n<p style=\"text-align: justify;\">En nombre de la Delegaci\u00f3n, un cordial saludo,<\/p>\n<p style=\"text-align: justify;\"><strong>Pablo Mar\u00eda Fern\u00e1ndez- Delegado de Sevilla<\/strong><\/p>\n<p style=\"text-align: justify;\"><strong>Asociaci\u00f3n Pro Derechos Humanos de Andaluc\u00eda<\/strong><\/p>\n<p style=\"text-align: justify;\">Para una mayor informaci\u00f3n os animamos a que nos sigas en nuestras redes sociales:<\/p>\n<p style=\"text-align: justify;\"><a href=\"https:\/\/www.apdha.org\/sevilla\">blog: apdha.org\/sevilla<\/a><br \/>\n<a href=\"https:\/\/www.facebook.com\/APDHAenSevilla\/\">facebook.com\/APDHAenSevilla\/<\/a><br \/>\n<a href=\"https:\/\/twitter.com\/APDHASevilla\">twitter: @APDHASevilla<\/a><br \/>\n<a href=\"https:\/\/www.instagram.com\/apdhasevilla\/\">Instagram: @apdhasevilla<\/a><\/p>\n<p>&nbsp;<\/p>\n","protected":false},"excerpt":{"rendered":"<p>\u00a0 Aviso importante: Ante las nuevas medidas de prevenci\u00f3n frente al COVID-19 aplicadas por el Gobierno desde el 25 de octubre, nos vemos en la obligaci\u00f3n de suspender la Asamblea de Sevilla prevista para el jueves, 29 de octubre. Desde la APDHA Sevilla trabajaremos en el modo para seguir contando \u2026<\/p>\n<p> <a class=\"continue-reading-link\" href=\"https:\/\/www.apdha.org\/sevilla\/asamblea-apdha-delegacion-de-sevilla-29-de-octubre-2020\/\">Seguir Leyendo<i class=\"icon-right-dir\"><\/i><\/a><\/p>\n","protected":false},"author":1,"featured_media":1850,"comment_status":"closed","ping_status":"closed","sticky":false,"template":"","format":"standard","meta":{"footnotes":""},"categories":[3],"tags":[33],"class_list":["post-1849","post","type-post","status-publish","format-standard","has-post-thumbnail","hentry","category-actividades","tag-apdhasevilla"],"_links":{"self":[{"href":"https:\/\/www.apdha.org\/sevilla\/wp-json\/wp\/v2\/posts\/1849","targetHints":{"allow":["GET"]}}],"collection":[{"href":"https:\/\/www.apdha.org\/sevilla\/wp-json\/wp\/v2\/posts"}],"about":[{"href":"https:\/\/www.apdha.org\/sevilla\/wp-json\/wp\/v2\/types\/post"}],"author":[{"embeddable":true,"href":"https:\/\/www.apdha.org\/sevilla\/wp-json\/wp\/v2\/users\/1"}],"replies":[{"embeddable":true,"href":"https:\/\/www.apdha.org\/sevilla\/wp-json\/wp\/v2\/comments?post=1849"}],"version-history":[{"count":3,"href":"https:\/\/www.apdha.org\/sevilla\/wp-json\/wp\/v2\/posts\/1849\/revisions"}],"predecessor-version":[{"id":1855,"href":"https:\/\/www.apdha.org\/sevilla\/wp-json\/wp\/v2\/posts\/1849\/revisions\/1855"}],"wp:featuredmedia":[{"embeddable":true,"href":"https:\/\/www.apdha.org\/sevilla\/wp-json\/wp\/v2\/media\/1850"}],"wp:attachment":[{"href":"https:\/\/www.apdha.org\/sevilla\/wp-json\/wp\/v2\/media?parent=1849"}],"wp:term":[{"taxonomy":"category","embeddable":true,"href":"https:\/\/www.apdha.org\/sevilla\/wp-json\/wp\/v2\/categories?post=1849"},{"taxonomy":"post_tag","embeddable":true,"href":"https:\/\/www.apdha.org\/sevilla\/wp-json\/wp\/v2\/tags?post=1849"}],"curies":[{"name":"wp","href":"https:\/\/api.w.org\/{rel}","templated":true}]}}