{"id":1867,"date":"2020-12-02T21:02:19","date_gmt":"2020-12-02T19:02:19","guid":{"rendered":"https:\/\/www.apdha.org\/sevilla\/?p=1867"},"modified":"2020-12-03T13:01:38","modified_gmt":"2020-12-03T11:01:38","slug":"10-de-diciembre-dia-de-los-derechos-humanos","status":"publish","type":"post","link":"https:\/\/www.apdha.org\/sevilla\/10-de-diciembre-dia-de-los-derechos-humanos\/","title":{"rendered":"10 de diciembre, d\u00eda de los DERECHOS HUMANOS"},"content":{"rendered":"<p><a href=\"https:\/\/www.apdha.org\/sevilla\/wp-content\/uploads\/DDHH2020.jpg\"><img loading=\"lazy\" decoding=\"async\" class=\"size-large wp-image-1868 aligncenter\" src=\"https:\/\/www.apdha.org\/sevilla\/wp-content\/uploads\/DDHH2020-724x1024.jpg\" alt=\"DDHH2020\" width=\"724\" height=\"1024\" srcset=\"https:\/\/www.apdha.org\/sevilla\/wp-content\/uploads\/DDHH2020-724x1024.jpg 724w, https:\/\/www.apdha.org\/sevilla\/wp-content\/uploads\/DDHH2020-212x300.jpg 212w, https:\/\/www.apdha.org\/sevilla\/wp-content\/uploads\/DDHH2020-768x1086.jpg 768w, https:\/\/www.apdha.org\/sevilla\/wp-content\/uploads\/DDHH2020-106x150.jpg 106w\" sizes=\"auto, (max-width: 724px) 100vw, 724px\" \/><\/a><\/p>\n<p style=\"text-align: justify;\">Para este <strong>10 de diciembre de 2020, d\u00eda internacional de los Derechos Humanos<\/strong>, la Delegaci\u00f3n en Sevilla \u00a0de la APDHA tenemos previsto la realizaci\u00f3n de dos actividades:<\/p>\n<ol style=\"text-align: justify;\">\n<li>El pr\u00f3ximo\u00a0<strong>jueves 10 de diciembre<\/strong>, d\u00eda de los\u00a0<strong>DERECHOS HUMANOS<\/strong>, convocamos una <strong>CONCENTRACI\u00d3N<\/strong> en Sevilla bajo el lema\u00a0<strong>\u201cPOR UNA VIDA DIGNA: DERECHOS PARA TODAS\u201d<\/strong>. Defenderemos en la calle, junto a otros colectivos y plataformas, los derechos humanos: vivienda, renta b\u00e1sica, sanidad, educaci\u00f3n, libertad de expresi\u00f3n, igualdad, migraci\u00f3n\u2026<\/li>\n<\/ol>\n<ul>\n<li style=\"text-align: justify;\"><strong>D\u00eda:<\/strong>\u00a0jueves, 10 de diciembre de 2020<\/li>\n<li style=\"text-align: justify;\"><strong>Hora<\/strong>: 18.00h<\/li>\n<li style=\"text-align: justify;\"><strong>Lugar:<\/strong>\u00a0Plaza Nueva (Sevilla).<\/li>\n<\/ul>\n<ol style=\"text-align: justify;\" start=\"2\">\n<li>Entrega del <strong>\u201cPREMIO DERECHOS HUMANOS 2020\u201d<\/strong> a la <strong>\u201cAsamblea de Familiares y Asociaciones de Memoria Hist\u00f3rica de la Plaza de la Gavidia\u201d. <\/strong>Con la actuaci\u00f3n de Luc\u00eda S\u00f3cam.<\/li>\n<\/ol>\n<ul>\n<li style=\"text-align: justify;\"><strong>D\u00eda:<\/strong>\u00a0jueves, 10 de diciembre de 2020<\/li>\n<li style=\"text-align: justify;\"><strong>Hora<\/strong>: 18.30h<\/li>\n<li style=\"text-align: justify;\"><strong>Lugar:<\/strong>\u00a0Plaza Nueva (Sevilla).<\/li>\n<\/ul>\n<p style=\"text-align: justify;\">Os animamos a participar en estos actos as\u00ed como que los hag\u00e1is extensivos a vuestras amistades.<\/p>\n<p style=\"text-align: justify;\">(Ser\u00e1 necesario respetar las medidas sanitarias propias de esta pandemia. Principalmente el uso de mascarilla y la distancia entre personas)<\/p>\n<p style=\"text-align: justify;\">\u00a0\u00a1Te esperamos!<\/p>\n<p style=\"text-align: justify;\"><a href=\"https:\/\/www.facebook.com\/288918727898694\/posts\/2152325024891379\/\">Evento en Facebook<\/a><\/p>\n","protected":false},"excerpt":{"rendered":"<p>Para este 10 de diciembre de 2020, d\u00eda internacional de los Derechos Humanos, la Delegaci\u00f3n en Sevilla \u00a0de la APDHA tenemos previsto la realizaci\u00f3n de dos actividades: El pr\u00f3ximo\u00a0jueves 10 de diciembre, d\u00eda de los\u00a0DERECHOS HUMANOS, convocamos una CONCENTRACI\u00d3N en Sevilla bajo el lema\u00a0\u201cPOR UNA VIDA DIGNA: DERECHOS PARA TODAS\u201d. \u2026<\/p>\n<p> <a class=\"continue-reading-link\" href=\"https:\/\/www.apdha.org\/sevilla\/10-de-diciembre-dia-de-los-derechos-humanos\/\">Seguir Leyendo<i class=\"icon-right-dir\"><\/i><\/a><\/p>\n","protected":false},"author":1,"featured_media":1868,"comment_status":"closed","ping_status":"closed","sticky":false,"template":"","format":"standard","meta":{"footnotes":""},"categories":[3],"tags":[23,232,26],"class_list":["post-1867","post","type-post","status-publish","format-standard","has-post-thumbnail","hentry","category-actividades","tag-derechos-humanos","tag-memoria-historica","tag-premio-derechos-humanos"],"_links":{"self":[{"href":"https:\/\/www.apdha.org\/sevilla\/wp-json\/wp\/v2\/posts\/1867","targetHints":{"allow":["GET"]}}],"collection":[{"href":"https:\/\/www.apdha.org\/sevilla\/wp-json\/wp\/v2\/posts"}],"about":[{"href":"https:\/\/www.apdha.org\/sevilla\/wp-json\/wp\/v2\/types\/post"}],"author":[{"embeddable":true,"href":"https:\/\/www.apdha.org\/sevilla\/wp-json\/wp\/v2\/users\/1"}],"replies":[{"embeddable":true,"href":"https:\/\/www.apdha.org\/sevilla\/wp-json\/wp\/v2\/comments?post=1867"}],"version-history":[{"count":3,"href":"https:\/\/www.apdha.org\/sevilla\/wp-json\/wp\/v2\/posts\/1867\/revisions"}],"predecessor-version":[{"id":1872,"href":"https:\/\/www.apdha.org\/sevilla\/wp-json\/wp\/v2\/posts\/1867\/revisions\/1872"}],"wp:featuredmedia":[{"embeddable":true,"href":"https:\/\/www.apdha.org\/sevilla\/wp-json\/wp\/v2\/media\/1868"}],"wp:attachment":[{"href":"https:\/\/www.apdha.org\/sevilla\/wp-json\/wp\/v2\/media?parent=1867"}],"wp:term":[{"taxonomy":"category","embeddable":true,"href":"https:\/\/www.apdha.org\/sevilla\/wp-json\/wp\/v2\/categories?post=1867"},{"taxonomy":"post_tag","embeddable":true,"href":"https:\/\/www.apdha.org\/sevilla\/wp-json\/wp\/v2\/tags?post=1867"}],"curies":[{"name":"wp","href":"https:\/\/api.w.org\/{rel}","templated":true}]}}