{"id":1881,"date":"2021-01-25T11:40:19","date_gmt":"2021-01-25T09:40:19","guid":{"rendered":"https:\/\/www.apdha.org\/sevilla\/?p=1881"},"modified":"2021-01-25T11:40:19","modified_gmt":"2021-01-25T09:40:19","slug":"los-cortes-de-luz-atentan-contra-los-derechos-humanos","status":"publish","type":"post","link":"https:\/\/www.apdha.org\/sevilla\/los-cortes-de-luz-atentan-contra-los-derechos-humanos\/","title":{"rendered":"APDHA Sevilla denuncia que los cortes de luz atentan contra los Derechos Humanos"},"content":{"rendered":"<ul>\n<li><strong>APDHA Sevilla se suma a las denuncias y concentraciones que se suceden en nuestros barrios empobrecidos exigiendo soluciones inmediatas<\/strong><\/li>\n<li><strong>Las movilizaciones en Cerro Amate, Torreblanca, Pino Montano, Pol\u00edgono Sur, incluso El Tard\u00f3n se\u00f1alan el abandono al que est\u00e1n sometidos por parte de los poderes p\u00fablicos<\/strong><\/li>\n<\/ul>\n<p><em><a href=\"https:\/\/www.apdha.org\/sevilla\/wp-content\/uploads\/WhatsApp-Image-2021-01-24-at-16.34.33-1.jpeg\"><img loading=\"lazy\" decoding=\"async\" class=\"alignleft size-medium wp-image-1882\" src=\"https:\/\/www.apdha.org\/sevilla\/wp-content\/uploads\/WhatsApp-Image-2021-01-24-at-16.34.33-1-300x196.jpeg\" alt=\"WhatsApp Image 2021-01-24 at 16.34.33 (1)\" width=\"300\" height=\"196\" srcset=\"https:\/\/www.apdha.org\/sevilla\/wp-content\/uploads\/WhatsApp-Image-2021-01-24-at-16.34.33-1-300x196.jpeg 300w, https:\/\/www.apdha.org\/sevilla\/wp-content\/uploads\/WhatsApp-Image-2021-01-24-at-16.34.33-1-768x501.jpeg 768w, https:\/\/www.apdha.org\/sevilla\/wp-content\/uploads\/WhatsApp-Image-2021-01-24-at-16.34.33-1-150x98.jpeg 150w, https:\/\/www.apdha.org\/sevilla\/wp-content\/uploads\/WhatsApp-Image-2021-01-24-at-16.34.33-1.jpeg 794w\" sizes=\"auto, (max-width: 300px) 100vw, 300px\" \/><\/a>Sevilla, 25\/01\/2021<\/em>&#8211; Desde la Asociaci\u00f3n Pro Derechos Humanos de Andaluc\u00eda (APDHA Sevilla) queremos <strong>denunciar los continuos cortes de luz que se suceden en nuestra ciudad, mayoritariamente en nuestros barrios perif\u00e9ricos, especialmente inaceptables en la actualidad ante la ola de fr\u00edo y los rigores habituales del invierno, y en el marco de una pandemia.<\/strong><\/p>\n<p><strong>Los suministros b\u00e1sicos en general y el el\u00e9ctrico especialmente, son Derechos Humanos universales irrenunciables de los que deben disponer todas las personas independientemente de su situaci\u00f3n social y econ\u00f3mica.<\/strong><\/p>\n<p>Pese a ello, frente a los cortes de luz diarios durante muchas horas, <strong>las Administraciones p\u00fablicas con una<\/strong> <strong>actitud rayando entre la pasividad y la complacencia<\/strong> asumen como normal que se prive a miles de personas de un servicio b\u00e1sico. Ninguna intervenci\u00f3n rotunda que obligue al <strong>oligopolio el\u00e9ctrico<\/strong> a soluciones urgentes que la gravedad del problema requiere. El Ayuntamiento alegando falta de competencias, y de com\u00fan con la Junta de Andaluc\u00eda, pleg\u00e1ndose a las razones de las el\u00e9ctricas, criminalizando nuestros barrios olvidados. De defender los derechos de las personas, nada de nada.<\/p>\n<p><strong>La \u00fanica respuesta como viene siendo habitual estos \u00faltimos a\u00f1os ha venido por parte de los propios afectados<\/strong>: en primer lugar la Plataforma Interdistritos Barrios Hartos de Sevilla elevando a p\u00fablica la protesta reuni\u00e9ndose frente a ENDESA, y a posteriori numerosas concentraciones en el extrarradio de nuestra ciudad: Cerro Amate, Torreblanca, Pino Montano, Pol\u00edgono Sur, incluso de un barrio \u00faltimamente poco acostumbrado a denuncia p\u00fablica como El Tard\u00f3n. Movilizaciones similares han tenido lugar en diferentes barrios humildes repartidos por toda la geograf\u00eda espa\u00f1ola.<\/p>\n<p>Desde el Ayuntamiento y la Junta de Andaluc\u00eda en lugar de intervenir en defensa de sus ciudadanos asumen las justificaciones que enumeran las el\u00e9ctricas en su discurso falaz y distorsionante de la realidad. Justifican los cortes por la sobrecarga de la red el\u00e9ctrica debido al consumo generado por las plantaciones de marihuana existentes en muchos barrios. Y mientras tanto descaradamente el precio de la luz sube sin tapujo alguno.<\/p>\n<p>Localizar las plantaciones de marihuana, con la tecnolog\u00eda existente en el siglo XXI es un problema de prioridades e intereses, que corresponde resolver al poder pol\u00edtico. Que a ello, \u00a0a peque\u00f1a escala, \u00a0se agarren adem\u00e1s unos pocos vecinos para buscarse un m\u00ednimo sustento con el que sobrevivir por falta de trabajo o ayudas econ\u00f3micas, es un problema cuyo trasfondo de precariedad y vulnerabilidad deben atajar los Servicios Sociales. Al igual que algunas familias recurran al enganche ilegal para procurarse luz porque no tienen ingresos suficientes con los que poder contratarla o pagar su factura.<\/p>\n<p>Se prefiere no tener en cuenta las razones fundamentales que provocan los cortes: con el paso de los a\u00f1os <strong>el n\u00famero creciente de aparatos el\u00e9ctricos y electr\u00f3nicos existentes en nuestros hogares ha elevado el consumo de energ\u00eda con la consiguiente sobrecarga en infraestructuras envejecidas. La falta de inversi\u00f3n del oligopolio el\u00e9ctrico en la modernizaci\u00f3n de las redes y equipamiento abastecedores de energ\u00eda ha provocado el deterioro significativo de las redes de suministro en nuestros barrios perif\u00e9ricos abandonados a su suerte. <\/strong><\/p>\n<p>En su terreno las el\u00e9ctricas mandan y los gobiernos de turno obedecen, mientras la corte de medios de difusi\u00f3n al servicio de los negocios copia el relato.<\/p>\n<p><strong>No nos dejamos enga\u00f1ar. La producci\u00f3n y suministro el\u00e9ctrico se empez\u00f3 a privatizar con el gobierno de Felipe Gonz\u00e1lez y se sigui\u00f3 con el gobierno de Aznar, que hoy cobra c\u00f3modamente ese encargo con su puesto de consultor externo de Endesa (200.000 euros al a\u00f1o). Es tarea de los gobiernos estatal y auton\u00f3mico garantizar la correcta prestaci\u00f3n de ese servicio a todos los hogares sin excepciones y si, por acci\u00f3n u omisi\u00f3n, \u00a0son incapaces de hacerlo, el estado deber\u00e1 tomar el control de las mismas reconduciendo la situaci\u00f3n llegando incluso a nacionalizarlas.<\/strong><\/p>\n<p>Lo f\u00e1cil y simplista es estigmatizar a las personas vulnerables y hacerles responsables de las condiciones en las que malviven.\u00a0 Y enfrentar a pobres contra m\u00e1s pobres. Recientemente m\u00e1s de un centenar de asociaciones y plataformas nos hemos dirigido a los diferentes responsables p\u00fablicos para que busquen soluciones porque<strong> los Derechos Humanos, el derecho a una vida digna, debe estar \u00a0por encima del negocio.<\/strong><\/p>\n<p><strong>Es necesario y urgente atender a las necesidades de la poblaci\u00f3n m\u00e1s vulnerable con la pedagog\u00eda del amparo econ\u00f3mico, social y pol\u00edtico.<\/strong><\/p>\n<p><strong>Por ello hoy m\u00e1s que nunca,\u00a0 las administraciones no pueden mirar para otro lado y deben ser valientes. Tienen que estar presentes tomando decisiones urgentes que aporten soluciones concretas para que nuestros barrios dejen de estar olvidados y abandonados.<\/strong><\/p>\n","protected":false},"excerpt":{"rendered":"<p>APDHA Sevilla se suma a las denuncias y concentraciones que se suceden en nuestros barrios empobrecidos exigiendo soluciones inmediatas Las movilizaciones en Cerro Amate, Torreblanca, Pino Montano, Pol\u00edgono Sur, incluso El Tard\u00f3n se\u00f1alan el abandono al que est\u00e1n sometidos por parte de los poderes p\u00fablicos Sevilla, 25\/01\/2021&#8211; Desde la Asociaci\u00f3n \u2026<\/p>\n<p> <a class=\"continue-reading-link\" href=\"https:\/\/www.apdha.org\/sevilla\/los-cortes-de-luz-atentan-contra-los-derechos-humanos\/\">Seguir Leyendo<i class=\"icon-right-dir\"><\/i><\/a><\/p>\n","protected":false},"author":1,"featured_media":1882,"comment_status":"closed","ping_status":"closed","sticky":false,"template":"","format":"standard","meta":{"footnotes":""},"categories":[1],"tags":[],"class_list":["post-1881","post","type-post","status-publish","format-standard","has-post-thumbnail","hentry","category-comunicados"],"_links":{"self":[{"href":"https:\/\/www.apdha.org\/sevilla\/wp-json\/wp\/v2\/posts\/1881","targetHints":{"allow":["GET"]}}],"collection":[{"href":"https:\/\/www.apdha.org\/sevilla\/wp-json\/wp\/v2\/posts"}],"about":[{"href":"https:\/\/www.apdha.org\/sevilla\/wp-json\/wp\/v2\/types\/post"}],"author":[{"embeddable":true,"href":"https:\/\/www.apdha.org\/sevilla\/wp-json\/wp\/v2\/users\/1"}],"replies":[{"embeddable":true,"href":"https:\/\/www.apdha.org\/sevilla\/wp-json\/wp\/v2\/comments?post=1881"}],"version-history":[{"count":1,"href":"https:\/\/www.apdha.org\/sevilla\/wp-json\/wp\/v2\/posts\/1881\/revisions"}],"predecessor-version":[{"id":1883,"href":"https:\/\/www.apdha.org\/sevilla\/wp-json\/wp\/v2\/posts\/1881\/revisions\/1883"}],"wp:featuredmedia":[{"embeddable":true,"href":"https:\/\/www.apdha.org\/sevilla\/wp-json\/wp\/v2\/media\/1882"}],"wp:attachment":[{"href":"https:\/\/www.apdha.org\/sevilla\/wp-json\/wp\/v2\/media?parent=1881"}],"wp:term":[{"taxonomy":"category","embeddable":true,"href":"https:\/\/www.apdha.org\/sevilla\/wp-json\/wp\/v2\/categories?post=1881"},{"taxonomy":"post_tag","embeddable":true,"href":"https:\/\/www.apdha.org\/sevilla\/wp-json\/wp\/v2\/tags?post=1881"}],"curies":[{"name":"wp","href":"https:\/\/api.w.org\/{rel}","templated":true}]}}