{"id":1890,"date":"2021-02-03T12:40:03","date_gmt":"2021-02-03T10:40:03","guid":{"rendered":"https:\/\/www.apdha.org\/sevilla\/?p=1890"},"modified":"2021-02-03T12:40:03","modified_gmt":"2021-02-03T10:40:03","slug":"denuncia-el-desamparo-que-sufre-la-poblacion-especialmente-la-mas-excluida","status":"publish","type":"post","link":"https:\/\/www.apdha.org\/sevilla\/denuncia-el-desamparo-que-sufre-la-poblacion-especialmente-la-mas-excluida\/","title":{"rendered":"APDHA denuncia el desamparo que sufre la poblaci\u00f3n, especialmente la m\u00e1s excluida"},"content":{"rendered":"<ul>\n<li><strong>No es admisible, por m\u00e1s tiempo, la situaci\u00f3n de colapso y la falta a accesibilidad a todos los Organismos P\u00fablicos y a las distintas Administraciones<\/strong><\/li>\n<\/ul>\n<p><strong>\u00a0<\/strong><\/p>\n<p><strong><a href=\"https:\/\/www.apdha.org\/sevilla\/wp-content\/uploads\/WhatsApp-Image-2021-02-03-at-00.26.19.jpeg\"><img loading=\"lazy\" decoding=\"async\" class=\"alignleft size-medium wp-image-1891\" src=\"https:\/\/www.apdha.org\/sevilla\/wp-content\/uploads\/WhatsApp-Image-2021-02-03-at-00.26.19-231x300.jpeg\" alt=\"WhatsApp Image 2021-02-03 at 00.26.19\" width=\"231\" height=\"300\" srcset=\"https:\/\/www.apdha.org\/sevilla\/wp-content\/uploads\/WhatsApp-Image-2021-02-03-at-00.26.19-231x300.jpeg 231w, https:\/\/www.apdha.org\/sevilla\/wp-content\/uploads\/WhatsApp-Image-2021-02-03-at-00.26.19-768x996.jpeg 768w, https:\/\/www.apdha.org\/sevilla\/wp-content\/uploads\/WhatsApp-Image-2021-02-03-at-00.26.19-789x1024.jpeg 789w, https:\/\/www.apdha.org\/sevilla\/wp-content\/uploads\/WhatsApp-Image-2021-02-03-at-00.26.19-116x150.jpeg 116w, https:\/\/www.apdha.org\/sevilla\/wp-content\/uploads\/WhatsApp-Image-2021-02-03-at-00.26.19.jpeg 1080w\" sizes=\"auto, (max-width: 231px) 100vw, 231px\" \/><\/a>Sevilla, 3 de febrero de 2021-.<\/strong> Desde la Asociaci\u00f3n Pro Derechos Humanos de Andaluc\u00eda (APDHA Sevilla) denunciamos que, desde el inicio de la pandemia, que se remonta a marzo del 2020<strong>, se ha obligado a la poblaci\u00f3n por todas las Administraciones, a ser atendida por: v\u00eda telef\u00f3nica y telem\u00e1tica, o presencial con cita previa en muy contadas ocasiones.<\/strong> \u00a0Nos consta que todos <strong>estos medios han demostrado\u00a0 su mal funcionamiento. Han estado colapsados<\/strong>, inoperantes, con falta de personal y de\u00a0 otros elementos\u00a0 necesarios. Las\u00a0 personas\u00a0 que en muchas ocasiones se han\u00a0\u00a0 visto en situaciones\u00a0 de emergencia,\u00a0 por la carencia de necesidades b\u00e1sicas, han\u00a0 sufrido\u00a0 grandes\u00a0 esperas, colas interminables y demoras para ser atendidos, deriv\u00e1ndolas en muchas ocasiones hacia servicios externalizados.<\/p>\n<p>Con el paso del tiempo, once meses del inicio de esta pandemia, <strong>la situaci\u00f3n no ha mejorado a pesar de las distintas denuncias p\u00fablicas.<\/strong> Las carencias no se han subsanado y todos los Organismos P\u00fablicos\u00a0 y Administraciones, para la atenci\u00f3n\u00a0 a la ciudadan\u00eda\u00a0 ante\u00a0 temas tales como educaci\u00f3n, vivienda, sanidad, o servicios sociales, contin\u00faan posponiendo la atenci\u00f3n,\u00a0 deriv\u00e1ndolos a alguna de las v\u00edas\u00a0 citadas<strong>. Todo ello da lugar a que gran parte de la\u00a0 poblaci\u00f3n no\u00a0 pueda ejercer sus derechos<\/strong>, para\u00a0 presentar, quejas, denunciar o demandar los\u00a0 servicios o prestaciones\u00a0 que requiera y necesite.\u00a0 As\u00ed puede\u00a0 se\u00f1alarse entre otros, los casos de los\u00a0 Centros de Salud y de\u00a0 Servicios Sociales. La v\u00eda telem\u00e1tica, la\u00a0 m\u00e1s extendida, requiere unos conocimientos de los que carece una gran parte de esta poblaci\u00f3n.<\/p>\n<p><strong>No es admisible, por m\u00e1s tiempo, la situaci\u00f3n de colapso y la falta de accesibilidad a los servicios b\u00e1sicos. <\/strong>\u00a0Las personas\u00a0 que requieren\u00a0 gran parte de estos servicios sufren una <strong>doble exclusi\u00f3n: no tener los recursos necesarios para poder vivir con dignidad y quedarse excluidas de los recursos por la brecha digital y la no atenci\u00f3n presencial<\/strong>. Con todo ello, se est\u00e1 condenando a esta poblaci\u00f3n a no hacer uso de derechos b\u00e1sicos que les asisten.<\/p>\n<p>Diferentes colectivos vecinales y asociaciones intentan paliar ese d\u00e9ficit\u00a0 en el uso de herramientas inform\u00e1ticas, prestando su apoyo para el acceso a trav\u00e9s de esta v\u00eda, aun as\u00ed, en\u00a0 infinidad de ocasiones hay una imposibilidad material de acceso a los organismos oficiales.<\/p>\n<p>Un ejemplo, entre otros muchos\u00a0 que pod\u00edan citarse,\u00a0 lo tenemos en la Coordinadora de Educaci\u00f3n del Pol\u00edgono Sur que se ha encontrado con much\u00edsimas dificultades para poder presentar en Registro de la Delegaci\u00f3n y Consejer\u00eda de Educaci\u00f3n un escrito con la petici\u00f3n de atenci\u00f3n urgente a la situaci\u00f3n del absentismo escolar en esta zona de Sevilla, entre el 50% y el 70%.<\/p>\n<p>La raz\u00f3n de ser de las administraciones p\u00fablicas es la organizaci\u00f3n de la vida social y los servicios necesarios para las personas, y siempre, en primer lugar, la atenci\u00f3n y el cuidado de las personas m\u00e1s vulnerables y fr\u00e1giles. Lo dem\u00e1s debe subordinarse a esto.<\/p>\n<p><strong>Desde la APDHA denunciamos que no se facilita a la ciudadan\u00eda la posibilidad de acceso a los organismos p\u00fablicos<\/strong>, con la consiguiente vulneraci\u00f3n del derecho que nos asiste a presentar quejas, reclamaciones y denuncias y entrega de documentaci\u00f3n para prestaciones sociales, siendo los colectivos m\u00e1s vulnerables los m\u00e1s perjudicados. <strong>Exigimos que se tomen las medidas oportunas para acabar con esta situaci\u00f3n claramente injusta, impropia de un estado social, democr\u00e1tico y de derecho. <\/strong><\/p>\n","protected":false},"excerpt":{"rendered":"<p>No es admisible, por m\u00e1s tiempo, la situaci\u00f3n de colapso y la falta a accesibilidad a todos los Organismos P\u00fablicos y a las distintas Administraciones \u00a0 Sevilla, 3 de febrero de 2021-. Desde la Asociaci\u00f3n Pro Derechos Humanos de Andaluc\u00eda (APDHA Sevilla) denunciamos que, desde el inicio de la pandemia, \u2026<\/p>\n<p> <a class=\"continue-reading-link\" href=\"https:\/\/www.apdha.org\/sevilla\/denuncia-el-desamparo-que-sufre-la-poblacion-especialmente-la-mas-excluida\/\">Seguir Leyendo<i class=\"icon-right-dir\"><\/i><\/a><\/p>\n","protected":false},"author":1,"featured_media":1891,"comment_status":"closed","ping_status":"closed","sticky":false,"template":"","format":"standard","meta":{"footnotes":""},"categories":[1],"tags":[234,15,114,184],"class_list":["post-1890","post","type-post","status-publish","format-standard","has-post-thumbnail","hentry","category-comunicados","tag-colapso","tag-marginacion","tag-servicios-sociales","tag-silencio-administrativo"],"_links":{"self":[{"href":"https:\/\/www.apdha.org\/sevilla\/wp-json\/wp\/v2\/posts\/1890","targetHints":{"allow":["GET"]}}],"collection":[{"href":"https:\/\/www.apdha.org\/sevilla\/wp-json\/wp\/v2\/posts"}],"about":[{"href":"https:\/\/www.apdha.org\/sevilla\/wp-json\/wp\/v2\/types\/post"}],"author":[{"embeddable":true,"href":"https:\/\/www.apdha.org\/sevilla\/wp-json\/wp\/v2\/users\/1"}],"replies":[{"embeddable":true,"href":"https:\/\/www.apdha.org\/sevilla\/wp-json\/wp\/v2\/comments?post=1890"}],"version-history":[{"count":1,"href":"https:\/\/www.apdha.org\/sevilla\/wp-json\/wp\/v2\/posts\/1890\/revisions"}],"predecessor-version":[{"id":1892,"href":"https:\/\/www.apdha.org\/sevilla\/wp-json\/wp\/v2\/posts\/1890\/revisions\/1892"}],"wp:featuredmedia":[{"embeddable":true,"href":"https:\/\/www.apdha.org\/sevilla\/wp-json\/wp\/v2\/media\/1891"}],"wp:attachment":[{"href":"https:\/\/www.apdha.org\/sevilla\/wp-json\/wp\/v2\/media?parent=1890"}],"wp:term":[{"taxonomy":"category","embeddable":true,"href":"https:\/\/www.apdha.org\/sevilla\/wp-json\/wp\/v2\/categories?post=1890"},{"taxonomy":"post_tag","embeddable":true,"href":"https:\/\/www.apdha.org\/sevilla\/wp-json\/wp\/v2\/tags?post=1890"}],"curies":[{"name":"wp","href":"https:\/\/api.w.org\/{rel}","templated":true}]}}