{"id":1893,"date":"2021-02-04T13:06:49","date_gmt":"2021-02-04T11:06:49","guid":{"rendered":"https:\/\/www.apdha.org\/sevilla\/?p=1893"},"modified":"2021-02-04T13:10:11","modified_gmt":"2021-02-04T11:10:11","slug":"viii-marcha-por-la-dignidad-de-tarajal-en-sevilla","status":"publish","type":"post","link":"https:\/\/www.apdha.org\/sevilla\/viii-marcha-por-la-dignidad-de-tarajal-en-sevilla\/","title":{"rendered":"VIII Marcha Por la Dignidad de Tarajal en Sevilla"},"content":{"rendered":"<p>El pr\u00f3ximo 6 de febrero de 2021 se realizar\u00e1 la VIII Marcha por la Dignidad, en memoria de las 15 personas que tr\u00e1gicamente perdieron su vida en El Tarajal el 6 de febrero de 2014.<\/p>\n<p>Tal y como indica el lema de este a\u00f1o\u00a0<strong><em>\u201cFrente a las pol\u00edticas de muerte: MEMORIA, VIDA Y DERECHOS\u201d<\/em><\/strong>, adem\u00e1s de exigir justicia y mantener viva la llama de la memoria, queremos visibilizar que\u00a0<strong><a href=\"https:\/\/docs.google.com\/forms\/d\/e\/1FAIpQLSf5idsbCVyMhnjd61P5QcmBGRErTSqwX5o8NnhSvIG8ITBAnQ\/viewform\">somos miles de personas<\/a>\u00a0<\/strong>las que seguimos defendiendo la democracia, la justicia, la igualdad, la diversidad, la solidaridad, la convivencia, el respeto, la pluralidad\u2026<\/p>\n<p>Este 2021, no podremos realizar la<strong>\u00a0<a href=\"https:\/\/www.facebook.com\/VIIIMARCHAPORLADIGNIDAD\">VIII Marcha en Ceuta<\/a><\/strong>\u00a0de\u00a0manera presencial como nos gustar\u00eda, acogiendo a centenares\u00a0de personas que se desplazaban desde diferentes territorios\u00a0para recorrer, juntas, las calles.\u00a0Sin embargo, llevamos meses\u00a0<a href=\"https:\/\/drive.google.com\/file\/d\/1O8PeRAUZZqP7-SV6rwj9O0VCEb43UoTS\/view\">planteando alternativas<\/a>\u00a0para que,\u00a0desde\u00a0<strong><a href=\"https:\/\/www.google.com\/maps\/d\/u\/0\/viewer?mid=1cUZ6yzYiMHCWWYLX-EvK2igW8203z4WR&amp;ll=36.132293808478856%2C-7.199978999999987&amp;z=5\">diferentes ciudades<\/a><\/strong>, podamos compartir acciones,\u00a0s\u00edmbolos y gestos.<\/p>\n<p>Estas son las ACCIONES programadas para SEVILLA:<\/p>\n<ul>\n<li><strong>Viernes, 5 de febrero de 2021 a las 19:00h.<\/strong> Mesa redonda &gt; Streaming &gt; <\/li>\n<\/ul>\n<p><a href=\"https:\/\/www.apdha.org\/sevilla\/wp-content\/uploads\/WhatsApp-Image-2021-02-03-at-14.00.46.jpeg\"><img loading=\"lazy\" decoding=\"async\" class=\"aligncenter size-medium wp-image-1894\" src=\"https:\/\/www.apdha.org\/sevilla\/wp-content\/uploads\/WhatsApp-Image-2021-02-03-at-14.00.46-214x300.jpeg\" alt=\"WhatsApp Image 2021-02-03 at 14.00.46\" width=\"214\" height=\"300\" srcset=\"https:\/\/www.apdha.org\/sevilla\/wp-content\/uploads\/WhatsApp-Image-2021-02-03-at-14.00.46-214x300.jpeg 214w, https:\/\/www.apdha.org\/sevilla\/wp-content\/uploads\/WhatsApp-Image-2021-02-03-at-14.00.46-768x1076.jpeg 768w, https:\/\/www.apdha.org\/sevilla\/wp-content\/uploads\/WhatsApp-Image-2021-02-03-at-14.00.46-731x1024.jpeg 731w, https:\/\/www.apdha.org\/sevilla\/wp-content\/uploads\/WhatsApp-Image-2021-02-03-at-14.00.46-107x150.jpeg 107w, https:\/\/www.apdha.org\/sevilla\/wp-content\/uploads\/WhatsApp-Image-2021-02-03-at-14.00.46.jpeg 1142w\" sizes=\"auto, (max-width: 214px) 100vw, 214px\" \/><\/a><\/p>\n<ul>\n<li><strong>S\u00e1bado, 6 de febrero de 2021 a las 12:00h.<\/strong> Concentraci\u00f3n &gt; Muelle de la Sal (Monumento a la Tolerancia).<\/li>\n<\/ul>\n<p><a href=\"https:\/\/www.apdha.org\/sevilla\/wp-content\/uploads\/WhatsApp-Image-2021-02-04-at-11.43.18.jpeg\"><img loading=\"lazy\" decoding=\"async\" class=\"aligncenter size-medium wp-image-1895\" src=\"https:\/\/www.apdha.org\/sevilla\/wp-content\/uploads\/WhatsApp-Image-2021-02-04-at-11.43.18-212x300.jpeg\" alt=\"WhatsApp Image 2021-02-04 at 11.43.18\" width=\"212\" height=\"300\" srcset=\"https:\/\/www.apdha.org\/sevilla\/wp-content\/uploads\/WhatsApp-Image-2021-02-04-at-11.43.18-212x300.jpeg 212w, https:\/\/www.apdha.org\/sevilla\/wp-content\/uploads\/WhatsApp-Image-2021-02-04-at-11.43.18-768x1086.jpeg 768w, https:\/\/www.apdha.org\/sevilla\/wp-content\/uploads\/WhatsApp-Image-2021-02-04-at-11.43.18-724x1024.jpeg 724w, https:\/\/www.apdha.org\/sevilla\/wp-content\/uploads\/WhatsApp-Image-2021-02-04-at-11.43.18-106x150.jpeg 106w, https:\/\/www.apdha.org\/sevilla\/wp-content\/uploads\/WhatsApp-Image-2021-02-04-at-11.43.18.jpeg 1131w\" sizes=\"auto, (max-width: 212px) 100vw, 212px\" \/><\/a><\/p>\n<table>\n<tbody>\n<tr>\n<td colspan=\"3\" width=\"576\"><strong>PROTOCOLO DE SEGURIDAD SANITARIA<\/strong><\/td>\n<\/tr>\n<tr>\n<td width=\"192\"><strong>Antes<\/strong><\/p>\n<p>&#8211; Estar atenta a cualquier s\u00edntoma de COVID-19.<\/p>\n<p>&#8211; Si tienes s\u00edntomas de COVID-19, no vengas.<\/p>\n<p>&#8211; Evitar espacios cerrados con multitud de gente.<\/p>\n<p>&#8211; Mantener la distancia de seguridad y llevar mascarilla siempre.<\/p>\n<p>&#8211; Evitar acudir a la concentraci\u00f3n en transporte p\u00fablico (si es posible), venir andando o en bici.<\/p>\n<p>&nbsp;<\/td>\n<td width=\"192\"><strong>Durante<\/strong><\/p>\n<p>&#8211; Acudir con mascarilla, tu propio gel desinfectante, agua y cartel.<\/p>\n<p>&#8211; No quitarse la mascarilla en toda la actividad.<\/p>\n<p>&#8211; Queda prohibido fumar en el espacio de la concentraci\u00f3n.<\/p>\n<p>&#8211; Escuchar las indicaciones de las organizadoras.<\/p>\n<p>&#8211; Mantener la distancia de seguridad de 1\u20195-2 metros.<\/p>\n<p>&nbsp;<\/td>\n<td width=\"192\"><strong>Despu\u00e9s<\/strong><\/p>\n<p>&#8211; Estar atento a s\u00edntomas de COVID-19 y notificarlo a las organizadoras (redes sociales, correo).<\/p>\n<p>&#8211; Estar atento a las redes sociales de las organizadoras para posibles avisos de contagios.<\/p>\n<p>&nbsp;<\/td>\n<\/tr>\n<\/tbody>\n<\/table>\n<ul>\n<li><strong>Si no puedes acudir<\/strong> debido a los confinamientos perimetrales y restricciones por la Covid, manda tu(s) foto(s) y\/o v\u00eddeo(s) a <a href=\"mailto:sevillatarajal2021@gmail.com\"><strong>sevillatarajal2021@gmail.com<\/strong><\/a> antes del 6 de febrero para poder incorporarlos al montaje audiovisual que se realizar\u00e1 con todo lo recibido.<\/li>\n<\/ul>\n<p>M\u00e1s info: <a href=\"https:\/\/www.apdha.org\/cadiz\/wp-content\/uploads\/DOSSIER-TARAJAL.pdf\">DOSSIER INFORMATIVO TARAJAL<\/a><\/p>\n<p>\u00a1An\u00edmate a visibilizar y denunciar la injusticia!<\/p>\n<p>#TarajalNoOlvidamos<\/p>\n","protected":false},"excerpt":{"rendered":"<p>El pr\u00f3ximo 6 de febrero de 2021 se realizar\u00e1 la VIII Marcha por la Dignidad, en memoria de las 15 personas que tr\u00e1gicamente perdieron su vida en El Tarajal el 6 de febrero de 2014. Tal y como indica el lema de este a\u00f1o\u00a0\u201cFrente a las pol\u00edticas de muerte: MEMORIA, \u2026<\/p>\n<p> <a class=\"continue-reading-link\" href=\"https:\/\/www.apdha.org\/sevilla\/viii-marcha-por-la-dignidad-de-tarajal-en-sevilla\/\">Seguir Leyendo<i class=\"icon-right-dir\"><\/i><\/a><\/p>\n","protected":false},"author":1,"featured_media":1894,"comment_status":"closed","ping_status":"closed","sticky":false,"template":"","format":"standard","meta":{"footnotes":""},"categories":[1],"tags":[],"class_list":["post-1893","post","type-post","status-publish","format-standard","has-post-thumbnail","hentry","category-comunicados"],"_links":{"self":[{"href":"https:\/\/www.apdha.org\/sevilla\/wp-json\/wp\/v2\/posts\/1893","targetHints":{"allow":["GET"]}}],"collection":[{"href":"https:\/\/www.apdha.org\/sevilla\/wp-json\/wp\/v2\/posts"}],"about":[{"href":"https:\/\/www.apdha.org\/sevilla\/wp-json\/wp\/v2\/types\/post"}],"author":[{"embeddable":true,"href":"https:\/\/www.apdha.org\/sevilla\/wp-json\/wp\/v2\/users\/1"}],"replies":[{"embeddable":true,"href":"https:\/\/www.apdha.org\/sevilla\/wp-json\/wp\/v2\/comments?post=1893"}],"version-history":[{"count":4,"href":"https:\/\/www.apdha.org\/sevilla\/wp-json\/wp\/v2\/posts\/1893\/revisions"}],"predecessor-version":[{"id":1899,"href":"https:\/\/www.apdha.org\/sevilla\/wp-json\/wp\/v2\/posts\/1893\/revisions\/1899"}],"wp:featuredmedia":[{"embeddable":true,"href":"https:\/\/www.apdha.org\/sevilla\/wp-json\/wp\/v2\/media\/1894"}],"wp:attachment":[{"href":"https:\/\/www.apdha.org\/sevilla\/wp-json\/wp\/v2\/media?parent=1893"}],"wp:term":[{"taxonomy":"category","embeddable":true,"href":"https:\/\/www.apdha.org\/sevilla\/wp-json\/wp\/v2\/categories?post=1893"},{"taxonomy":"post_tag","embeddable":true,"href":"https:\/\/www.apdha.org\/sevilla\/wp-json\/wp\/v2\/tags?post=1893"}],"curies":[{"name":"wp","href":"https:\/\/api.w.org\/{rel}","templated":true}]}}