{"id":1900,"date":"2021-02-04T22:07:12","date_gmt":"2021-02-04T20:07:12","guid":{"rendered":"https:\/\/www.apdha.org\/sevilla\/?p=1900"},"modified":"2021-02-04T22:11:06","modified_gmt":"2021-02-04T20:11:06","slug":"fondos-europeos-para-las-personas-y-la-vida","status":"publish","type":"post","link":"https:\/\/www.apdha.org\/sevilla\/fondos-europeos-para-las-personas-y-la-vida\/","title":{"rendered":"Fondos europeos para las personas y la vida"},"content":{"rendered":"<h3><a href=\"https:\/\/www.apdha.org\/sevilla\/wp-content\/uploads\/P1300038-1.jpg\"><img loading=\"lazy\" decoding=\"async\" class=\"alignleft size-large wp-image-1902\" src=\"https:\/\/www.apdha.org\/sevilla\/wp-content\/uploads\/P1300038-1-1024x576.jpg\" alt=\"\" width=\"900\" height=\"506\" srcset=\"https:\/\/www.apdha.org\/sevilla\/wp-content\/uploads\/P1300038-1-1024x576.jpg 1024w, https:\/\/www.apdha.org\/sevilla\/wp-content\/uploads\/P1300038-1-300x169.jpg 300w, https:\/\/www.apdha.org\/sevilla\/wp-content\/uploads\/P1300038-1-768x432.jpg 768w, https:\/\/www.apdha.org\/sevilla\/wp-content\/uploads\/P1300038-1-150x84.jpg 150w\" sizes=\"auto, (max-width: 900px) 100vw, 900px\" \/><\/a><\/h3>\n<h3>La Asociaci\u00f3n Pro Derechos Humanos de Andaluc\u00eda (Sevilla) participamos el d\u00eda 30 de Enero en la concentraci\u00f3n, frente al Palacio de San Telmo,\u00a0 \u201cPOR UNOS\u00a0 FONDOS EUROPEOS \u00a0\u00a0PARA\u00a0\u00a0 \u00a0LAS PERSONAS Y LA VIDA\u201d.<\/h3>\n<p>La importancia para\u00a0 el\u00a0 futuro de las personas \u00a0de esta exigencia \u00a0hizo que \u00a0m\u00e1s de 100 organizaciones\u00a0 (17 en Sevilla) se movilizaran en \u00a030 ciudades del Estado.<\/p>\n<p>Denunciamos\u00a0 que estos fondos van a ir a parar a las mismas corporaciones que han causado la crisis ecol\u00f3gica, socio-econ\u00f3mica y sanitaria que padecemos actualmente.<\/p>\n<p>Reclamamos que estos fondos\u00a0 vayan a parar a quienes aseguren un planeta habitable y digno para la pr\u00f3xima generaci\u00f3n, sin hipotecar su futuro. Exigimos\u00a0 que \u00a0se contraten proyectos de desarrollo local que prioricen la colaboraci\u00f3n p\u00fablico-comunitaria, que \u00a0se prioricen fondos destinados a la transici\u00f3n ecol\u00f3gica y \u00a0vayan, fundamentalmente, para sanidad, educaci\u00f3n, investigaci\u00f3n y cultura.<\/p>\n<p>Exigimos al Gobierno que los fondos europeos para la recuperaci\u00f3n y reactivaci\u00f3n econ\u00f3mica se aprovechen \u00a0para dar un giro de 180 grados a nuestros principios econ\u00f3micos y \u00a0haciendo que est\u00e9n al servicio \u00a0las personas y la vida.<\/p>\n<p><a href=\"https:\/\/www.apdha.org\/sevilla\/wp-content\/uploads\/P1300016.jpg\"><img loading=\"lazy\" decoding=\"async\" class=\"size-medium wp-image-1903\" src=\"https:\/\/www.apdha.org\/sevilla\/wp-content\/uploads\/P1300016-300x203.jpg\" alt=\"OLYMPUS DIGITAL CAMERA\" width=\"300\" height=\"203\" srcset=\"https:\/\/www.apdha.org\/sevilla\/wp-content\/uploads\/P1300016-300x203.jpg 300w, https:\/\/www.apdha.org\/sevilla\/wp-content\/uploads\/P1300016-768x521.jpg 768w, https:\/\/www.apdha.org\/sevilla\/wp-content\/uploads\/P1300016-1024x694.jpg 1024w, https:\/\/www.apdha.org\/sevilla\/wp-content\/uploads\/P1300016-150x102.jpg 150w\" sizes=\"auto, (max-width: 300px) 100vw, 300px\" \/><\/a><\/p>\n<p><a href=\"https:\/\/www.apdha.org\/sevilla\/wp-content\/uploads\/P1300019.jpg\"><img loading=\"lazy\" decoding=\"async\" class=\"alignleft size-medium wp-image-1904\" src=\"https:\/\/www.apdha.org\/sevilla\/wp-content\/uploads\/P1300019-300x241.jpg\" alt=\"\" width=\"300\" height=\"241\" srcset=\"https:\/\/www.apdha.org\/sevilla\/wp-content\/uploads\/P1300019-300x241.jpg 300w, https:\/\/www.apdha.org\/sevilla\/wp-content\/uploads\/P1300019-768x618.jpg 768w, https:\/\/www.apdha.org\/sevilla\/wp-content\/uploads\/P1300019-1024x824.jpg 1024w, https:\/\/www.apdha.org\/sevilla\/wp-content\/uploads\/P1300019-150x121.jpg 150w\" sizes=\"auto, (max-width: 300px) 100vw, 300px\" \/><\/a><\/p>\n<p>&nbsp;<\/p>\n<p>&nbsp;<\/p>\n<p>&nbsp;<\/p>\n<p>&nbsp;<\/p>\n<p>&nbsp;<\/p>\n<p>&nbsp;<\/p>\n<p>Adjuntamos\u00a0 <strong>v\u00eddeos del acto<\/strong>:<\/p>\n<p><a href=\"https:\/\/www.youtube.com\/watch?v=qw6vlshoAk0&amp;feature=youtu.be\">V\u00eddeo vista general del lema desplegado (14&#8243;)<\/a><\/p>\n<p><a href=\"https:\/\/www.youtube.com\/watch?v=S1NhFrP9dFY&amp;feature=youtu.be\">V\u00eddeo lectura del Manifiesto: Parte 1 (2&#8217;25&#8221;):<\/a><\/p>\n<p><a href=\"https:\/\/www.youtube.com\/watch?v=M4MUxZZ4or4&amp;feature=youtu.be\">V\u00eddeo lectura del Manifiesto: Parte 2 (1&#8217;54&#8221;)<\/a><\/p>\n<p><a href=\"https:\/\/www.youtube.com\/watch?v=gXyBqBxxpOI&amp;feature=youtu.be\">V\u00eddeo lectura del Manifiesto: Parte 3 (1&#8217;40&#8221;)<\/a><\/p>\n<p>Algunos<strong> enlaces a art\u00edculos de \u00a0inter\u00e9s<\/strong> sobre los fondos NEXT GENERATION UE.<\/p>\n<blockquote class=\"wp-embedded-content\" data-secret=\"oMxWt47YJP\"><p><a href=\"https:\/\/portaldeandalucia.org\/opinion\/esta-generacion-andaluza\/\">Esta generaci\u00f3n andaluza<\/a><\/p><\/blockquote>\n<p><iframe loading=\"lazy\" class=\"wp-embedded-content\" sandbox=\"allow-scripts\" security=\"restricted\" style=\"position: absolute; clip: rect(1px, 1px, 1px, 1px);\" src=\"https:\/\/portaldeandalucia.org\/opinion\/esta-generacion-andaluza\/embed\/#?secret=oMxWt47YJP\" data-secret=\"oMxWt47YJP\" width=\"600\" height=\"338\" title=\"&#171;Esta generaci\u00f3n andaluza&#187; &#8212; Portal de Andaluc\u00eda\" frameborder=\"0\" marginwidth=\"0\" marginheight=\"0\" scrolling=\"no\"><\/iframe><\/p>\n<p><a href=\"https:\/\/www.elsaltodiario.com\/analisis\/nuevos-fondos-europeos-next-generation-capitalismo-verde?\">Los nuevos fondos europeos. \u00bfMan\u00e1 o veneno? Pau Llonch.<\/a><\/p>\n<p><a href=\"https:\/\/www.elsaltodiario.com\/union-europea\/next-generation-ue-plan-recuperacion-europeo-medida-sector-privado\">Uni\u00f3n Europea. Un plan de recuperaci\u00f3n europeo a la medida del sector privado. Blanca Bayas (ODG), Samuel Mart\u00edn-Sosa Rodr\u00edguez y Luis Flores (ambos de Ecologistas en Acci\u00f3n). 2\/1\/2021.<\/a><\/p>\n<blockquote class=\"wp-embedded-content\" data-secret=\"iVd7g0AxtP\"><p><a href=\"https:\/\/www.lamarea.com\/2021\/01\/29\/next-generation-eu-fondos-historicos-luces-sombras\/\">Next Generation EU: unos fondos billonarios hist\u00f3ricos con luces y sombras<\/a><\/p><\/blockquote>\n<p><iframe loading=\"lazy\" class=\"wp-embedded-content\" sandbox=\"allow-scripts\" security=\"restricted\" style=\"position: absolute; clip: rect(1px, 1px, 1px, 1px);\" src=\"https:\/\/www.lamarea.com\/2021\/01\/29\/next-generation-eu-fondos-historicos-luces-sombras\/embed\/#?secret=iVd7g0AxtP\" data-secret=\"iVd7g0AxtP\" width=\"600\" height=\"338\" title=\"\u00abNext Generation EU: unos fondos billonarios hist\u00f3ricos con luces y sombras\u00bb \u2014 lamarea.com\" frameborder=\"0\" marginwidth=\"0\" marginheight=\"0\" scrolling=\"no\"><\/iframe><\/p>\n<blockquote class=\"wp-embedded-content\" data-secret=\"id2OM5xUQs\"><p><a href=\"https:\/\/odg.cat\/es\/campana\/next-generation-eu\/\">Next Generation EU: unos fondos billonarios hist\u00f3ricos con luces y sombras<\/a><\/p><\/blockquote>\n<p><iframe loading=\"lazy\" class=\"wp-embedded-content\" sandbox=\"allow-scripts\" security=\"restricted\" style=\"position: absolute; clip: rect(1px, 1px, 1px, 1px);\" src=\"https:\/\/odg.cat\/es\/campana\/next-generation-eu\/embed\/#?secret=id2OM5xUQs\" data-secret=\"id2OM5xUQs\" width=\"600\" height=\"338\" title=\"\u00abNext Generation EU: unos fondos billonarios hist\u00f3ricos con luces y sombras\u00bb \u2014 ODG\" frameborder=\"0\" marginwidth=\"0\" marginheight=\"0\" scrolling=\"no\"><\/iframe><\/p>\n<p>&nbsp;<\/p>\n","protected":false},"excerpt":{"rendered":"<p>La Asociaci\u00f3n Pro Derechos Humanos de Andaluc\u00eda (Sevilla) participamos el d\u00eda 30 de Enero en la concentraci\u00f3n, frente al Palacio de San Telmo,\u00a0 \u201cPOR UNOS\u00a0 FONDOS EUROPEOS \u00a0\u00a0PARA\u00a0\u00a0 \u00a0LAS PERSONAS Y LA VIDA\u201d. La importancia para\u00a0 el\u00a0 futuro de las personas \u00a0de esta exigencia \u00a0hizo que \u00a0m\u00e1s de 100 organizaciones\u00a0 \u2026<\/p>\n<p> <a class=\"continue-reading-link\" href=\"https:\/\/www.apdha.org\/sevilla\/fondos-europeos-para-las-personas-y-la-vida\/\">Seguir Leyendo<i class=\"icon-right-dir\"><\/i><\/a><\/p>\n","protected":false},"author":1,"featured_media":1901,"comment_status":"closed","ping_status":"closed","sticky":false,"template":"","format":"standard","meta":{"footnotes":""},"categories":[3,74],"tags":[235],"class_list":["post-1900","post","type-post","status-publish","format-standard","has-post-thumbnail","hentry","category-actividades","category-movimientos-sociales-sevilla","tag-fondos-europeos"],"_links":{"self":[{"href":"https:\/\/www.apdha.org\/sevilla\/wp-json\/wp\/v2\/posts\/1900","targetHints":{"allow":["GET"]}}],"collection":[{"href":"https:\/\/www.apdha.org\/sevilla\/wp-json\/wp\/v2\/posts"}],"about":[{"href":"https:\/\/www.apdha.org\/sevilla\/wp-json\/wp\/v2\/types\/post"}],"author":[{"embeddable":true,"href":"https:\/\/www.apdha.org\/sevilla\/wp-json\/wp\/v2\/users\/1"}],"replies":[{"embeddable":true,"href":"https:\/\/www.apdha.org\/sevilla\/wp-json\/wp\/v2\/comments?post=1900"}],"version-history":[{"count":3,"href":"https:\/\/www.apdha.org\/sevilla\/wp-json\/wp\/v2\/posts\/1900\/revisions"}],"predecessor-version":[{"id":1906,"href":"https:\/\/www.apdha.org\/sevilla\/wp-json\/wp\/v2\/posts\/1900\/revisions\/1906"}],"wp:featuredmedia":[{"embeddable":true,"href":"https:\/\/www.apdha.org\/sevilla\/wp-json\/wp\/v2\/media\/1901"}],"wp:attachment":[{"href":"https:\/\/www.apdha.org\/sevilla\/wp-json\/wp\/v2\/media?parent=1900"}],"wp:term":[{"taxonomy":"category","embeddable":true,"href":"https:\/\/www.apdha.org\/sevilla\/wp-json\/wp\/v2\/categories?post=1900"},{"taxonomy":"post_tag","embeddable":true,"href":"https:\/\/www.apdha.org\/sevilla\/wp-json\/wp\/v2\/tags?post=1900"}],"curies":[{"name":"wp","href":"https:\/\/api.w.org\/{rel}","templated":true}]}}