{"id":1909,"date":"2021-02-06T14:36:05","date_gmt":"2021-02-06T12:36:05","guid":{"rendered":"https:\/\/www.apdha.org\/sevilla\/?p=1909"},"modified":"2021-02-06T18:58:34","modified_gmt":"2021-02-06T16:58:34","slug":"comunicado-viii-marcha-tarajal-sevilla","status":"publish","type":"post","link":"https:\/\/www.apdha.org\/sevilla\/comunicado-viii-marcha-tarajal-sevilla\/","title":{"rendered":"Tarajal no olvidamos. Siete a\u00f1os de impunidad."},"content":{"rendered":"<p style=\"text-align: justify;\"><a href=\"https:\/\/www.apdha.org\/sevilla\/wp-content\/uploads\/2021-02-06-Marcha-Dignidad-Sevilla-2.jpeg\"><img loading=\"lazy\" decoding=\"async\" class=\"alignleft size-medium wp-image-1913\" src=\"https:\/\/www.apdha.org\/sevilla\/wp-content\/uploads\/2021-02-06-Marcha-Dignidad-Sevilla-2-300x225.jpeg\" alt=\"2021-02-06 Marcha Dignidad Sevilla 2\" width=\"300\" height=\"225\" srcset=\"https:\/\/www.apdha.org\/sevilla\/wp-content\/uploads\/2021-02-06-Marcha-Dignidad-Sevilla-2-300x225.jpeg 300w, https:\/\/www.apdha.org\/sevilla\/wp-content\/uploads\/2021-02-06-Marcha-Dignidad-Sevilla-2-768x576.jpeg 768w, https:\/\/www.apdha.org\/sevilla\/wp-content\/uploads\/2021-02-06-Marcha-Dignidad-Sevilla-2-1024x768.jpeg 1024w, https:\/\/www.apdha.org\/sevilla\/wp-content\/uploads\/2021-02-06-Marcha-Dignidad-Sevilla-2-150x113.jpeg 150w, https:\/\/www.apdha.org\/sevilla\/wp-content\/uploads\/2021-02-06-Marcha-Dignidad-Sevilla-2.jpeg 2048w\" sizes=\"auto, (max-width: 300px) 100vw, 300px\" \/><\/a><\/p>\n<p style=\"text-align: justify;\"><strong>Sevilla, 6 de febrero de 2021-. <\/strong>La Plataforma Somos Migrantes y Caravana Abriendo Fronteras de Sevilla, por s\u00e9ptimo a\u00f1o consecutivo, exige la responsabilidad de los autores de la muerte de 14 personas en la playa Tarajal (Ceuta), el 6 de febrero de 2014. Adem\u00e1s de la pronta reparaci\u00f3n de las familias de estos ciudadanos, quienes fueron v\u00edctimas de las pol\u00edticas de muerte en aguas del mediterr\u00e1neo. Entre los actos de protesta, ante una problem\u00e1tica que prevalece a d\u00eda de hoy, se ha realizado una <strong><em>Mesa Redonda<\/em><\/strong> el viernes 5 de febrero a las 19h, a cuyo streaming se puede acceder en Facebook <a href=\"https:\/\/www.facebook.com\/VIIIMARCHAPORLADIGNIDAD\">https:\/\/www.facebook.com\/VIIIMARCHAPORLADIGNIDAD<\/a>, y en Twitter <a href=\"https:\/\/twitter.com\/marchaporladig1\">https:\/\/twitter.com\/marchaporladig1<\/a>. Sumado a la <strong><em>concentraci\u00f3n VIII Marcha por la Dignidad 2021,<\/em><\/strong> de hoy, s\u00e1bado 6 de febrero a las 12h, en el Muelle de la Sal (Monumento de la Tolerancia).\u00a0 Momento en el cual se \u00a0ha le\u00eddo un manifiesto, y se han llevado a cabo otras actividades, en memoria de dichos fallecidos en el mar.<\/p>\n<p style=\"text-align: justify;\"><a href=\"https:\/\/www.apdha.org\/sevilla\/wp-content\/uploads\/2021-02-06-Marcha-Dignidad-Sevilla-1.jpeg\"><img loading=\"lazy\" decoding=\"async\" class=\"alignleft size-medium wp-image-1912\" src=\"https:\/\/www.apdha.org\/sevilla\/wp-content\/uploads\/2021-02-06-Marcha-Dignidad-Sevilla-1-300x225.jpeg\" alt=\"2021-02-06 Marcha Dignidad Sevilla 1\" width=\"300\" height=\"225\" srcset=\"https:\/\/www.apdha.org\/sevilla\/wp-content\/uploads\/2021-02-06-Marcha-Dignidad-Sevilla-1-300x225.jpeg 300w, https:\/\/www.apdha.org\/sevilla\/wp-content\/uploads\/2021-02-06-Marcha-Dignidad-Sevilla-1-768x576.jpeg 768w, https:\/\/www.apdha.org\/sevilla\/wp-content\/uploads\/2021-02-06-Marcha-Dignidad-Sevilla-1-1024x768.jpeg 1024w, https:\/\/www.apdha.org\/sevilla\/wp-content\/uploads\/2021-02-06-Marcha-Dignidad-Sevilla-1-150x113.jpeg 150w, https:\/\/www.apdha.org\/sevilla\/wp-content\/uploads\/2021-02-06-Marcha-Dignidad-Sevilla-1.jpeg 2048w\" sizes=\"auto, (max-width: 300px) 100vw, 300px\" \/><\/a><\/p>\n<p style=\"text-align: justify;\">Un a\u00f1o m\u00e1s en el que m\u00e1s de 260 colectivos y asociaciones de distintos territorios (<strong>bit.ly\/mapatarajal2021<\/strong>) denuncian las pol\u00edticas de muerte que van ligadas a la externalizaci\u00f3n de las fronteras, las devoluciones en caliente y expr\u00e9s, los vuelos de deportaci\u00f3n, al discurso racista y xen\u00f3fobo, as\u00ed como a la falta de recursos de acogida y la poca atenci\u00f3n humanitaria.<\/p>\n<p style=\"text-align: justify;\">La <strong><em>VIII Marcha por la Dignidad 2021<\/em><\/strong>, hace hincapi\u00e9 en la vulneraci\u00f3n sistem\u00e1tica de derechos humanos en la frontera sur de Espa\u00f1a. Y denuncia adem\u00e1s las inconsistencias de la actual la ley de extranjer\u00eda, que justifica los reconocimientos por perfil racial, los CIES, y las trabas a las gestiones administrativas que permiten la regularizaci\u00f3n.<\/p>\n<p style=\"text-align: justify;\"><strong><em>\u00a1Ninguna personas es ilegal!, \u00a1Derechos humanos en las fronteras!, \u00a1Tomas las vidas valen lo mismo!<\/em><\/strong> son algunas de las consignas que han acompa\u00f1ado la concentraci\u00f3n del 6 de febrero en el Muelle de la Sal. Se trata de un llamado a que el Gobierno espa\u00f1ol respete los derechos de todas las personas migrantes o refugiados, entre estos, el derecho a la libre circulaci\u00f3n, al permiso de residencia, y a la acogida de estos en pos de la hospitalidad cuya mirada se centra en la mejora de las relaciones de igualdad.<\/p>\n<p><a href=\"https:\/\/www.apdha.org\/sevilla\/wp-content\/uploads\/Manifiesto-Marcha-por-la-dignidad-2021.pdf\">Manifiesto Marcha por la Dignidad 2021<\/a><\/p>\n<p><a href=\"https:\/\/www.facebook.com\/media\/set\/?vanity=APDHAenSevilla&amp;set=a.2295620090561871\">Fotos en Facebook<\/a><\/p>\n","protected":false},"excerpt":{"rendered":"<p>Sevilla, 6 de febrero de 2021-. La Plataforma Somos Migrantes y Caravana Abriendo Fronteras de Sevilla, por s\u00e9ptimo a\u00f1o consecutivo, exige la responsabilidad de los autores de la muerte de 14 personas en la playa Tarajal (Ceuta), el 6 de febrero de 2014. Adem\u00e1s de la pronta reparaci\u00f3n de las \u2026<\/p>\n<p> <a class=\"continue-reading-link\" href=\"https:\/\/www.apdha.org\/sevilla\/comunicado-viii-marcha-tarajal-sevilla\/\">Seguir Leyendo<i class=\"icon-right-dir\"><\/i><\/a><\/p>\n","protected":false},"author":1,"featured_media":1913,"comment_status":"closed","ping_status":"closed","sticky":false,"template":"","format":"standard","meta":{"footnotes":""},"categories":[3,1],"tags":[73,59,100],"class_list":["post-1909","post","type-post","status-publish","format-standard","has-post-thumbnail","hentry","category-actividades","category-comunicados","tag-marchas-de-la-dignidad","tag-somos-migrantes","tag-tarajal"],"_links":{"self":[{"href":"https:\/\/www.apdha.org\/sevilla\/wp-json\/wp\/v2\/posts\/1909","targetHints":{"allow":["GET"]}}],"collection":[{"href":"https:\/\/www.apdha.org\/sevilla\/wp-json\/wp\/v2\/posts"}],"about":[{"href":"https:\/\/www.apdha.org\/sevilla\/wp-json\/wp\/v2\/types\/post"}],"author":[{"embeddable":true,"href":"https:\/\/www.apdha.org\/sevilla\/wp-json\/wp\/v2\/users\/1"}],"replies":[{"embeddable":true,"href":"https:\/\/www.apdha.org\/sevilla\/wp-json\/wp\/v2\/comments?post=1909"}],"version-history":[{"count":5,"href":"https:\/\/www.apdha.org\/sevilla\/wp-json\/wp\/v2\/posts\/1909\/revisions"}],"predecessor-version":[{"id":1917,"href":"https:\/\/www.apdha.org\/sevilla\/wp-json\/wp\/v2\/posts\/1909\/revisions\/1917"}],"wp:featuredmedia":[{"embeddable":true,"href":"https:\/\/www.apdha.org\/sevilla\/wp-json\/wp\/v2\/media\/1913"}],"wp:attachment":[{"href":"https:\/\/www.apdha.org\/sevilla\/wp-json\/wp\/v2\/media?parent=1909"}],"wp:term":[{"taxonomy":"category","embeddable":true,"href":"https:\/\/www.apdha.org\/sevilla\/wp-json\/wp\/v2\/categories?post=1909"},{"taxonomy":"post_tag","embeddable":true,"href":"https:\/\/www.apdha.org\/sevilla\/wp-json\/wp\/v2\/tags?post=1909"}],"curies":[{"name":"wp","href":"https:\/\/api.w.org\/{rel}","templated":true}]}}