{"id":1918,"date":"2021-02-09T20:35:46","date_gmt":"2021-02-09T18:35:46","guid":{"rendered":"https:\/\/www.apdha.org\/sevilla\/?p=1918"},"modified":"2021-02-10T00:20:18","modified_gmt":"2021-02-09T22:20:18","slug":"derecho-a-la-salud-no-somos-culpables-que-se-busquen-otra-excusa","status":"publish","type":"post","link":"https:\/\/www.apdha.org\/sevilla\/derecho-a-la-salud-no-somos-culpables-que-se-busquen-otra-excusa\/","title":{"rendered":"Derecho a la Salud. No somos culpables, que se busquen otra excusa. MACARENA OLID"},"content":{"rendered":"<p><strong><a href=\"https:\/\/www.apdha.org\/sevilla\/wp-content\/uploads\/salud-p\u00fablica-ca.jpeg\"><img loading=\"lazy\" decoding=\"async\" class=\"alignleft size-medium wp-image-1924\" src=\"https:\/\/www.apdha.org\/sevilla\/wp-content\/uploads\/salud-p\u00fablica-ca-300x172.jpeg\" alt=\"salud p\u00fablica ca\" width=\"300\" height=\"172\" srcset=\"https:\/\/www.apdha.org\/sevilla\/wp-content\/uploads\/salud-p\u00fablica-ca-300x172.jpeg 300w, https:\/\/www.apdha.org\/sevilla\/wp-content\/uploads\/salud-p\u00fablica-ca-150x86.jpeg 150w, https:\/\/www.apdha.org\/sevilla\/wp-content\/uploads\/salud-p\u00fablica-ca.jpeg 659w\" sizes=\"auto, (max-width: 300px) 100vw, 300px\" \/><\/a>Nefasta gesti\u00f3n de la pandemia y criminalizaci\u00f3n de la poblaci\u00f3n como respuesta (*).<\/strong><\/p>\n<p style=\"text-align: justify;\">La pandemia por coronavirus nos pill\u00f3 a todas por sorpresa. Estamos hablando de principios de marzo del a\u00f1o 2020, no sab\u00edamos a lo que nos enfrent\u00e1bamos y pas\u00f3 lo que pas\u00f3: descontrol, desatenci\u00f3n, colapso de todos los servicios p\u00fablicos. Con ello, se pon\u00eda de manifiesto algo que ya se ven\u00eda generando desde hace m\u00e1s de una d\u00e9cada, por los recortes progresivos, la <strong>falta de inversi\u00f3n en todos los sistemas p\u00fablicos y muy especialmente en los servicios de salud p\u00fablica<\/strong>, con una privatizaci\u00f3n progresiva de la misma, en definitiva, con una clara especulaci\u00f3n de la Salud en perjuicio de la mayor\u00eda de las personas.<\/p>\n<p style=\"text-align: justify;\"><strong>La llegada de la pandemia agudiza esta situaci\u00f3n, ya deteriorada. <\/strong>El personal sanitario, muchos de ellos\/as con contratos precarios y mal pagados ha tenido que afrontar estas situaciones, en muchas ocasiones, por encima de lo profesionalmente exigible para atender a todas las personas enfermas por esta pandemia. Ello ha obligado a que otras enfermedades muy graves no hayan podido ser atendidas adecuadamente, entre las cuales, podemos citar los casos de c\u00e1ncer (al menos un 20% se han visto afectados\/as, por retraso en los tratamientos y la falta de un diagn\u00f3stico y detecci\u00f3n precoz).<\/p>\n<p style=\"text-align: justify;\">Ya se habla abiertamente, desde diferentes gobiernos, entre ellos el andaluz, de la necesidad de derivar al sistema privado. Eso no es nuevo, ya se estaba haciendo desde hace mucho tiempo y no por las graves situaciones que genera esta pandemia. La cuesti\u00f3n central, es que una vez m\u00e1s, <strong>se opta por la privatizaci\u00f3n<\/strong> de algo tan importante como es la Salud, para el enriquecimiento de los intereses privados, de las grandes corporaciones que cada vez van controlando el sistema de salud, en perjuicio de la gran mayor\u00eda social.<\/p>\n<p style=\"text-align: justify;\">Olvidan en los an\u00e1lisis que se realizan, las condiciones sociales y econ\u00f3micas, en que viven muchas personas y familias. Ning\u00fan gobierno puede, ni debe, eximirse de sus responsabilidades y menos tratar de responsabilizar la poblaci\u00f3n de sus pat\u00e9ticas actuaciones.<\/p>\n<p style=\"text-align: justify;\">En el momento actual, <strong>ante la inoperancia manifiesta de muchos de estos pol\u00edticos, y su falta de esfuerzo por buscar soluciones<span style=\"text-decoration: line-through;\">,<\/span> que primen el inter\u00e9s general y no sus intereses espurios y partidistas, se responsabiliza, en gran medida, a la propia poblaci\u00f3n de los nuevos rebrotes.<\/strong> Ante esta tercera ola que est\u00e1 produciendo numerosos contagios y muertes, se contin\u00faa realizando un an\u00e1lisis simplista: estamos en estas circunstancias por culpa de las reuniones navide\u00f1as. Y yo me pregunto: \u00bfpor comer con mi familia, de verdad, yo soy la culpable?<\/p>\n<p style=\"text-align: justify;\"><strong>No somos culpables de la nefasta gesti\u00f3n que se est\u00e1 haciendo de la pandemia, la clase pol\u00edtica no est\u00e1 a la altura de las circunstancias, transmite mensajes contradictorios y confusos a la poblaci\u00f3n, son incapaces de conseguir consenso, en un momento tan decisivo, y s\u00f3lo buscan el r\u00e9dito pol\u00edtico.<\/strong> En el caso de <strong>Andaluc\u00eda<\/strong> recomiendan el confinamiento domiciliario como un acto de responsabilidad, pero <strong>est\u00e1 permitido romper el cierre perimetral entre provincias para poder ir a esquiar o cazar.<\/strong> Es incompresible como cierran municipios por el alto n\u00famero de contagios, pero puedes salir para realizar estas dos actividades, para nada esenciales. Las restricciones se convierten en una cuesti\u00f3n de clase social, y como siempre, las m\u00e1s pobres salen perdiendo. No se ha reforzado la atenci\u00f3n primaria como primer escal\u00f3n para detecci\u00f3n precoz de la covid, esto no importa\u2026<\/p>\n<p style=\"text-align: justify;\"><strong>Si la cosa no ha ido a peor, es por la responsabilidad de todas, por la entrega absoluta del personal sanitario, la solidaridad, las redes de apoyo mutuo y el gran sentido de cuidados, que la gran mayor\u00eda de las personas tenemos<\/strong>. El a\u00f1o 2021 viene con al menos un gran reto, defender la sanidad p\u00fablica.<\/p>\n<p style=\"text-align: justify;\"><strong>\u00a0\u00a1Por un sistema p\u00fablico de calidad, por una salud digna!<\/strong><\/p>\n<p style=\"text-align: justify;\"><a href=\"https:\/\/www.apdha.org\/sevilla\/wp-content\/uploads\/Salud-no-negocio.jpg\"><img loading=\"lazy\" decoding=\"async\" class=\"alignleft size-medium wp-image-1920\" src=\"https:\/\/www.apdha.org\/sevilla\/wp-content\/uploads\/Salud-no-negocio-300x139.jpg\" alt=\"Salud no negocio\" width=\"300\" height=\"139\" srcset=\"https:\/\/www.apdha.org\/sevilla\/wp-content\/uploads\/Salud-no-negocio-300x139.jpg 300w, https:\/\/www.apdha.org\/sevilla\/wp-content\/uploads\/Salud-no-negocio-150x70.jpg 150w, https:\/\/www.apdha.org\/sevilla\/wp-content\/uploads\/Salud-no-negocio.jpg 700w\" sizes=\"auto, (max-width: 300px) 100vw, 300px\" \/><\/a><\/p>\n<p style=\"text-align: justify;\">Termino contando mi experiencia personal. Lo que sigue ahora no lo he le\u00eddo, lo he vivido. Es el <strong>\u201cDiario de una COVID\u201d:<\/strong><\/p>\n<p style=\"text-align: justify;\"><em>El d\u00eda 2 de enero del 2021 una familiar dio positivo en COVID-19. En ese momento toda la familia se moviliz\u00f3: avisar a los contactos cercanos de cada una, pruebas de ant\u00edgenos por lo privado para conocer el alcance lo m\u00e1s r\u00e1pido posible, confinamiento de todas las personas que hemos sido contacto directo, etc. Despu\u00e9s de horas llamando a los diferentes tel\u00e9fonos habilitados para dar a conocer la situaci\u00f3n y que nos dieran las indicaciones oportunas, NADIE nos coge el tel\u00e9fono, y digo NADIE porque es NADIE.\u00a0 <\/em><\/p>\n<p style=\"text-align: justify;\"><em>\u00a0<\/em><em>Me encontr\u00e9 en la obligaci\u00f3n de romper el confinamiento para acudir presencialmente al centro de salud para que me llamasen de urgencias, no tienes otra opci\u00f3n. Y no lo romp\u00ed una vez sino dos, porque en ese momento no hab\u00eda pediatras y ten\u00eda que volver al d\u00eda siguiente. Quiere decir, que despu\u00e9s de un contacto directo con una persona positiva tuve que salir a la calle para ir de nuevo al centro de salud para conseguir una cita de tel\u00e9fono por urgencias. De verdad, lo cuento y no me lo creo todav\u00eda, pero esto no es lo peor. Conseguimos las citas, nos hicieron las PCR el 7 de enero, pero no fue hasta el d\u00eda 13 de enero cuando recibimos la llamada del Centro de Salud. Solo avisan a los negativos por un SMS. El seguimiento por la pediatra fue casi inmediato, pero para las personas adultas NADA de NADA, ni si quiera a mi madre de 70 a\u00f1os de edad. Nos enteramos que eran positivas por el favor de amiga que mir\u00f3 los resultados. La atenci\u00f3n y seguimiento sanitario ha dependido del Centro de Salud, casi una semana despu\u00e9s de dar positivo. El personal sanitario que nos ha atendido ha sido excelente, tenemos una gran suerte de contar con estos grandes profesionales, a pesar del cansancio, la saturaci\u00f3n y el colapso, han hecho que nos sinti\u00e9ramos acompa\u00f1adas.<\/em><\/p>\n<p style=\"text-align: justify;\">Macarena Olid (activista de APDHA Sevilla)<\/p>\n<p style=\"text-align: justify;\">(*) Es una infracci\u00f3n grave el incumplimiento del deber de aislamiento domiciliario acordado por la autoridad sanitaria o, en su caso, del confinamiento decretado, realizando por personas que hayan dado positivo por COVID-19. Esta infracci\u00f3n corresponde a una sanci\u00f3n de multa desde 3.001 hasta 60.000\u20ac (Decreto-Ley 21\/2020 de 4 de agosto).<\/p>\n","protected":false},"excerpt":{"rendered":"<p>Nefasta gesti\u00f3n de la pandemia y criminalizaci\u00f3n de la poblaci\u00f3n como respuesta (*). La pandemia por coronavirus nos pill\u00f3 a todas por sorpresa. Estamos hablando de principios de marzo del a\u00f1o 2020, no sab\u00edamos a lo que nos enfrent\u00e1bamos y pas\u00f3 lo que pas\u00f3: descontrol, desatenci\u00f3n, colapso de todos los \u2026<\/p>\n<p> <a class=\"continue-reading-link\" href=\"https:\/\/www.apdha.org\/sevilla\/derecho-a-la-salud-no-somos-culpables-que-se-busquen-otra-excusa\/\">Seguir Leyendo<i class=\"icon-right-dir\"><\/i><\/a><\/p>\n","protected":false},"author":1,"featured_media":1924,"comment_status":"closed","ping_status":"closed","sticky":false,"template":"","format":"standard","meta":{"footnotes":""},"categories":[5],"tags":[237,23,51,236],"class_list":["post-1918","post","type-post","status-publish","format-standard","has-post-thumbnail","hentry","category-opinion-otros","tag-derechos-a-la-salud","tag-derechos-humanos","tag-emergencia-social","tag-no-somos-culpables"],"_links":{"self":[{"href":"https:\/\/www.apdha.org\/sevilla\/wp-json\/wp\/v2\/posts\/1918","targetHints":{"allow":["GET"]}}],"collection":[{"href":"https:\/\/www.apdha.org\/sevilla\/wp-json\/wp\/v2\/posts"}],"about":[{"href":"https:\/\/www.apdha.org\/sevilla\/wp-json\/wp\/v2\/types\/post"}],"author":[{"embeddable":true,"href":"https:\/\/www.apdha.org\/sevilla\/wp-json\/wp\/v2\/users\/1"}],"replies":[{"embeddable":true,"href":"https:\/\/www.apdha.org\/sevilla\/wp-json\/wp\/v2\/comments?post=1918"}],"version-history":[{"count":6,"href":"https:\/\/www.apdha.org\/sevilla\/wp-json\/wp\/v2\/posts\/1918\/revisions"}],"predecessor-version":[{"id":1928,"href":"https:\/\/www.apdha.org\/sevilla\/wp-json\/wp\/v2\/posts\/1918\/revisions\/1928"}],"wp:featuredmedia":[{"embeddable":true,"href":"https:\/\/www.apdha.org\/sevilla\/wp-json\/wp\/v2\/media\/1924"}],"wp:attachment":[{"href":"https:\/\/www.apdha.org\/sevilla\/wp-json\/wp\/v2\/media?parent=1918"}],"wp:term":[{"taxonomy":"category","embeddable":true,"href":"https:\/\/www.apdha.org\/sevilla\/wp-json\/wp\/v2\/categories?post=1918"},{"taxonomy":"post_tag","embeddable":true,"href":"https:\/\/www.apdha.org\/sevilla\/wp-json\/wp\/v2\/tags?post=1918"}],"curies":[{"name":"wp","href":"https:\/\/api.w.org\/{rel}","templated":true}]}}