{"id":1929,"date":"2021-02-13T13:27:29","date_gmt":"2021-02-13T11:27:29","guid":{"rendered":"https:\/\/www.apdha.org\/sevilla\/?p=1929"},"modified":"2021-02-13T13:27:29","modified_gmt":"2021-02-13T11:27:29","slug":"17-de-febrero-dia-europeo-contra-la-pobreza-energetica-manifestacion-en-sevilla","status":"publish","type":"post","link":"https:\/\/www.apdha.org\/sevilla\/17-de-febrero-dia-europeo-contra-la-pobreza-energetica-manifestacion-en-sevilla\/","title":{"rendered":"17 de febrero d\u00eda europeo contra la pobreza energ\u00e9tica. Manifestaci\u00f3n en Sevilla."},"content":{"rendered":"<p><a href=\"https:\/\/www.apdha.org\/sevilla\/wp-content\/uploads\/17.jpeg\"><img loading=\"lazy\" decoding=\"async\" class=\"aligncenter size-large wp-image-1930\" src=\"https:\/\/www.apdha.org\/sevilla\/wp-content\/uploads\/17-755x1024.jpeg\" alt=\"17\" width=\"755\" height=\"1024\" srcset=\"https:\/\/www.apdha.org\/sevilla\/wp-content\/uploads\/17-755x1024.jpeg 755w, https:\/\/www.apdha.org\/sevilla\/wp-content\/uploads\/17-221x300.jpeg 221w, https:\/\/www.apdha.org\/sevilla\/wp-content\/uploads\/17-768x1042.jpeg 768w, https:\/\/www.apdha.org\/sevilla\/wp-content\/uploads\/17-111x150.jpeg 111w, https:\/\/www.apdha.org\/sevilla\/wp-content\/uploads\/17.jpeg 1179w\" sizes=\"auto, (max-width: 755px) 100vw, 755px\" \/><\/a>El pr\u00f3ximo <strong>17 de febrero, D\u00eda Europeo contra \u201cLA POBREZA ENERG\u00c9TICA\u201d<\/strong>, hay acciones en distintos puntos del Estado en protesta por la situaci\u00f3n intolerable a la que nos somete el entramado privado de la electricidad.<\/p>\n<p>Por un lado la factura de la luz resulta imposible para miles de familias, m\u00e1s en un contexto de paro masivo, protecci\u00f3n social que no llega y miseria creciente. Pero por otro, son muchos barrios obreros los que tienen las infraestructuras el\u00e9ctricas abandonadas, bajo un mantenimiento a base de &#8220;parches&#8221;.<\/p>\n<p>Todo esto genera beneficios millonarios para una minor\u00eda en contraste con la situaci\u00f3n en la que se encuentran millones de familias trabajadoras.<\/p>\n<p><strong>Desde Barrios Hartos y Asociaci\u00f3n Pro Derechos Humanos Andaluc\u00eda (APDHA-Sevilla) llamamos a una manifestaci\u00f3n el 17 de febrero a las 18.00h desde Gran Plaza hasta la oficina comercial de Endesa en C\/Luis Montoto, coincidiendo con decenas de acciones que se desarrollar\u00e1n en otras ciudades.<\/strong><\/p>\n<p>Pensamos que es intolerable que paguemos la luz a precio de lujo a cambio de un servicio del que, en muchos casos, no te puedes fiar para hacer una vida normal.<\/p>\n<p>Al abandono institucional, que pasa por intentos de recortar servicios de transporte p\u00fablico, limpieza deficiente y ataques a los servicios p\u00fablicos como la sanidad y la educaci\u00f3n y servicios sociales, adem\u00e1s del paro y la precariedad, se une la tiran\u00eda de las el\u00e9ctricas.<\/p>\n<p>Esta manifestaci\u00f3n es un paso m\u00e1s en la reclamaci\u00f3n de:<\/p>\n<ul>\n<li>Acci\u00f3n urgente para una inversi\u00f3n masiva y extensa para el aseguramiento del suministro. \u00a1Que se dejen de buscar culpables! Son ellos los que tienen que garantizar el servicio.<\/li>\n<li>Bajada inmediata de los impuestos al recibo de la luz, haciendo que sean las grandes fortunas las que aporten v\u00eda impuestos directos lo que se deje de ingresar. \u00a1Ya basta de machacar a las familias trabajadoras! \u00a1Deben pagar las grandes fortunas!<\/li>\n<li>Nacionalizaci\u00f3n de la producci\u00f3n y distribuci\u00f3n de la energ\u00eda, como un primer paso para controlar y efectuar una transici\u00f3n hacia un sistema racional y respetuoso con el medio ambiente y las personas, donde los actuales beneficios privados se conviertan en servicios p\u00fablicos.<\/li>\n<\/ul>\n<p>VECINO, VECINA: \u00a1ACUDE!<\/p>\n<p>Trae tu hoja de reclamaci\u00f3n, que la puedes hacer t\u00fa mismo, para dejarla en la oficina de Endesa. Mientras m\u00e1s seamos, m\u00e1s visible ser\u00e1 la situaci\u00f3n en la que estamos.<\/p>\n<p>Si necesitas ayuda para la hoja de reclamaci\u00f3n acude a tu plataforma vecinal o escribe a <a href=\"mailto:barrioshartos@gmail.com\">barrioshartos@gmail.com<\/a><\/p>\n<p>\u201cLA POBREZA ENERG\u00c9TICA NO CAE DEL CIELO\u201d (NI SUS BENEFICIOS).<\/p>\n<p><a href=\"https:\/\/www.facebook.com\/APDHAenSevilla\/videos\/410555673578256\">Enlace en facebook del v\u00eddeo difusi\u00f3n de la MANIFESTACI\u00d3N<\/a><\/p>\n","protected":false},"excerpt":{"rendered":"<p>El pr\u00f3ximo 17 de febrero, D\u00eda Europeo contra \u201cLA POBREZA ENERG\u00c9TICA\u201d, hay acciones en distintos puntos del Estado en protesta por la situaci\u00f3n intolerable a la que nos somete el entramado privado de la electricidad. Por un lado la factura de la luz resulta imposible para miles de familias, m\u00e1s \u2026<\/p>\n<p> <a class=\"continue-reading-link\" href=\"https:\/\/www.apdha.org\/sevilla\/17-de-febrero-dia-europeo-contra-la-pobreza-energetica-manifestacion-en-sevilla\/\">Seguir Leyendo<i class=\"icon-right-dir\"><\/i><\/a><\/p>\n","protected":false},"author":1,"featured_media":1930,"comment_status":"closed","ping_status":"closed","sticky":false,"template":"","format":"standard","meta":{"footnotes":""},"categories":[3],"tags":[33,168,17,238],"class_list":["post-1929","post","type-post","status-publish","format-standard","has-post-thumbnail","hentry","category-actividades","tag-apdhasevilla","tag-barrios-hartos","tag-exclusion-social","tag-pobreza-energetica"],"_links":{"self":[{"href":"https:\/\/www.apdha.org\/sevilla\/wp-json\/wp\/v2\/posts\/1929","targetHints":{"allow":["GET"]}}],"collection":[{"href":"https:\/\/www.apdha.org\/sevilla\/wp-json\/wp\/v2\/posts"}],"about":[{"href":"https:\/\/www.apdha.org\/sevilla\/wp-json\/wp\/v2\/types\/post"}],"author":[{"embeddable":true,"href":"https:\/\/www.apdha.org\/sevilla\/wp-json\/wp\/v2\/users\/1"}],"replies":[{"embeddable":true,"href":"https:\/\/www.apdha.org\/sevilla\/wp-json\/wp\/v2\/comments?post=1929"}],"version-history":[{"count":1,"href":"https:\/\/www.apdha.org\/sevilla\/wp-json\/wp\/v2\/posts\/1929\/revisions"}],"predecessor-version":[{"id":1931,"href":"https:\/\/www.apdha.org\/sevilla\/wp-json\/wp\/v2\/posts\/1929\/revisions\/1931"}],"wp:featuredmedia":[{"embeddable":true,"href":"https:\/\/www.apdha.org\/sevilla\/wp-json\/wp\/v2\/media\/1930"}],"wp:attachment":[{"href":"https:\/\/www.apdha.org\/sevilla\/wp-json\/wp\/v2\/media?parent=1929"}],"wp:term":[{"taxonomy":"category","embeddable":true,"href":"https:\/\/www.apdha.org\/sevilla\/wp-json\/wp\/v2\/categories?post=1929"},{"taxonomy":"post_tag","embeddable":true,"href":"https:\/\/www.apdha.org\/sevilla\/wp-json\/wp\/v2\/tags?post=1929"}],"curies":[{"name":"wp","href":"https:\/\/api.w.org\/{rel}","templated":true}]}}