{"id":2009,"date":"2021-09-02T14:12:42","date_gmt":"2021-09-02T12:12:42","guid":{"rendered":"https:\/\/www.apdha.org\/sevilla\/?p=2009"},"modified":"2021-09-02T14:12:42","modified_gmt":"2021-09-02T12:12:42","slug":"somos-migrantes-2021-09-09","status":"publish","type":"post","link":"https:\/\/www.apdha.org\/sevilla\/somos-migrantes-2021-09-09\/","title":{"rendered":"Concentraci\u00f3n para exigir una Reforma del Reglamento de Extranjer\u00eda \u00a1Ya!"},"content":{"rendered":"<p>Tras tantas violaciones de derechos humanos y tantas injusticias en nuestra #FronteraSur , desde la Plataforma &#8220;Somos Migrantes&#8221; venimos con fuerza para decir BASTA.<br \/>\nSi est\u00e1s en Sevilla, s\u00famate a la concentraci\u00f3n para exigir una REFORMA DEL REGLAMENTO DE EXTRANJER\u00cdA, el pr\u00f3ximo 9 de septiembre a las 19:30 en la Plaza de Espa\u00f1a.<\/p>\n<p><a href=\"https:\/\/www.apdha.org\/sevilla\/wp-content\/uploads\/WhatsApp-Image-2021-09-01-at-12.37.54.jpeg\"><img loading=\"lazy\" decoding=\"async\" class=\"aligncenter size-large wp-image-2010\" src=\"https:\/\/www.apdha.org\/sevilla\/wp-content\/uploads\/WhatsApp-Image-2021-09-01-at-12.37.54-724x1024.jpeg\" alt=\"WhatsApp Image 2021-09-01 at 12.37.54\" width=\"724\" height=\"1024\" srcset=\"https:\/\/www.apdha.org\/sevilla\/wp-content\/uploads\/WhatsApp-Image-2021-09-01-at-12.37.54-724x1024.jpeg 724w, https:\/\/www.apdha.org\/sevilla\/wp-content\/uploads\/WhatsApp-Image-2021-09-01-at-12.37.54-212x300.jpeg 212w, https:\/\/www.apdha.org\/sevilla\/wp-content\/uploads\/WhatsApp-Image-2021-09-01-at-12.37.54-768x1087.jpeg 768w, https:\/\/www.apdha.org\/sevilla\/wp-content\/uploads\/WhatsApp-Image-2021-09-01-at-12.37.54-106x150.jpeg 106w, https:\/\/www.apdha.org\/sevilla\/wp-content\/uploads\/WhatsApp-Image-2021-09-01-at-12.37.54.jpeg 1447w\" sizes=\"auto, (max-width: 724px) 100vw, 724px\" \/><\/a><a href=\"https:\/\/www.apdha.org\/sevilla\/wp-content\/uploads\/WhatsApp-Image-2021-09-01-at-12.37.54.jpeg\"><br \/>\n<\/a><\/p>\n","protected":false},"excerpt":{"rendered":"<p>Tras tantas violaciones de derechos humanos y tantas injusticias en nuestra #FronteraSur , desde la Plataforma &#8220;Somos Migrantes&#8221; venimos con fuerza para decir BASTA. Si est\u00e1s en Sevilla, s\u00famate a la concentraci\u00f3n para exigir una REFORMA DEL REGLAMENTO DE EXTRANJER\u00cdA, el pr\u00f3ximo 9 de septiembre a las 19:30 en la \u2026<\/p>\n<p> <a class=\"continue-reading-link\" href=\"https:\/\/www.apdha.org\/sevilla\/somos-migrantes-2021-09-09\/\">Seguir Leyendo<i class=\"icon-right-dir\"><\/i><\/a><\/p>\n","protected":false},"author":1,"featured_media":2010,"comment_status":"closed","ping_status":"closed","sticky":false,"template":"","format":"standard","meta":{"footnotes":""},"categories":[3],"tags":[245,136,27,244],"class_list":["post-2009","post","type-post","status-publish","format-standard","has-post-thumbnail","hentry","category-actividades","tag-infancia-migrante","tag-migraciones","tag-plataforma-somos-migrantes","tag-reformaya"],"_links":{"self":[{"href":"https:\/\/www.apdha.org\/sevilla\/wp-json\/wp\/v2\/posts\/2009","targetHints":{"allow":["GET"]}}],"collection":[{"href":"https:\/\/www.apdha.org\/sevilla\/wp-json\/wp\/v2\/posts"}],"about":[{"href":"https:\/\/www.apdha.org\/sevilla\/wp-json\/wp\/v2\/types\/post"}],"author":[{"embeddable":true,"href":"https:\/\/www.apdha.org\/sevilla\/wp-json\/wp\/v2\/users\/1"}],"replies":[{"embeddable":true,"href":"https:\/\/www.apdha.org\/sevilla\/wp-json\/wp\/v2\/comments?post=2009"}],"version-history":[{"count":2,"href":"https:\/\/www.apdha.org\/sevilla\/wp-json\/wp\/v2\/posts\/2009\/revisions"}],"predecessor-version":[{"id":2012,"href":"https:\/\/www.apdha.org\/sevilla\/wp-json\/wp\/v2\/posts\/2009\/revisions\/2012"}],"wp:featuredmedia":[{"embeddable":true,"href":"https:\/\/www.apdha.org\/sevilla\/wp-json\/wp\/v2\/media\/2010"}],"wp:attachment":[{"href":"https:\/\/www.apdha.org\/sevilla\/wp-json\/wp\/v2\/media?parent=2009"}],"wp:term":[{"taxonomy":"category","embeddable":true,"href":"https:\/\/www.apdha.org\/sevilla\/wp-json\/wp\/v2\/categories?post=2009"},{"taxonomy":"post_tag","embeddable":true,"href":"https:\/\/www.apdha.org\/sevilla\/wp-json\/wp\/v2\/tags?post=2009"}],"curies":[{"name":"wp","href":"https:\/\/api.w.org\/{rel}","templated":true}]}}