{"id":2015,"date":"2021-09-22T12:33:44","date_gmt":"2021-09-22T10:33:44","guid":{"rendered":"https:\/\/www.apdha.org\/sevilla\/?p=2015"},"modified":"2021-09-22T12:33:45","modified_gmt":"2021-09-22T10:33:45","slug":"presentacion-informe-stop-balas-gomas","status":"publish","type":"post","link":"https:\/\/www.apdha.org\/sevilla\/presentacion-informe-stop-balas-gomas\/","title":{"rendered":"Presentaci\u00f3n del informe STOP BALAS DE GOMAS"},"content":{"rendered":"\n<p><strong>Fecha y hora:<\/strong> jueves, 30 de septiembre a las 19,00h<\/p>\n\n\n\n<p><strong>Lugar: <\/strong>Sede APDHA<\/p>\n\n\n\n<p><strong>Organiza: <\/strong>Novact e Iridia<\/p>\n\n\n\n<figure class=\"wp-block-image size-large is-style-default\"><a href=\"https:\/\/www.apdha.org\/sevilla\/wp-content\/uploads\/photo_2021-09-22_12-27-55.jpg\"><img loading=\"lazy\" decoding=\"async\" width=\"1024\" height=\"1024\" src=\"https:\/\/www.apdha.org\/sevilla\/wp-content\/uploads\/photo_2021-09-22_12-27-55-1024x1024.jpg\" alt=\"\" class=\"wp-image-2016\" srcset=\"https:\/\/www.apdha.org\/sevilla\/wp-content\/uploads\/photo_2021-09-22_12-27-55-1024x1024.jpg 1024w, https:\/\/www.apdha.org\/sevilla\/wp-content\/uploads\/photo_2021-09-22_12-27-55-300x300.jpg 300w, https:\/\/www.apdha.org\/sevilla\/wp-content\/uploads\/photo_2021-09-22_12-27-55-150x150.jpg 150w, https:\/\/www.apdha.org\/sevilla\/wp-content\/uploads\/photo_2021-09-22_12-27-55-768x768.jpg 768w, https:\/\/www.apdha.org\/sevilla\/wp-content\/uploads\/photo_2021-09-22_12-27-55.jpg 1080w\" sizes=\"auto, (max-width: 1024px) 100vw, 1024px\" \/><\/a><\/figure>\n\n\n\n<p>En los \u00faltimos veinte a\u00f1os,\u00a0<strong>40 personas han sido v\u00edctimas del uso de balas de goma en el Estado espa\u00f1ol<\/strong>.\u00a0En el caso de I\u00f1igo Cabacas, el impacto de una bala de goma en la cabeza provoc\u00f3 su muerte.\u00a0En la tragedia del Tarajal, el uso de balas de goma contra personas que estaban nadando para cruzar la frontera fue determinante en el resultado de muerte por ahogo de 14 personas m\u00e1s.\u00a0En estas dos \u00faltimas d\u00e9cadas, 11 personas han perdido la visi\u00f3n de un ojo.<\/p>\n\n\n\n<p>Pese a la existencia de varias publicaciones y estudios internacionales en la materia, el an\u00e1lisis sobre el uso de estos proyectiles por parte de las fuerzas y cuerpos de seguridad del Estado espa\u00f1ol sigue siendo hoy un tema de dif\u00edcil conocimiento, dada la flagrante falta de transparencia por parte de las instituciones.<\/p>\n\n\n\n<p><strong>El presente informe expone la afectaci\u00f3n y los impactos que ha generado el uso de las balas de goma en Espa\u00f1a entre los a\u00f1os 2000 y 2020.<\/strong><\/p>\n\n\n\n<p>Para ello se recoge la experiencia y las luchas de las diferentes organizaciones de v\u00edctimas (como Stop Balas de Goma y Ojo con tu Ojo!) Y de los movimientos sociales que, durante a\u00f1os, han abanderado su prohibici\u00f3n, as\u00ed como la voz de personas expertas nacionales e internacionales.<\/p>\n\n\n\n<p>El objetivo es contribuir al debate p\u00fablico, exponiendo que se trata de un arma que, por su imprevisibilidad y aleatoriedad, as\u00ed como por su potencial lesivo, no cumple con los est\u00e1ndares internacionales relativos al uso de la fuerza, por la lo que&nbsp;<strong>se recomienda su prohibici\u00f3n.<\/strong><\/p>\n\n\n\n<p>Si eres una organizaci\u00f3n o colectivo,&nbsp;<strong>puedes apoyar la Campa\u00f1a Stop Balas de Goma firmando el manifiesto para exigir su prohibici\u00f3n<\/strong>, firma&nbsp;<a href=\"https:\/\/sqfajnhuj4i.typeform.com\/to\/lUsn8ru0\"><strong>aqu\u00ed.<\/strong><\/a><\/p>\n\n\n\n<p>Para descargar el&nbsp;<strong>informe completo<\/strong>&nbsp;pulsa&nbsp;<a href=\"https:\/\/novact.org\/wp-content\/uploads\/2021\/06\/Final-Informe-Balas-de-Goma_compressed1.pdf\"><strong>aqu\u00ed<\/strong><\/a>&nbsp;.<\/p>\n\n\n\n<p>Para descargar el&nbsp;<strong>resumen ejecutivo<\/strong>&nbsp;clica&nbsp;<a href=\"https:\/\/novact.org\/wp-content\/uploads\/2021\/06\/RESUMEN_Stop-Balas-Goma_compressed1.pdf\"><strong>aqu\u00ed<\/strong><\/a>&nbsp;.<\/p>\n\n\n\n<p>M\u00e1s informaci\u00f3n en:\u00a0<a href=\"https:\/\/stopbalasdegoma.wordpress.com\/\"><strong>https:\/\/stopbalasdegoma.wordpress.com\/<\/strong><\/a><\/p>\n\n\n\n<div style=\"height:100px\" aria-hidden=\"true\" class=\"wp-block-spacer\"><\/div>\n","protected":false},"excerpt":{"rendered":"<p>Fecha y hora: jueves, 30 de septiembre a las 19,00h Lugar: Sede APDHA Organiza: Novact e Iridia En los \u00faltimos veinte a\u00f1os,\u00a040 personas han sido v\u00edctimas del uso de balas de goma en el Estado espa\u00f1ol.\u00a0En el caso de I\u00f1igo Cabacas, el impacto de una bala de goma en la \u2026<\/p>\n<p> <a class=\"continue-reading-link\" href=\"https:\/\/www.apdha.org\/sevilla\/presentacion-informe-stop-balas-gomas\/\">Seguir Leyendo<i class=\"icon-right-dir\"><\/i><\/a><\/p>\n","protected":false},"author":1,"featured_media":2016,"comment_status":"closed","ping_status":"closed","sticky":false,"template":"","format":"standard","meta":{"footnotes":""},"categories":[3],"tags":[41,10,192],"class_list":["post-2015","post","type-post","status-publish","format-standard","has-post-thumbnail","hentry","category-actividades","tag-nosomosdelito","tag-carceles","tag-derechos-y-libertades"],"_links":{"self":[{"href":"https:\/\/www.apdha.org\/sevilla\/wp-json\/wp\/v2\/posts\/2015","targetHints":{"allow":["GET"]}}],"collection":[{"href":"https:\/\/www.apdha.org\/sevilla\/wp-json\/wp\/v2\/posts"}],"about":[{"href":"https:\/\/www.apdha.org\/sevilla\/wp-json\/wp\/v2\/types\/post"}],"author":[{"embeddable":true,"href":"https:\/\/www.apdha.org\/sevilla\/wp-json\/wp\/v2\/users\/1"}],"replies":[{"embeddable":true,"href":"https:\/\/www.apdha.org\/sevilla\/wp-json\/wp\/v2\/comments?post=2015"}],"version-history":[{"count":2,"href":"https:\/\/www.apdha.org\/sevilla\/wp-json\/wp\/v2\/posts\/2015\/revisions"}],"predecessor-version":[{"id":2018,"href":"https:\/\/www.apdha.org\/sevilla\/wp-json\/wp\/v2\/posts\/2015\/revisions\/2018"}],"wp:featuredmedia":[{"embeddable":true,"href":"https:\/\/www.apdha.org\/sevilla\/wp-json\/wp\/v2\/media\/2016"}],"wp:attachment":[{"href":"https:\/\/www.apdha.org\/sevilla\/wp-json\/wp\/v2\/media?parent=2015"}],"wp:term":[{"taxonomy":"category","embeddable":true,"href":"https:\/\/www.apdha.org\/sevilla\/wp-json\/wp\/v2\/categories?post=2015"},{"taxonomy":"post_tag","embeddable":true,"href":"https:\/\/www.apdha.org\/sevilla\/wp-json\/wp\/v2\/tags?post=2015"}],"curies":[{"name":"wp","href":"https:\/\/api.w.org\/{rel}","templated":true}]}}