{"id":2064,"date":"2021-11-17T12:52:09","date_gmt":"2021-11-17T10:52:09","guid":{"rendered":"https:\/\/www.apdha.org\/sevilla\/?p=2064"},"modified":"2021-11-17T14:40:24","modified_gmt":"2021-11-17T12:40:24","slug":"manifestacion-10-de-diciembre-2021","status":"publish","type":"post","link":"https:\/\/www.apdha.org\/sevilla\/manifestacion-10-de-diciembre-2021\/","title":{"rendered":"MANIFESTACI\u00d3N 10 de diciembre 2021,\u201cPor una vida digna: Derechos para todas\u201d"},"content":{"rendered":"\n<p>&#x1f4e2; Manifestaci\u00f3n D\u00eda de los Derechos Humanos &#8220;Por una vida digna: Derechos para tod@s&#8221;<br>&#x1f4c6; Viernes, 10 de diciembre de 2021<br>&#x23f0; 19:00 horas<br>&#x1f4cd; Plaza Nueva hasta las Setas (Sevilla)<\/p>\n\n\n\n<figure class=\"wp-block-image size-large is-resized\"><a href=\"https:\/\/www.apdha.org\/sevilla\/wp-content\/uploads\/20211210-mani-10D21.jpeg\"><img decoding=\"async\" src=\"https:\/\/www.apdha.org\/sevilla\/wp-content\/uploads\/20211210-mani-10D21-749x1024.jpeg\" alt=\"\" class=\"wp-image-2065\" width=\"500\" srcset=\"https:\/\/www.apdha.org\/sevilla\/wp-content\/uploads\/20211210-mani-10D21-749x1024.jpeg 749w, https:\/\/www.apdha.org\/sevilla\/wp-content\/uploads\/20211210-mani-10D21-219x300.jpeg 219w, https:\/\/www.apdha.org\/sevilla\/wp-content\/uploads\/20211210-mani-10D21-768x1050.jpeg 768w, https:\/\/www.apdha.org\/sevilla\/wp-content\/uploads\/20211210-mani-10D21-1123x1536.jpeg 1123w, https:\/\/www.apdha.org\/sevilla\/wp-content\/uploads\/20211210-mani-10D21-110x150.jpeg 110w, https:\/\/www.apdha.org\/sevilla\/wp-content\/uploads\/20211210-mani-10D21.jpeg 1170w\" sizes=\"(max-width: 749px) 100vw, 749px\" \/><\/a><\/figure>\n\n\n\n<p>El pr\u00f3ximo 10 de diciembre, d\u00eda de los DERECHOS HUMANOS, nos manifestaremos en Sevilla bajo el lema <strong>\u201cPOR UNA VIDA DIGNA: DERECHOS PARA TOD@S\u201d<\/strong>. El a\u00f1o pasado, por la pandemia, limitamos nuestra presencia en la calle a una concentraci\u00f3n en Plaza Nueva. Este a\u00f1o creemos que ya se dan las condiciones para volver a manifestarnos y nos gustar\u00eda contar, como en a\u00f1os anteriores, con la participaci\u00f3n activa de muchos de los colectivos y plataformas que trabajan, cada d\u00eda, por la defensa activa de los derechos de las personas: <strong>vivienda, trabajo, renta b\u00e1sica, sanidad, educaci\u00f3n, libertad de expresi\u00f3n, igualdad, migrantes\u2026<\/strong><\/p>\n\n\n\n<p>La manifestaci\u00f3n ir\u00e1 encabezada por una pancarta con el lema <strong>\u201cPOR UNA VIDA DIGNA: DERECHOS PARA TOD@S\u201d. <\/strong>Luego estar\u00e1 organizada por bloques con las pancartas propias de los colectivos y plataformas (mismo modelo que en a\u00f1os anteriores).<\/p>\n\n\n\n<p>Desde aqu\u00ed hacemos un llamamiento a colectivos, mareas, plataformas,&nbsp; etc. que quieran sumarse a la manifestaci\u00f3n.<\/p>\n\n\n\n<p>Para propuestas y dudas pod\u00e9is dirigiros a:<\/p>\n\n\n\n<p><a href=\"mailto:sevilla@apdha.org\">sevilla@apdha.org<\/a> <\/p>\n\n\n\n<p>\u00a1Os esperamos!<\/p>\n","protected":false},"excerpt":{"rendered":"<p>&#x1f4e2; Manifestaci\u00f3n D\u00eda de los Derechos Humanos &#8220;Por una vida digna: Derechos para tod@s&#8221;&#x1f4c6; Viernes, 10 de diciembre de 2021&#x23f0; 19:00 horas&#x1f4cd; Plaza Nueva hasta las Setas (Sevilla) El pr\u00f3ximo 10 de diciembre, d\u00eda de los DERECHOS HUMANOS, nos manifestaremos en Sevilla bajo el lema \u201cPOR UNA VIDA DIGNA: DERECHOS \u2026<\/p>\n<p> <a class=\"continue-reading-link\" href=\"https:\/\/www.apdha.org\/sevilla\/manifestacion-10-de-diciembre-2021\/\">Seguir Leyendo<i class=\"icon-right-dir\"><\/i><\/a><\/p>\n","protected":false},"author":1,"featured_media":0,"comment_status":"closed","ping_status":"closed","sticky":false,"template":"","format":"standard","meta":{"footnotes":""},"categories":[3],"tags":[247,23,52],"class_list":["post-2064","post","type-post","status-publish","format-standard","hentry","category-actividades","tag-10d","tag-derechos-humanos","tag-manifestacion"],"_links":{"self":[{"href":"https:\/\/www.apdha.org\/sevilla\/wp-json\/wp\/v2\/posts\/2064","targetHints":{"allow":["GET"]}}],"collection":[{"href":"https:\/\/www.apdha.org\/sevilla\/wp-json\/wp\/v2\/posts"}],"about":[{"href":"https:\/\/www.apdha.org\/sevilla\/wp-json\/wp\/v2\/types\/post"}],"author":[{"embeddable":true,"href":"https:\/\/www.apdha.org\/sevilla\/wp-json\/wp\/v2\/users\/1"}],"replies":[{"embeddable":true,"href":"https:\/\/www.apdha.org\/sevilla\/wp-json\/wp\/v2\/comments?post=2064"}],"version-history":[{"count":1,"href":"https:\/\/www.apdha.org\/sevilla\/wp-json\/wp\/v2\/posts\/2064\/revisions"}],"predecessor-version":[{"id":2066,"href":"https:\/\/www.apdha.org\/sevilla\/wp-json\/wp\/v2\/posts\/2064\/revisions\/2066"}],"wp:attachment":[{"href":"https:\/\/www.apdha.org\/sevilla\/wp-json\/wp\/v2\/media?parent=2064"}],"wp:term":[{"taxonomy":"category","embeddable":true,"href":"https:\/\/www.apdha.org\/sevilla\/wp-json\/wp\/v2\/categories?post=2064"},{"taxonomy":"post_tag","embeddable":true,"href":"https:\/\/www.apdha.org\/sevilla\/wp-json\/wp\/v2\/tags?post=2064"}],"curies":[{"name":"wp","href":"https:\/\/api.w.org\/{rel}","templated":true}]}}