{"id":2075,"date":"2021-11-17T15:33:33","date_gmt":"2021-11-17T13:33:33","guid":{"rendered":"https:\/\/www.apdha.org\/sevilla\/?p=2075"},"modified":"2021-11-17T15:33:34","modified_gmt":"2021-11-17T13:33:34","slug":"en-marcha-por-andalucia","status":"publish","type":"post","link":"https:\/\/www.apdha.org\/sevilla\/en-marcha-por-andalucia\/","title":{"rendered":"En marcha por Andaluc\u00eda"},"content":{"rendered":"\n<div class=\"wp-block-image\"><figure class=\"aligncenter size-large is-resized\"><a href=\"https:\/\/www.apdha.org\/sevilla\/wp-content\/uploads\/WhatsApp-Image-2021-11-15-at-20.18.32.jpeg\"><img decoding=\"async\" src=\"https:\/\/www.apdha.org\/sevilla\/wp-content\/uploads\/WhatsApp-Image-2021-11-15-at-20.18.32-724x1024.jpeg\" alt=\"\" class=\"wp-image-2076\" width=\"500\" srcset=\"https:\/\/www.apdha.org\/sevilla\/wp-content\/uploads\/WhatsApp-Image-2021-11-15-at-20.18.32-724x1024.jpeg 724w, https:\/\/www.apdha.org\/sevilla\/wp-content\/uploads\/WhatsApp-Image-2021-11-15-at-20.18.32-212x300.jpeg 212w, https:\/\/www.apdha.org\/sevilla\/wp-content\/uploads\/WhatsApp-Image-2021-11-15-at-20.18.32-768x1086.jpeg 768w, https:\/\/www.apdha.org\/sevilla\/wp-content\/uploads\/WhatsApp-Image-2021-11-15-at-20.18.32-106x150.jpeg 106w, https:\/\/www.apdha.org\/sevilla\/wp-content\/uploads\/WhatsApp-Image-2021-11-15-at-20.18.32.jpeg 905w\" sizes=\"(max-width: 724px) 100vw, 724px\" \/><\/a><\/figure><\/div>\n\n\n\n<p>Nos encontramos en un momento cr\u00edtico de nuestra historia. Durante a\u00f1os hemos ido viendo degradarse las condiciones de vida y de trabajo de las clases populares, mientras una parte muy minoritaria de las clases dirigentes acumula cada vez m\u00e1s recursos a trav\u00e9s de las privatizaciones\u00a0de los servicios p\u00fablicos e incrementa su influencia pol\u00edtica gracias al monopolio de los medios de comunicaci\u00f3n y a la pr\u00e1ctica de las puertas giratorias para recompensar a los pol\u00edticos d\u00f3ciles por los servicios prestados.\u00a0<\/p>\n\n\n\n<p>La situaci\u00f3n ya era dram\u00e1tica a principios de 2020, pero un a\u00f1o y medio de pandemia despu\u00e9s se ha vuelto cr\u00edtica. Las medidas tomadas durante toda la crisis sanitaria, tanto por el gobierno andaluz como por el gobierno central, no han ido en el sentido de las clases populares: ayudas casi inexistentes o que llegan tarde, ninguna prohibici\u00f3n efectiva de los despidos, miles de millones para empresas que ahora convierten los ERTEs en EREs, desahucios que no se han detenido ni en plena pandemia\u201c(crecieron el 253,2% comparadas con el mismo periodo del a\u00f1o anterior), aumento del precio de la luz, ning\u00fan plan de choque para reforzar nuestros servicios p\u00fablicos&#8230; como consecuencia de todas estas circunstancias Andaluc\u00eda lidera el \u00edndice de suicidios.&nbsp;<\/p>\n\n\n\n<p>Esto ha tra\u00eddo como consecuencia la agudizaci\u00f3n de todos los problemas pendientes y una tremenda polarizaci\u00f3n social y pol\u00edtica. Es urgente volver a las calles para reconquistar todos los derechos perdidos. Es necesario verbalizar y visibilizar la gran cantidad de reivindicaciones b\u00e1sicas que siguen pendientes de conseguir.&nbsp;<\/p>\n\n\n\n<p>Y necesitamos, adem\u00e1s, concentrar nuestra lucha para que no se disperse nuestro esfuerzo y se difumine nuestra acci\u00f3n.&nbsp;<\/p>\n\n\n\n<p>Es necesario hacer un frente com\u00fan para luchar:&nbsp;<\/p>\n\n\n\n<ul class=\"wp-block-list\"><li>En defensa de lo p\u00fablico y lo com\u00fan (sanidad, pensiones, educaci\u00f3n, justicia, transporte, servicios sociales\u2026). Fin del principio de &#8220;colaboraci\u00f3n p\u00fablicoprivada&#8221;. Dinero p\u00fablico solo para lo p\u00fablico. En Sanidad, derogaci\u00f3n ley 15\/97 y art.90 Ley General de Sanidad. #fijezaya del personal interino e indefinido no fijo en abuso de temporalidad en todas las administraciones p\u00fablicas, QUIENES EST\u00c1N SE QUEDAN.&nbsp;<\/li><li>No al pago de la deuda ileg\u00edtima. Derogaci\u00f3n del art.135 de la Constituci\u00f3n espa\u00f1ola en su redacci\u00f3n actual. Stop muertes en el tajo.&nbsp;<\/li><li>Contra el paro, la precariedad y los recortes laborales. Derogaci\u00f3n reformas laborales 2010 y 2012. Reparto del empleo, reducci\u00f3n de jornada a 30h semanales sin p\u00e9rdida salarial, edad legal de jubilaci\u00f3n a los 60 a\u00f1os y por el derecho efectivo a la conciliaci\u00f3n laboral y familiar. Salario m\u00ednimo igual a 1.200 euros.&nbsp;<\/li><li>Blindaje de las pensiones en la Constituci\u00f3n. Derogaci\u00f3n reformas 2011 y 2013.&nbsp;<\/li><li>Evaluaci\u00f3n social y econ\u00f3mica para que los cuidados protejan a todas las personas, cuidadas y&nbsp; cuidadoras.&nbsp;<\/li><li>Renta B\u00e1sica. Derecho a una vivienda digna. Garantizar los suministros b\u00e1sicos. Hay que expropiar las viviendas de todos los fondos buitre y de la banca.&nbsp;<\/li><li>En defensa del peque\u00f1o comercio y el comercio ambulante frente a las grandes superficies y multinacionales.&nbsp;<\/li><li>Contra la emergencia clim\u00e1tica, en defensa de la biodiversidad, por el agua p\u00fablica y la vida natural y animal. Dr\u00e1stica reducci\u00f3n de emisiones de CO2. Transici\u00f3n ecol\u00f3gica real, con control social.&nbsp;<\/li><li>Hacia un nuevo modelo productivo y energ\u00e9tico m\u00e1s ecol\u00f3gico y democr\u00e1tico. Impulso a la econom\u00eda social y solidaria y de proximidad. Nacionalizaci\u00f3n energ\u00e9ticas y sectores estrat\u00e9gicos, con control obrero.&nbsp;<\/li><li>Contra la despoblaci\u00f3n del medio rural. Reforma agraria para el acceso al cultivo de la tierra de la poblaci\u00f3n jornalera. Vertebraci\u00f3n del territorio mediante tren p\u00fablico, social y sostenible. Igualdad en el acceso a servicios p\u00fablicos.&nbsp;<\/li><li>Igualdad efectiva entre todas, todos y todes, sin ning\u00fan tipo de discriminaci\u00f3n.&nbsp;<\/li><li>Ning\u00fan ser humano es ilegal. No a la Ley de Extranjer\u00eda.&nbsp;<\/li><li>Oposici\u00f3n frontal al fascismo y combate de su discurso racista y xen\u00f3fobo.&nbsp;<\/li><li>Justicia social. Redistribuci\u00f3n de la renta. Pol\u00edtica fiscal realmente progresiva.&nbsp;<\/li><li>En defensa de las sociedades en paz y por el antimilitarismo. Andaluc\u00eda sin bases e instalaciones militares. Debate p\u00fablico para definir una pol\u00edtica de defensa y seguridad, no militarista.&nbsp;<\/li><li>Fin de la represi\u00f3n contra la libertad de expresi\u00f3n y la protesta social. Derogaci\u00f3n Ley Mordaza y revisi\u00f3n del C\u00f3digo Penal.&nbsp;<\/li><\/ul>\n\n\n\n<p>Por todo todos estos motivos hemos convocado una jornada de lucha descentralizada, en toda Andaluc\u00eda, el pr\u00f3ximo 23 de octubre que debe servir de preparaci\u00f3n para hacer una gran manifestaci\u00f3n andaluza, en Sevilla el 20 de noviembre.\u00a0<\/p>\n\n\n\n<h2 class=\"has-text-align-center has-text-color wp-block-heading\" style=\"color:#5d5e5f\">En la defensa de lo p\u00fablico y lo com\u00fan.<br>Nos vemos en las calles<\/h2>\n\n\n\n<h2 class=\"wp-block-heading\"><\/h2>\n","protected":false},"excerpt":{"rendered":"<p>Nos encontramos en un momento cr\u00edtico de nuestra historia. Durante a\u00f1os hemos ido viendo degradarse las condiciones de vida y de trabajo de las clases populares, mientras una parte muy minoritaria de las clases dirigentes acumula cada vez m\u00e1s recursos a trav\u00e9s de las privatizaciones\u00a0de los servicios p\u00fablicos e incrementa \u2026<\/p>\n<p> <a class=\"continue-reading-link\" href=\"https:\/\/www.apdha.org\/sevilla\/en-marcha-por-andalucia\/\">Seguir Leyendo<i class=\"icon-right-dir\"><\/i><\/a><\/p>\n","protected":false},"author":1,"featured_media":0,"comment_status":"closed","ping_status":"closed","sticky":false,"template":"","format":"standard","meta":{"footnotes":""},"categories":[3],"tags":[249],"class_list":["post-2075","post","type-post","status-publish","format-standard","hentry","category-actividades","tag-en-marcha-por-andalucia"],"_links":{"self":[{"href":"https:\/\/www.apdha.org\/sevilla\/wp-json\/wp\/v2\/posts\/2075","targetHints":{"allow":["GET"]}}],"collection":[{"href":"https:\/\/www.apdha.org\/sevilla\/wp-json\/wp\/v2\/posts"}],"about":[{"href":"https:\/\/www.apdha.org\/sevilla\/wp-json\/wp\/v2\/types\/post"}],"author":[{"embeddable":true,"href":"https:\/\/www.apdha.org\/sevilla\/wp-json\/wp\/v2\/users\/1"}],"replies":[{"embeddable":true,"href":"https:\/\/www.apdha.org\/sevilla\/wp-json\/wp\/v2\/comments?post=2075"}],"version-history":[{"count":2,"href":"https:\/\/www.apdha.org\/sevilla\/wp-json\/wp\/v2\/posts\/2075\/revisions"}],"predecessor-version":[{"id":2078,"href":"https:\/\/www.apdha.org\/sevilla\/wp-json\/wp\/v2\/posts\/2075\/revisions\/2078"}],"wp:attachment":[{"href":"https:\/\/www.apdha.org\/sevilla\/wp-json\/wp\/v2\/media?parent=2075"}],"wp:term":[{"taxonomy":"category","embeddable":true,"href":"https:\/\/www.apdha.org\/sevilla\/wp-json\/wp\/v2\/categories?post=2075"},{"taxonomy":"post_tag","embeddable":true,"href":"https:\/\/www.apdha.org\/sevilla\/wp-json\/wp\/v2\/tags?post=2075"}],"curies":[{"name":"wp","href":"https:\/\/api.w.org\/{rel}","templated":true}]}}