{"id":2089,"date":"2021-12-14T15:51:33","date_gmt":"2021-12-14T13:51:33","guid":{"rendered":"https:\/\/www.apdha.org\/sevilla\/?p=2089"},"modified":"2021-12-14T15:51:34","modified_gmt":"2021-12-14T13:51:34","slug":"condena-actuacion-policial-concentracion-pediatras-amate","status":"publish","type":"post","link":"https:\/\/www.apdha.org\/sevilla\/condena-actuacion-policial-concentracion-pediatras-amate\/","title":{"rendered":"Comunicado: APDHA Sevilla condena la actuaci\u00f3n policial desproporcionada en la concentraci\u00f3n que exig\u00eda m\u00e1s pediatras en Amate"},"content":{"rendered":"\n<p>Sevilla, 14 de diciembre de 2021. La delegaci\u00f3n de Sevilla de la Asociaci\u00f3n Pro Derechos Humanos de Andaluc\u00eda (APDHA) ha condenado hoy &nbsp;la \u201cactuaci\u00f3n injustificada y desmedida\u201d de las fuerzas del orden, que reprimi\u00f3 ayer una concentraci\u00f3n vecinal que reclamaba la contrataci\u00f3n de pediatras en el centro de salud de Amate, dado que este se encuentra sin atenci\u00f3n pedi\u00e1trica, debido a la baja de los tres especialistas del centro.<\/p>\n\n\n\n<figure class=\"wp-block-image size-full\"><a href=\"https:\/\/www.apdha.org\/sevilla\/wp-content\/uploads\/WhatsApp-Image-2021-12-14-at-12.42.05.jpeg\"><img loading=\"lazy\" decoding=\"async\" width=\"560\" height=\"374\" src=\"https:\/\/www.apdha.org\/sevilla\/wp-content\/uploads\/WhatsApp-Image-2021-12-14-at-12.42.05.jpeg\" alt=\"\" class=\"wp-image-2090\" srcset=\"https:\/\/www.apdha.org\/sevilla\/wp-content\/uploads\/WhatsApp-Image-2021-12-14-at-12.42.05.jpeg 560w, https:\/\/www.apdha.org\/sevilla\/wp-content\/uploads\/WhatsApp-Image-2021-12-14-at-12.42.05-300x200.jpeg 300w, https:\/\/www.apdha.org\/sevilla\/wp-content\/uploads\/WhatsApp-Image-2021-12-14-at-12.42.05-150x100.jpeg 150w\" sizes=\"auto, (max-width: 560px) 100vw, 560px\" \/><\/a><\/figure>\n\n\n\n<p>El gran despliegue de agentes y la actuaci\u00f3n de los mismos ante el grupo de vecinos y vecinas, entre los que se encontraban personas de avanzada edad y menores, \u201cmuestran el peor lado represor de las fuerzas del orden\u201d, denuncia la organizaci\u00f3n, ante una concentraci\u00f3n pac\u00edfica de la ciudadan\u00eda que ejerc\u00eda un derecho constitucional por el recorte de servicios y el abandono generalizado que padecen los barrios populares u obreros de nuestra ciudad. Por ello, la delegaci\u00f3n de APDHA demanda que se<strong> depuren responsabilidades entre los mandos policiales<\/strong>.<a><\/a><\/p>\n\n\n\n<p>Ante esta situaci\u00f3n y el hartazgo de las vecinas y vecinos, \u201cel Estado ofrece como \u00faltima alternativa, la represi\u00f3n por parte de los agentes, cuya funci\u00f3n deber\u00eda ser la de proteger a la ciudadan\u00eda\u201d, critica la APDHA.<\/p>\n\n\n\n<p>La asociaci\u00f3n condena \u201cla actuaci\u00f3n desp\u00f3tica y desproporcionada de las fuerzas de seguridad, que se repite de manera alarmante con los sectores m\u00e1s afectados por la crisis\u201d. Esta violencia policial, contin\u00faa la APDHA Sevilla, encuentra su amparo en la <strong>Ley Mordaza<\/strong>, por lo que la organizaci\u00f3n reclama la <strong>derogaci\u00f3n<\/strong> de esta ley, \u201ccuya \u00fanica funci\u00f3n real es la de reprimir el derecho de expresi\u00f3n y manifestaci\u00f3n amedrentando a las personas <strong>que <\/strong>ejercen su leg\u00edtimo derecho a la protesta\u201d.<\/p>\n\n\n\n<p>Por \u00faltimo, la asociaci\u00f3n recuerda que el Estado tiene que garantizar el derecho a la salud de la ciudadan\u00eda, por lo que exige que se realicen <strong>sin m\u00e1s dilaciones las contrataciones o sustituciones necesarias<\/strong> para que restablecer la normalidad en Centro de Salud Amate.<\/p>\n\n\n\n<figure class=\"wp-block-embed is-type-video is-provider-youtube wp-block-embed-youtube wp-embed-aspect-16-9 wp-has-aspect-ratio\"><div class=\"wp-block-embed__wrapper\">\n<iframe loading=\"lazy\" title=\"Actuaci\u00f3n policial desproporcionada en la concentraci\u00f3n que exig\u00eda m\u00e1s pediatras en Amate (Sevilla)\" width=\"900\" height=\"506\" src=\"https:\/\/www.youtube.com\/embed\/Bzt1k_1xuxs?feature=oembed\" frameborder=\"0\" allow=\"accelerometer; autoplay; clipboard-write; encrypted-media; gyroscope; picture-in-picture\" allowfullscreen><\/iframe>\n<\/div><\/figure>\n","protected":false},"excerpt":{"rendered":"<p>Sevilla, 14 de diciembre de 2021. La delegaci\u00f3n de Sevilla de la Asociaci\u00f3n Pro Derechos Humanos de Andaluc\u00eda (APDHA) ha condenado hoy &nbsp;la \u201cactuaci\u00f3n injustificada y desmedida\u201d de las fuerzas del orden, que reprimi\u00f3 ayer una concentraci\u00f3n vecinal que reclamaba la contrataci\u00f3n de pediatras en el centro de salud de \u2026<\/p>\n<p> <a class=\"continue-reading-link\" href=\"https:\/\/www.apdha.org\/sevilla\/condena-actuacion-policial-concentracion-pediatras-amate\/\">Seguir Leyendo<i class=\"icon-right-dir\"><\/i><\/a><\/p>\n","protected":false},"author":1,"featured_media":2090,"comment_status":"closed","ping_status":"closed","sticky":false,"template":"","format":"standard","meta":{"footnotes":""},"categories":[1],"tags":[200,250],"class_list":["post-2089","post","type-post","status-publish","format-standard","has-post-thumbnail","hentry","category-comunicados","tag-sanidad-publica","tag-violencia-policial"],"_links":{"self":[{"href":"https:\/\/www.apdha.org\/sevilla\/wp-json\/wp\/v2\/posts\/2089","targetHints":{"allow":["GET"]}}],"collection":[{"href":"https:\/\/www.apdha.org\/sevilla\/wp-json\/wp\/v2\/posts"}],"about":[{"href":"https:\/\/www.apdha.org\/sevilla\/wp-json\/wp\/v2\/types\/post"}],"author":[{"embeddable":true,"href":"https:\/\/www.apdha.org\/sevilla\/wp-json\/wp\/v2\/users\/1"}],"replies":[{"embeddable":true,"href":"https:\/\/www.apdha.org\/sevilla\/wp-json\/wp\/v2\/comments?post=2089"}],"version-history":[{"count":2,"href":"https:\/\/www.apdha.org\/sevilla\/wp-json\/wp\/v2\/posts\/2089\/revisions"}],"predecessor-version":[{"id":2092,"href":"https:\/\/www.apdha.org\/sevilla\/wp-json\/wp\/v2\/posts\/2089\/revisions\/2092"}],"wp:featuredmedia":[{"embeddable":true,"href":"https:\/\/www.apdha.org\/sevilla\/wp-json\/wp\/v2\/media\/2090"}],"wp:attachment":[{"href":"https:\/\/www.apdha.org\/sevilla\/wp-json\/wp\/v2\/media?parent=2089"}],"wp:term":[{"taxonomy":"category","embeddable":true,"href":"https:\/\/www.apdha.org\/sevilla\/wp-json\/wp\/v2\/categories?post=2089"},{"taxonomy":"post_tag","embeddable":true,"href":"https:\/\/www.apdha.org\/sevilla\/wp-json\/wp\/v2\/tags?post=2089"}],"curies":[{"name":"wp","href":"https:\/\/api.w.org\/{rel}","templated":true}]}}