{"id":2113,"date":"2022-03-03T14:38:29","date_gmt":"2022-03-03T12:38:29","guid":{"rendered":"https:\/\/www.apdha.org\/sevilla\/?p=2113"},"modified":"2022-03-03T14:38:31","modified_gmt":"2022-03-03T12:38:31","slug":"feminismo-proderechos-8-m-2022","status":"publish","type":"post","link":"https:\/\/www.apdha.org\/sevilla\/feminismo-proderechos-8-m-2022\/","title":{"rendered":"Feminismo Proderechos, 8 m: cuerpos marcados y vidas que merecen ser lloradas"},"content":{"rendered":"\n<p>El \u00e1rea de feminismos de la APDHA llama a la conmemoraci\u00f3n de un nuevo 8 M lleno de controversias por las diversidades ideol\u00f3gicas de los movimientos feministas y recuerda y nos recordamos que es una fecha reivindicativa para continuar reclamando la igualdad en derechos de TODAS las mujeres en todos los \u00e1mbitos sociales, pol\u00edticos, econ\u00f3micos y culturales.<\/p>\n\n\n\n<p>Proclamamos unos derechos humanos feministas inclusivos, que promuevan la libertad y denuncien las discriminaciones y l\u00edmites por cuestiones sociales, raciales, religiosas, de g\u00e9nero y sexo o movilidad funcional, y no considera prescindible a ning\u00fan ser humano porque, parafraseando a Judith Butler, todas las vidas merecen ser lloradas.<\/p>\n\n\n\n<p>Nos unimos en la defensa de las mujeres que desarrollan su trabajo en condiciones de precariedad, explotaci\u00f3n y por tanto, injustas, como son muchas de las empleadas de hogar, las kellys, las trabajadoras sexuales, las porteadoras y transfronterizas, las jornaleras, mujeres que son excluidas e invisibilizadas y ni siquiera han sido tenidas en cuenta en la nueva reforma laboral. Mujeres invisibles, ignoradas en muchos casos, que han sido consideradas, algunas de ellas, de servicios esenciales en la situaci\u00f3n de pandemia vivida, como las cuidadoras y que, si se paran, se para el mundo, pero que las pol\u00edticas capitalistas y neoliberales no las considera rentables.<\/p>\n\n\n\n<p>Nos unimos al \u201c\u00a1basta ya! de las violencias sexistas, los malos tratos, el acoso laboral y las pr\u00e1cticas discriminatorias hacia las mujeres migrantes, las mujeres en prisi\u00f3n y hacia las personas trans, homosexuales y travestis que, por su condici\u00f3n de raza, por su libertad penalizada, su orientaci\u00f3n sexual o de g\u00e9nero, van quedando en las cunetas de nuestra sociedad.<\/p>\n\n\n\n<p>Como asociaci\u00f3n, exigimos derechos para todas y todos los d\u00edas<\/p>\n\n\n\n<p>Nos unimos al grito de las trabajadoras sexuales en su derecho a ser escuchadas en sus reivindicaciones, necesidades y razones, rechazando leyes punitivas y criminalizadoras que las estigmatizan y las abocan a la pobreza, al abandono y a normativas que ofrecen trabajos alternativos de rescate, que no cubren sus necesidades vitales. No se les reconoce como sujetos pol\u00edticos y est\u00e1n siendo excluidas en los procesos de participaci\u00f3n en las leyes que les afectan, no son o\u00eddas, otras deciden por ellas, en muchas ocasiones, el feminismo hegem\u00f3nico.<\/p>\n\n\n\n<p>Y proclamamos un 8 M feminista proderechos, presentado un Informe Frontera Sur que tiene como protagonista a la mujer, racializada, discriminada y vulnerada en sus derechos fundamentales, como son las mujeres marroqu\u00edes que migran; las subsaharianas en Marruecos y sus proyectos migratorios femeninos; las madres solteras en Marruecos; las porteadoras en Melilla; las mujeres marroqu\u00edes que trabajan en las f\u00e1bricas textiles; las trabajadoras transfronterizas en Ceuta y Melilla; las temporeras marroqu\u00edes y las mujeres en los CIE, y CATE.<\/p>\n\n\n\n<p>Todas estas vidas de mujeres ser\u00edan \u201ccuerpos marcados\u201d, como dir\u00edan Silvia L\u00f3pez y Lucas Platero en su libro \u201cVidas que cuentan y pol\u00edticas p\u00fablicas\u201d, porque la acci\u00f3n pol\u00edtica e institucionalizada a trav\u00e9s de la ley mordaza, la ley de extranjer\u00eda, la ley del s\u00ed es s\u00ed y un largo etc\u00e9tera de leyes, contin\u00faan marcando las vidas de quienes verdaderamente deben ser reconocidas en todos los \u00e1mbitos y con todos sus derechos.<\/p>\n\n\n\n<p>Desde la APDHA Sevilla apoyamos la Semana de Revuelta Feminista y la manifestaci\u00f3n del 8M a las 18h desde Torre Pelli al Palacio San Telmo. <\/p>\n\n\n\n<figure class=\"wp-block-image size-large\"><a href=\"https:\/\/www.apdha.org\/sevilla\/wp-content\/uploads\/mani8msevilla22.jpeg\"><img loading=\"lazy\" decoding=\"async\" width=\"819\" height=\"1024\" src=\"https:\/\/www.apdha.org\/sevilla\/wp-content\/uploads\/mani8msevilla22-819x1024.jpeg\" alt=\"\" class=\"wp-image-2114\" srcset=\"https:\/\/www.apdha.org\/sevilla\/wp-content\/uploads\/mani8msevilla22-819x1024.jpeg 819w, https:\/\/www.apdha.org\/sevilla\/wp-content\/uploads\/mani8msevilla22-240x300.jpeg 240w, https:\/\/www.apdha.org\/sevilla\/wp-content\/uploads\/mani8msevilla22-768x960.jpeg 768w, https:\/\/www.apdha.org\/sevilla\/wp-content\/uploads\/mani8msevilla22-120x150.jpeg 120w, https:\/\/www.apdha.org\/sevilla\/wp-content\/uploads\/mani8msevilla22.jpeg 1080w\" sizes=\"auto, (max-width: 819px) 100vw, 819px\" \/><\/a><\/figure>\n\n\n\n<figure class=\"wp-block-image size-large\"><a href=\"https:\/\/www.apdha.org\/sevilla\/wp-content\/uploads\/revuelta8msevilla22.jpeg\"><img loading=\"lazy\" decoding=\"async\" width=\"819\" height=\"1024\" src=\"https:\/\/www.apdha.org\/sevilla\/wp-content\/uploads\/revuelta8msevilla22-819x1024.jpeg\" alt=\"\" class=\"wp-image-2115\" srcset=\"https:\/\/www.apdha.org\/sevilla\/wp-content\/uploads\/revuelta8msevilla22-819x1024.jpeg 819w, https:\/\/www.apdha.org\/sevilla\/wp-content\/uploads\/revuelta8msevilla22-240x300.jpeg 240w, https:\/\/www.apdha.org\/sevilla\/wp-content\/uploads\/revuelta8msevilla22-768x960.jpeg 768w, https:\/\/www.apdha.org\/sevilla\/wp-content\/uploads\/revuelta8msevilla22-120x150.jpeg 120w, https:\/\/www.apdha.org\/sevilla\/wp-content\/uploads\/revuelta8msevilla22.jpeg 1080w\" sizes=\"auto, (max-width: 819px) 100vw, 819px\" \/><\/a><\/figure>\n","protected":false},"excerpt":{"rendered":"<p>El \u00e1rea de feminismos de la APDHA llama a la conmemoraci\u00f3n de un nuevo 8 M lleno de controversias por las diversidades ideol\u00f3gicas de los movimientos feministas y recuerda y nos recordamos que es una fecha reivindicativa para continuar reclamando la igualdad en derechos de TODAS las mujeres en todos \u2026<\/p>\n<p> <a class=\"continue-reading-link\" href=\"https:\/\/www.apdha.org\/sevilla\/feminismo-proderechos-8-m-2022\/\">Seguir Leyendo<i class=\"icon-right-dir\"><\/i><\/a><\/p>\n","protected":false},"author":1,"featured_media":2114,"comment_status":"closed","ping_status":"closed","sticky":false,"template":"","format":"standard","meta":{"footnotes":""},"categories":[3,1],"tags":[240,195],"class_list":["post-2113","post","type-post","status-publish","format-standard","has-post-thumbnail","hentry","category-actividades","category-comunicados","tag-8m","tag-feminismos"],"_links":{"self":[{"href":"https:\/\/www.apdha.org\/sevilla\/wp-json\/wp\/v2\/posts\/2113","targetHints":{"allow":["GET"]}}],"collection":[{"href":"https:\/\/www.apdha.org\/sevilla\/wp-json\/wp\/v2\/posts"}],"about":[{"href":"https:\/\/www.apdha.org\/sevilla\/wp-json\/wp\/v2\/types\/post"}],"author":[{"embeddable":true,"href":"https:\/\/www.apdha.org\/sevilla\/wp-json\/wp\/v2\/users\/1"}],"replies":[{"embeddable":true,"href":"https:\/\/www.apdha.org\/sevilla\/wp-json\/wp\/v2\/comments?post=2113"}],"version-history":[{"count":1,"href":"https:\/\/www.apdha.org\/sevilla\/wp-json\/wp\/v2\/posts\/2113\/revisions"}],"predecessor-version":[{"id":2116,"href":"https:\/\/www.apdha.org\/sevilla\/wp-json\/wp\/v2\/posts\/2113\/revisions\/2116"}],"wp:featuredmedia":[{"embeddable":true,"href":"https:\/\/www.apdha.org\/sevilla\/wp-json\/wp\/v2\/media\/2114"}],"wp:attachment":[{"href":"https:\/\/www.apdha.org\/sevilla\/wp-json\/wp\/v2\/media?parent=2113"}],"wp:term":[{"taxonomy":"category","embeddable":true,"href":"https:\/\/www.apdha.org\/sevilla\/wp-json\/wp\/v2\/categories?post=2113"},{"taxonomy":"post_tag","embeddable":true,"href":"https:\/\/www.apdha.org\/sevilla\/wp-json\/wp\/v2\/tags?post=2113"}],"curies":[{"name":"wp","href":"https:\/\/api.w.org\/{rel}","templated":true}]}}