{"id":2118,"date":"2022-03-24T00:32:51","date_gmt":"2022-03-23T22:32:51","guid":{"rendered":"https:\/\/www.apdha.org\/sevilla\/?p=2118"},"modified":"2022-03-24T00:32:53","modified_gmt":"2022-03-23T22:32:53","slug":"menos-propaganda-y-mas-empatia-con-todas-las-personas-refugiadas","status":"publish","type":"post","link":"https:\/\/www.apdha.org\/sevilla\/menos-propaganda-y-mas-empatia-con-todas-las-personas-refugiadas\/","title":{"rendered":"Menos propaganda y m\u00e1s empat\u00eda con todas las personas refugiadas"},"content":{"rendered":"\n<figure class=\"wp-block-image size-full\"><a href=\"https:\/\/www.apdha.org\/sevilla\/wp-content\/uploads\/No-va-colar.jpeg\"><img loading=\"lazy\" decoding=\"async\" width=\"720\" height=\"815\" src=\"https:\/\/www.apdha.org\/sevilla\/wp-content\/uploads\/No-va-colar.jpeg\" alt=\"\" class=\"wp-image-2119\" srcset=\"https:\/\/www.apdha.org\/sevilla\/wp-content\/uploads\/No-va-colar.jpeg 720w, https:\/\/www.apdha.org\/sevilla\/wp-content\/uploads\/No-va-colar-265x300.jpeg 265w, https:\/\/www.apdha.org\/sevilla\/wp-content\/uploads\/No-va-colar-133x150.jpeg 133w\" sizes=\"auto, (max-width: 720px) 100vw, 720px\" \/><\/a><\/figure>\n\n\n\n<p class=\"has-text-align-left\">Llama poderosamente la atenci\u00f3n que gobiernos, partidos pol\u00edticos, empresas y poblaci\u00f3n en general se vuelquen calurosamente en la ayuda a las personas refugiadas de Ucrania.&nbsp; Y llama la atenci\u00f3n porque, desgraciadamente, &nbsp;no es la forma normal de actuar: basta ver las muertes evitables en el Mediterr\u00e1neo, el trato que reciben en las fronteras de Ceuta y Melilla quienes huyen de las guerras y el hambre en \u00c1frica.&nbsp; Por eso cabe preguntarse<strong>, &nbsp;\u00bfpor qu\u00e9 solo se recibe con los brazos abiertos a las personas que huyen de Ucrania?<\/strong>, \u00bfpor ser blancas y europeas?, \u00bfel color de la piel y el pa\u00eds de procedencia puede condicionar el derecho al asilo?, \u00bfno vale lo mismo una vida ucraniana que una espa\u00f1ola o una subsahariana?&nbsp;<\/p>\n\n\n\n<p class=\"has-text-align-left\">Actualmente siguen existiendo muchas guerras y conflictos armados en el mundo. Algunas&nbsp; duran ya d\u00e9cadas ante las cuales la UE sigue cerrando los ojos y mirando para otro lado para no molestar a la OTAN y a los EE.UU. porque est\u00e1n interviniendo directa o indirectamente en ellas: Palestina, S\u00e1hara, Yemen, Kurdist\u00e1n, Sahel, Libia, Congo, Eritrea-Somalia, etc. &nbsp;<strong>Indigna ver que hay personas refugiadas y muertas de primera y otras de segunda.<\/strong><\/p>\n\n\n\n<p class=\"has-text-align-left\">\u00a1Basta de hipocres\u00eda! Basta de vendernos las bondades de la OTAN y el capitalismo para aumentar los gastos militares, el negocio de la guerra y sus beneficios a costa de nuestros presupuestos en servicios p\u00fablicos que afectar\u00e1, como siempre, a quienes menos tienen y m\u00e1s lo necesitan.<\/p>\n\n\n\n<p class=\"has-text-align-left\">Si se cuestiona el env\u00edo de armamento a Ucrania, que producir\u00e1 inevitablemente m\u00e1s muerte y destrucci\u00f3n, &nbsp;somos malos ciudadanos y malas personas. Se trata de hacer un an\u00e1lisis cr\u00edtico de los conflictos b\u00e9licos y la respuesta que los diferentes estados dan a estas guerras inhumanas. La respuesta humanitaria a las personas inocentes que sufren las consecuencias de las guerras depende de intereses geoestrat\u00e9gicos y pol\u00edticos, el valor de la vida va en funci\u00f3n de esos intereses.<\/p>\n\n\n\n<p class=\"has-text-align-left\"><strong>Defendemos el Derecho a la vida, sea cual sea la procedencia y color de la piel porque las consecuencias son las mismas para todas las personas que huyen de la guerra<\/strong>: el hambre, la falta de derechos, los conflictos de todo tipo, etc. Entendemos que <strong>la respuesta implementada &nbsp;para acoger a menores y familias ucranianas, de la que nos alegramos enormemente, debe ser igual que la que demos para todas las personas y que sirva de ejemplo para la atenci\u00f3n e intervenci\u00f3n en nuestras fronteras<\/strong>.<\/p>\n\n\n\n<p class=\"has-text-align-left\"><a><\/a>Ser\u00eda necesario no olvidar que los menores son menores y no MENAS, &nbsp;que la acogida debe ser con abrazos abiertos y con empat\u00eda, no con pelotas de goma o a palos, que debemos recoger en el camino y no abandonar en mares y oc\u00e9anos a quienes buscan refugio, que la solicitud de asilo debe ser inmediata y que &nbsp;es contraria a los Derechos Humanos &nbsp;la pol\u00edtica de devoluciones en caliente. &nbsp;<\/p>\n\n\n\n<p class=\"has-text-align-left\">Los medios de comunicaci\u00f3n se autocensuran y promueven el refuerzo militar. Hay un mensaje \u00fanico en los medios de comunicaci\u00f3n con el consiguiente recorte de derechos y libertades para quien discrepa: bloqueo de apariciones en televisi\u00f3n, de emisiones, de publicaciones y art\u00edculos, de cuentas de redes sociales, etc. La propaganda se abre paso a nuestro alrededor y con la propaganda y el lenguaje belicista&nbsp; no se puede valorar y encontrar soluciones inteligentes y pac\u00edficas a conflictos. <strong>El derecho a la informaci\u00f3n, que se deriva del derecho a la libertad de expresi\u00f3n recogido en el art\u00edculo 19 de la DUDH, queda en suspenso y es vilipendiado.&nbsp; El pacifismo,<\/strong> que era un valor asentado para muchas personas<strong>, se criminaliza<\/strong>, se desprestigia como si fuera la ideolog\u00eda de cuatro personas irresponsables e insensatas.&nbsp;<\/p>\n\n\n\n<p class=\"has-text-align-left\">Pero somos muchas personas, al igual que antes, quienes seguimos diciendo: no a la guerra, no a la OTAN, no a la invasi\u00f3n de Ucrania por el imperialismo de Putin.&nbsp; <strong>Somos muchas las personas que seguimos dando la bienvenida a todas las personas refugiadas, a todas<\/strong>.<\/p>\n\n\n\n<p class=\"has-text-align-left\">Macarena Olid, \u00d3scar Mitillo, Pablo Mar\u00eda Fern\u00e1ndez (Activistas de APDHA-Sevilla)<\/p>\n","protected":false},"excerpt":{"rendered":"<p>Llama poderosamente la atenci\u00f3n que gobiernos, partidos pol\u00edticos, empresas y poblaci\u00f3n en general se vuelquen calurosamente en la ayuda a las personas refugiadas de Ucrania.&nbsp; Y llama la atenci\u00f3n porque, desgraciadamente, &nbsp;no es la forma normal de actuar: basta ver las muertes evitables en el Mediterr\u00e1neo, el trato que reciben \u2026<\/p>\n<p> <a class=\"continue-reading-link\" href=\"https:\/\/www.apdha.org\/sevilla\/menos-propaganda-y-mas-empatia-con-todas-las-personas-refugiadas\/\">Seguir Leyendo<i class=\"icon-right-dir\"><\/i><\/a><\/p>\n","protected":false},"author":1,"featured_media":2119,"comment_status":"closed","ping_status":"closed","sticky":false,"template":"","format":"standard","meta":{"footnotes":""},"categories":[1],"tags":[],"class_list":["post-2118","post","type-post","status-publish","format-standard","has-post-thumbnail","hentry","category-comunicados"],"_links":{"self":[{"href":"https:\/\/www.apdha.org\/sevilla\/wp-json\/wp\/v2\/posts\/2118","targetHints":{"allow":["GET"]}}],"collection":[{"href":"https:\/\/www.apdha.org\/sevilla\/wp-json\/wp\/v2\/posts"}],"about":[{"href":"https:\/\/www.apdha.org\/sevilla\/wp-json\/wp\/v2\/types\/post"}],"author":[{"embeddable":true,"href":"https:\/\/www.apdha.org\/sevilla\/wp-json\/wp\/v2\/users\/1"}],"replies":[{"embeddable":true,"href":"https:\/\/www.apdha.org\/sevilla\/wp-json\/wp\/v2\/comments?post=2118"}],"version-history":[{"count":2,"href":"https:\/\/www.apdha.org\/sevilla\/wp-json\/wp\/v2\/posts\/2118\/revisions"}],"predecessor-version":[{"id":2121,"href":"https:\/\/www.apdha.org\/sevilla\/wp-json\/wp\/v2\/posts\/2118\/revisions\/2121"}],"wp:featuredmedia":[{"embeddable":true,"href":"https:\/\/www.apdha.org\/sevilla\/wp-json\/wp\/v2\/media\/2119"}],"wp:attachment":[{"href":"https:\/\/www.apdha.org\/sevilla\/wp-json\/wp\/v2\/media?parent=2118"}],"wp:term":[{"taxonomy":"category","embeddable":true,"href":"https:\/\/www.apdha.org\/sevilla\/wp-json\/wp\/v2\/categories?post=2118"},{"taxonomy":"post_tag","embeddable":true,"href":"https:\/\/www.apdha.org\/sevilla\/wp-json\/wp\/v2\/tags?post=2118"}],"curies":[{"name":"wp","href":"https:\/\/api.w.org\/{rel}","templated":true}]}}