{"id":2123,"date":"2022-03-25T12:26:08","date_gmt":"2022-03-25T10:26:08","guid":{"rendered":"https:\/\/www.apdha.org\/sevilla\/?p=2123"},"modified":"2022-03-25T12:26:09","modified_gmt":"2022-03-25T10:26:09","slug":"exige-jose-luis-sanz-rectifique-declaraciones-contra-personas-sin-hogar","status":"publish","type":"post","link":"https:\/\/www.apdha.org\/sevilla\/exige-jose-luis-sanz-rectifique-declaraciones-contra-personas-sin-hogar\/","title":{"rendered":"Comunicado: APDHA Sevilla exige a Jos\u00e9 Luis Sanz que rectifique sus declaraciones contra la dignidad de las personas sin hogar"},"content":{"rendered":"\n<ul class=\"wp-block-list\"><li><strong>Llamamos a los distintos grupos municipales a comprometerse en soluciones reales para las PSH y que en ning\u00fan caso opten por estigmatizar a las personas m\u00e1s vulnerables de nuestra ciudad<\/strong><\/li><li><strong>Nunca puede ser m\u00e1s importante el &#8220;adecentamiento y respeto a los espacios p\u00fablicos&#8221; que el derecho humano a una vida digna<\/strong><\/li><\/ul>\n\n\n\n<p><em>Sevilla, 25\/03\/2022-<\/em> Desde la Asociaci\u00f3n Pro Derecho Humanos de Andaluc\u00eda (APDHA) nos preocupan sobremanera las declaraciones a los medios de comunicaci\u00f3n del candidato del Partido Popular (PP) a la alcald\u00eda de Sevilla, Jos\u00e9 Luis Sanz, sobre las personas sin hogar (PSH) que malviven en las calles de nuestra ciudad. Creemos que est\u00e1n en consonancia con \u201cla l\u00ednea inadmisible e inhumana del \u00faltimo alcalde del PP en Sevilla, Jos\u00e9 Ignacio Zoido, que intent\u00f3, a trav\u00e9s de las ordenanzas municipales, criminalizar y estigmatizar a las personas que viven en la mayor exclusi\u00f3n\u201d.<\/p>\n\n\n\n<figure class=\"wp-block-image size-large is-resized\"><a href=\"https:\/\/www.apdha.org\/sevilla\/wp-content\/uploads\/WhatsApp-Image-2022-03-25-at-08.07.51.jpeg\"><img decoding=\"async\" src=\"https:\/\/www.apdha.org\/sevilla\/wp-content\/uploads\/WhatsApp-Image-2022-03-25-at-08.07.51-1024x768.jpeg\" alt=\"\" class=\"wp-image-2124\" width=\"500\" srcset=\"https:\/\/www.apdha.org\/sevilla\/wp-content\/uploads\/WhatsApp-Image-2022-03-25-at-08.07.51-1024x768.jpeg 1024w, https:\/\/www.apdha.org\/sevilla\/wp-content\/uploads\/WhatsApp-Image-2022-03-25-at-08.07.51-300x225.jpeg 300w, https:\/\/www.apdha.org\/sevilla\/wp-content\/uploads\/WhatsApp-Image-2022-03-25-at-08.07.51-768x576.jpeg 768w, https:\/\/www.apdha.org\/sevilla\/wp-content\/uploads\/WhatsApp-Image-2022-03-25-at-08.07.51-1536x1152.jpeg 1536w, https:\/\/www.apdha.org\/sevilla\/wp-content\/uploads\/WhatsApp-Image-2022-03-25-at-08.07.51-150x113.jpeg 150w, https:\/\/www.apdha.org\/sevilla\/wp-content\/uploads\/WhatsApp-Image-2022-03-25-at-08.07.51.jpeg 1600w\" sizes=\"(max-width: 1024px) 100vw, 1024px\" \/><\/a><\/figure>\n\n\n\n<p>Consideramos inadmisibles las <a href=\"https:\/\/sevilla.abc.es\/sevilla\/sevi-pp-propone-prohibir-ordenanza-indigentes-duerman-espacios-publicos-202203231403_noticia.html#ancla_comentarios\">declaraciones<\/a> de Sanz de que &nbsp;\u201cSevilla no puede ser una ciudad atractiva para las personas sin hogar, es necesario que se tomen medidas para evitar el efecto llamada, para que los vecinos puedan vivir tranquilos en sus casas y salir a pasear sin miedo, as\u00ed como que las personas sin hogar puedan ser atendidas sin necesidad de estar en la calle\u201d. Entendemos que estas declaraciones fomentan la aporofobia. Sevilla tiene que ser atractiva para todas las personas, tambi\u00e9n para las personas sin hogar. Compartimos que las personas sin hogar puedan ser atendidas sin necesidad de estar en la calle, pero para eso \u201cse necesitan recursos y voluntad pol\u00edtica, no declaraciones fr\u00edvolas e incendiarias\u201d. Le pedimos que estudie, yendo a las causas, la complejidad del sinhogarismo. Que tenga presente los motivos por los cuales mucha gente termina viviendo en las calles. Que comprenda que buscarse la vida es un derecho humano y que no olvide que las personas que vive en la calle tambi\u00e9n son ciudadanas de pleno derecho, como quienes viven en el Arenal, Macarena, Los Remedios o Pol\u00edgono Sur.<\/p>\n\n\n\n<p>Un candidato a alcalde deber\u00eda saber que la base de la convivencia social no est\u00e1 en perseguir a quienes menos tienen, sino en que prevalezca la justicia social (acceso a la vivienda digna, ingresos m\u00ednimos garantizados, m\u00e1s espacios de acogida, etc.).<\/p>\n\n\n\n<p>Desde APDHA entendemos el justo reclamo vecinal, pero creemos que cuando un pol\u00edtico lo antepone al derecho a una vida digna de los &#8220;sin techo&#8221;, es repudiable. Nos preocupa la falta de respeto y empat\u00eda con quienes sufren duras condiciones de existencia, entre las que vivir a la intemperie es solo la cuesti\u00f3n m\u00e1s evidente. Nos indigna que se trate a las personas sin hogar como si fuesen un deshecho que hay que retirar, un trasto viejo a eliminar de la vista de la &#8220;gente normal&#8221;.<\/p>\n\n\n\n<p>Desde APDHA llevamos a\u00f1os demandando que las administraciones p\u00fablicas pongan en marcha albergues p\u00fablicos descentralizados, distribuidos por todos los barrios de nuestra ciudad, no masificados, con personal cualificado, instalaciones y condiciones de estancia acordes para las singularidades del sinhogarismo. &nbsp;<\/p>\n\n\n\n<p>Hacemos un llamamiento a los distintos grupos municipales a que se comprometan en soluciones reales para las personas sin hogar y que en ning\u00fan caso opten por estigmatizar a las personas m\u00e1s vulnerables de nuestra ciudad, pues nunca puede ser m\u00e1s importante el adecentamiento y respeto a los espacios p\u00fablicos que el derecho humano a una vida digna.<\/p>\n\n\n\n<p>Exigimos declaraciones responsables y no incendiarias de las personas que se dedican a la pol\u00edtica y que deben atender a las necesidades de todas las personas, especialmente de las m\u00e1s vulnerables. Entre otras cuestiones, recursos suficientes para que nadie tenga que dormir en la calle, porque la calle no es un hogar y el derecho a la vivienda es un derecho humano.<\/p>\n","protected":false},"excerpt":{"rendered":"<p>Llamamos a los distintos grupos municipales a comprometerse en soluciones reales para las PSH y que en ning\u00fan caso opten por estigmatizar a las personas m\u00e1s vulnerables de nuestra ciudad Nunca puede ser m\u00e1s importante el &#8220;adecentamiento y respeto a los espacios p\u00fablicos&#8221; que el derecho humano a una vida \u2026<\/p>\n<p> <a class=\"continue-reading-link\" href=\"https:\/\/www.apdha.org\/sevilla\/exige-jose-luis-sanz-rectifique-declaraciones-contra-personas-sin-hogar\/\">Seguir Leyendo<i class=\"icon-right-dir\"><\/i><\/a><\/p>\n","protected":false},"author":1,"featured_media":2124,"comment_status":"closed","ping_status":"closed","sticky":false,"template":"","format":"standard","meta":{"footnotes":""},"categories":[1],"tags":[15,16],"class_list":["post-2123","post","type-post","status-publish","format-standard","has-post-thumbnail","hentry","category-comunicados","tag-marginacion","tag-personas-sin-hogar"],"_links":{"self":[{"href":"https:\/\/www.apdha.org\/sevilla\/wp-json\/wp\/v2\/posts\/2123","targetHints":{"allow":["GET"]}}],"collection":[{"href":"https:\/\/www.apdha.org\/sevilla\/wp-json\/wp\/v2\/posts"}],"about":[{"href":"https:\/\/www.apdha.org\/sevilla\/wp-json\/wp\/v2\/types\/post"}],"author":[{"embeddable":true,"href":"https:\/\/www.apdha.org\/sevilla\/wp-json\/wp\/v2\/users\/1"}],"replies":[{"embeddable":true,"href":"https:\/\/www.apdha.org\/sevilla\/wp-json\/wp\/v2\/comments?post=2123"}],"version-history":[{"count":1,"href":"https:\/\/www.apdha.org\/sevilla\/wp-json\/wp\/v2\/posts\/2123\/revisions"}],"predecessor-version":[{"id":2125,"href":"https:\/\/www.apdha.org\/sevilla\/wp-json\/wp\/v2\/posts\/2123\/revisions\/2125"}],"wp:featuredmedia":[{"embeddable":true,"href":"https:\/\/www.apdha.org\/sevilla\/wp-json\/wp\/v2\/media\/2124"}],"wp:attachment":[{"href":"https:\/\/www.apdha.org\/sevilla\/wp-json\/wp\/v2\/media?parent=2123"}],"wp:term":[{"taxonomy":"category","embeddable":true,"href":"https:\/\/www.apdha.org\/sevilla\/wp-json\/wp\/v2\/categories?post=2123"},{"taxonomy":"post_tag","embeddable":true,"href":"https:\/\/www.apdha.org\/sevilla\/wp-json\/wp\/v2\/tags?post=2123"}],"curies":[{"name":"wp","href":"https:\/\/api.w.org\/{rel}","templated":true}]}}